{"id":5803,"date":"2024-04-10T06:50:58","date_gmt":"2024-04-10T06:50:58","guid":{"rendered":"https:\/\/marcali.plebania.hu\/?p=5803"},"modified":"2024-04-10T06:50:58","modified_gmt":"2024-04-10T06:50:58","slug":"a-bekeert-imadkoztunk","status":"publish","type":"post","link":"https:\/\/marcali.plebania.hu\/?p=5803","title":{"rendered":"A b\u00e9k\u00e9\u00e9rt im\u00e1dkoztunk"},"content":{"rendered":"\n<p>2024. \u00e1prilis 8-dik\u00e1n csatlakozva a Kereszt\u00e9ny \u00c9rtelmis\u00e9giek Sz\u00f6vets\u00e9g\u00e9nek felh\u00edv\u00e1s\u00e1hoz, templomunkban, a Marcali Gy\u00fcm\u00f6lcsolt\u00f3 Boldogasszony Pl\u00e9b\u00e1nia b\u00facs\u00fanapj\u00e1n, k\u00fcl\u00f6n\u00f6sen is nagy tisztelettel im\u00e1dkoztunk a b\u00e9k\u00e9\u00e9rt.<\/p>\n\n\n\n<figure class=\"wp-block-image size-large\"><img loading=\"lazy\" decoding=\"async\" width=\"1024\" height=\"768\" src=\"https:\/\/marcali.plebania.hu\/wp-content\/uploads\/2024\/04\/20240408_174308-1024x768.jpg\" alt=\"\" class=\"wp-image-5804\" srcset=\"https:\/\/marcali.plebania.hu\/wp-content\/uploads\/2024\/04\/20240408_174308-1024x768.jpg 1024w, https:\/\/marcali.plebania.hu\/wp-content\/uploads\/2024\/04\/20240408_174308-300x225.jpg 300w, https:\/\/marcali.plebania.hu\/wp-content\/uploads\/2024\/04\/20240408_174308-768x576.jpg 768w, https:\/\/marcali.plebania.hu\/wp-content\/uploads\/2024\/04\/20240408_174308-1536x1152.jpg 1536w, https:\/\/marcali.plebania.hu\/wp-content\/uploads\/2024\/04\/20240408_174308-2048x1536.jpg 2048w, https:\/\/marcali.plebania.hu\/wp-content\/uploads\/2024\/04\/20240408_174308-360x270.jpg 360w\" sizes=\"auto, (max-width: 1024px) 100vw, 1024px\" \/><\/figure>\n\n\n\n<p>A K\u00c9SZ tagjai mellett vel\u00fcnk voltak egyh\u00e1zk\u00f6zs\u00e9g\u00fcnk \u00e9s az imak\u00f6r\u00f6k lelki vezet\u0151nk, Tomanek Ferenc \u00c1ron atya, s l\u00e9lekben azok a h\u00edvek, R\u00f3zsaf\u00fcz\u00e9r t\u00e1rsulatunk tagjai, akik otthonukban mondt\u00e1k vel\u00fcnk, 17 \u00e9s 18 \u00f3ra k\u00f6z\u00f6tt a k\u00f6z\u00e9pkori im\u00e1ds\u00e1got: \u201e\u00dcdv\u00f6zl\u00e9gy M\u00e1ria, kegyelemmel teljes, \u00e1ldott vagy te az asszonyok k\u00f6z\u00f6tt \u00e9s \u00e1ldott a te m\u00e9hednek gy\u00fcm\u00f6lcse J\u00e9zus\u2026\u201d.<\/p>\n\n\n\n<p>K\u00f6sz\u00f6nj\u00fck sz\u00e9pen a megjelenteknek, ezt meghitts\u00e9ggel, \u00e1h\u00edtattal teli \u00f3r\u00e1t, melyben elhangzott az \u00dar angyala im\u00e1ds\u00e1g, s felcsend\u00fclt a B\u00e9ke fejedelme n\u00e9p\u00e9nek p\u00e1r sora:<\/p>\n\n\n\n<p>\u201eSz\u0171z M\u00e1ria Sz\u00edve, b\u00e9ke p\u00e9ldak\u00e9pe,\u2026k\u00f6zbenj\u00e1r\u00f3nk l\u00e9gy te!&#8230; Sz\u00fcntesd meg a vil\u00e1g h\u00e1borg\u00f3 tenger\u00e9t\u2026 B\u00e9k\u00e9t adj sz\u00edv\u00fcnknek, b\u00e9k\u00e9t csal\u00e1dunknak, b\u00e9k\u00e9t nemzet\u00fcnknek, b\u00e9k\u00e9t a vil\u00e1gnak!\u201d<\/p>\n\n\n\n<p>V\u00e9gezet\u00fcl el\u00e9nekelt\u00fck a Boldogasszony Any\u00e1nk (1774), r\u00e9gi magyar himnusz n\u00e9h\u00e1ny versszak\u00e1t.<\/p>\n\n\n\n<p>\u00cdrta: G\u00e1ln\u00e9 V\u00e9gh Edit<\/p>\n\n\n\n<p>Fot\u00f3: Kiss K\u00e1lm\u00e1n<\/p>\n","protected":false},"excerpt":{"rendered":"<p>2024. \u00e1prilis 8-dik\u00e1n csatlakozva a Kereszt\u00e9ny \u00c9rtelmis\u00e9giek Sz\u00f6vets\u00e9g\u00e9nek felh\u00edv\u00e1s\u00e1hoz, templomunkban, a Marcali Gy\u00fcm\u00f6lcsolt\u00f3 Boldogasszony Pl\u00e9b\u00e1nia b\u00facs\u00fanapj\u00e1n, k\u00fcl\u00f6n\u00f6sen is nagy tisztelettel im\u00e1dkoztunk a b\u00e9k\u00e9\u00e9rt. A K\u00c9SZ tagjai mellett vel\u00fcnk voltak egyh\u00e1zk\u00f6zs\u00e9g\u00fcnk \u00e9s az imak\u00f6r\u00f6k lelki vezet\u0151nk, Tomanek Ferenc \u00c1ron atya, s l\u00e9lekben azok a h\u00edvek, R\u00f3zsaf\u00fcz\u00e9r t\u00e1rsulatunk tagjai, akik otthonukban mondt\u00e1k vel\u00fcnk, 17 \u00e9s 18 \u00f3ra k\u00f6z\u00f6tt a k\u00f6z\u00e9pkori im\u00e1ds\u00e1got: \u201e\u00dcdv\u00f6zl\u00e9gy M\u00e1ria, kegyelemmel teljes, \u00e1ldott vagy te az asszonyok k\u00f6z\u00f6tt \u00e9s \u00e1ldott a te m\u00e9hednek gy\u00fcm\u00f6lcse J\u00e9zus\u2026\u201d. K\u00f6sz\u00f6nj\u00fck sz\u00e9pen a megjelenteknek,&#8230;<\/p>\n<p class=\"read-more\"><a class=\"btn btn-default\" href=\"https:\/\/marcali.plebania.hu\/?p=5803\"> Read More<span class=\"screen-reader-text\">  Read More<\/span><\/a><\/p>\n","protected":false},"author":2,"featured_media":0,"comment_status":"closed","ping_status":"open","sticky":false,"template":"","format":"standard","meta":{"footnotes":""},"categories":[1],"tags":[],"class_list":["post-5803","post","type-post","status-publish","format-standard","hentry","category-egyeb"],"_links":{"self":[{"href":"https:\/\/marcali.plebania.hu\/index.php?rest_route=\/wp\/v2\/posts\/5803","targetHints":{"allow":["GET"]}}],"collection":[{"href":"https:\/\/marcali.plebania.hu\/index.php?rest_route=\/wp\/v2\/posts"}],"about":[{"href":"https:\/\/marcali.plebania.hu\/index.php?rest_route=\/wp\/v2\/types\/post"}],"author":[{"embeddable":true,"href":"https:\/\/marcali.plebania.hu\/index.php?rest_route=\/wp\/v2\/users\/2"}],"replies":[{"embeddable":true,"href":"https:\/\/marcali.plebania.hu\/index.php?rest_route=%2Fwp%2Fv2%2Fcomments&post=5803"}],"version-history":[{"count":1,"href":"https:\/\/marcali.plebania.hu\/index.php?rest_route=\/wp\/v2\/posts\/5803\/revisions"}],"predecessor-version":[{"id":5805,"href":"https:\/\/marcali.plebania.hu\/index.php?rest_route=\/wp\/v2\/posts\/5803\/revisions\/5805"}],"wp:attachment":[{"href":"https:\/\/marcali.plebania.hu\/index.php?rest_route=%2Fwp%2Fv2%2Fmedia&parent=5803"}],"wp:term":[{"taxonomy":"category","embeddable":true,"href":"https:\/\/marcali.plebania.hu\/index.php?rest_route=%2Fwp%2Fv2%2Fcategories&post=5803"},{"taxonomy":"post_tag","embeddable":true,"href":"https:\/\/marcali.plebania.hu\/index.php?rest_route=%2Fwp%2Fv2%2Ftags&post=5803"}],"curies":[{"name":"wp","href":"https:\/\/api.w.org\/{rel}","templated":true}]}}