{"id":5806,"date":"2024-04-10T07:00:05","date_gmt":"2024-04-10T07:00:05","guid":{"rendered":"https:\/\/marcali.plebania.hu\/?p=5806"},"modified":"2024-04-10T07:00:05","modified_gmt":"2024-04-10T07:00:05","slug":"a-marcali-karitasz-csoport-is-kapott-tamogatast-a-2024-evi-jotekonysagi-polgari-bal-bevetelebol","status":"publish","type":"post","link":"https:\/\/marcali.plebania.hu\/?p=5806","title":{"rendered":"A Marcali Karit\u00e1sz Csoport is kapott t\u00e1mogat\u00e1st a 2024. \u00e9vi j\u00f3t\u00e9konys\u00e1gi Polg\u00e1ri B\u00e1l bev\u00e9tel\u00e9b\u0151l"},"content":{"rendered":"\n<p>2024. \u00e1prilis 9-\u00e9n, kedden este 17 \u00f3rakor a Marcali \u00e9s K\u00f6rny\u00e9ke Hagyom\u00e1ny\u0151rz\u0151 Ipartest\u00fclet sz\u00e9kh\u00e1z\u00e1ban adt\u00e1k \u00e1t az idei j\u00f3t\u00e9konys\u00e1gi Polg\u00e1ri B\u00e1l bev\u00e9tel\u00e9t.<\/p>\n\n\n\n<p>Az egyes\u00fclet k\u00e9pviselet\u00e9ben Szaka Zsolt eln\u00f6k, dr. Pozsonyi M\u00e1rk \u00e9s \u00d3dor Barbara \u00f6r\u00f6mmel adt\u00e1k \u00e1t n\u00e9gy civil szervezetnek az egyenk\u00e9nt 500.000-500.000- Ft-os adom\u00e1nyt, melyet a 2024. m\u00e1rcius 23-\u00e1n megrendezett est\u00e9ly bev\u00e9tel\u00e9b\u0151l gy\u0171lt \u00f6ssze.<\/p>\n\n\n\n<figure class=\"wp-block-gallery has-nested-images columns-default is-cropped wp-block-gallery-1 is-layout-flex wp-block-gallery-is-layout-flex\">\n<figure class=\"wp-block-image size-large\"><img loading=\"lazy\" decoding=\"async\" width=\"1024\" height=\"683\" data-id=\"5810\" src=\"https:\/\/marcali.plebania.hu\/wp-content\/uploads\/2024\/04\/17-2-1024x683.jpg\" alt=\"\" class=\"wp-image-5810\" srcset=\"https:\/\/marcali.plebania.hu\/wp-content\/uploads\/2024\/04\/17-2-1024x683.jpg 1024w, https:\/\/marcali.plebania.hu\/wp-content\/uploads\/2024\/04\/17-2-300x200.jpg 300w, https:\/\/marcali.plebania.hu\/wp-content\/uploads\/2024\/04\/17-2-768x512.jpg 768w, https:\/\/marcali.plebania.hu\/wp-content\/uploads\/2024\/04\/17-2-1536x1024.jpg 1536w, https:\/\/marcali.plebania.hu\/wp-content\/uploads\/2024\/04\/17-2-2048x1365.jpg 2048w, https:\/\/marcali.plebania.hu\/wp-content\/uploads\/2024\/04\/17-2-405x270.jpg 405w\" sizes=\"auto, (max-width: 1024px) 100vw, 1024px\" \/><\/figure>\n\n\n\n<figure class=\"wp-block-image size-large\"><img loading=\"lazy\" decoding=\"async\" width=\"1024\" height=\"683\" data-id=\"5813\" src=\"https:\/\/marcali.plebania.hu\/wp-content\/uploads\/2024\/04\/18-1-1024x683.jpg\" alt=\"\" class=\"wp-image-5813\" srcset=\"https:\/\/marcali.plebania.hu\/wp-content\/uploads\/2024\/04\/18-1-1024x683.jpg 1024w, https:\/\/marcali.plebania.hu\/wp-content\/uploads\/2024\/04\/18-1-300x200.jpg 300w, https:\/\/marcali.plebania.hu\/wp-content\/uploads\/2024\/04\/18-1-768x512.jpg 768w, https:\/\/marcali.plebania.hu\/wp-content\/uploads\/2024\/04\/18-1-1536x1024.jpg 1536w, https:\/\/marcali.plebania.hu\/wp-content\/uploads\/2024\/04\/18-1-2048x1365.jpg 2048w, https:\/\/marcali.plebania.hu\/wp-content\/uploads\/2024\/04\/18-1-405x270.jpg 405w\" sizes=\"auto, (max-width: 1024px) 100vw, 1024px\" \/><\/figure>\n\n\n\n<figure class=\"wp-block-image size-large\"><img loading=\"lazy\" decoding=\"async\" width=\"1024\" height=\"683\" data-id=\"5812\" src=\"https:\/\/marcali.plebania.hu\/wp-content\/uploads\/2024\/04\/19-1-1024x683.jpg\" alt=\"\" class=\"wp-image-5812\" srcset=\"https:\/\/marcali.plebania.hu\/wp-content\/uploads\/2024\/04\/19-1-1024x683.jpg 1024w, https:\/\/marcali.plebania.hu\/wp-content\/uploads\/2024\/04\/19-1-300x200.jpg 300w, https:\/\/marcali.plebania.hu\/wp-content\/uploads\/2024\/04\/19-1-768x512.jpg 768w, https:\/\/marcali.plebania.hu\/wp-content\/uploads\/2024\/04\/19-1-1536x1024.jpg 1536w, https:\/\/marcali.plebania.hu\/wp-content\/uploads\/2024\/04\/19-1-2048x1365.jpg 2048w, https:\/\/marcali.plebania.hu\/wp-content\/uploads\/2024\/04\/19-1-405x270.jpg 405w\" sizes=\"auto, (max-width: 1024px) 100vw, 1024px\" \/><\/figure>\n\n\n\n<figure class=\"wp-block-image size-large\"><img loading=\"lazy\" decoding=\"async\" width=\"1024\" height=\"683\" data-id=\"5811\" src=\"https:\/\/marcali.plebania.hu\/wp-content\/uploads\/2024\/04\/20-1024x683.jpg\" alt=\"\" class=\"wp-image-5811\" srcset=\"https:\/\/marcali.plebania.hu\/wp-content\/uploads\/2024\/04\/20-1024x683.jpg 1024w, https:\/\/marcali.plebania.hu\/wp-content\/uploads\/2024\/04\/20-300x200.jpg 300w, https:\/\/marcali.plebania.hu\/wp-content\/uploads\/2024\/04\/20-768x512.jpg 768w, https:\/\/marcali.plebania.hu\/wp-content\/uploads\/2024\/04\/20-1536x1024.jpg 1536w, https:\/\/marcali.plebania.hu\/wp-content\/uploads\/2024\/04\/20-2048x1365.jpg 2048w, https:\/\/marcali.plebania.hu\/wp-content\/uploads\/2024\/04\/20-405x270.jpg 405w\" sizes=\"auto, (max-width: 1024px) 100vw, 1024px\" \/><\/figure>\n<\/figure>\n\n\n\n<p>A mostani alkalommal a Katolikus Karit\u00e1sz Marcali Csoportja is r\u00e9szes\u00fclt az anyagi t\u00e1mogat\u00e1sb\u00f3l, melyet S\u00e1voly Andrea vezet\u0151 vett \u00e1t. A tov\u00e1bbi t\u00e1mogatottak: a Baglas N\u00e9pt\u00e1ncegy\u00fcttes, a Marcali VSZSE, valamint a Marcali H\u00e9tsz\u00ednvir\u00e1g \u00c1ltal\u00e1nos Iskola \u00e9s EGYMI.<\/p>\n\n\n\n<p>A szervez\u0151k megk\u00f6sz\u00f6nt\u00e9k az adom\u00e1nyoz\u00f3k nagylelk\u0171s\u00e9g\u00e9t, mely \u00f6sszeg a bel\u00e9p\u0151jegyek, tombola \u00e9s k\u00fcl\u00f6nf\u00e9le felaj\u00e1nl\u00e1sokb\u00f3l gy\u0171lt \u00f6ssze; tov\u00e1bb\u00e1 az \u00e9rintett szervezetek munk\u00e1j\u00e1t, melyet a v\u00e1ros\u00e9rt tettek.<\/p>\n\n\n\n<p><\/p>\n\n\n\n<p>\u00cdrta \u00e9s fot\u00f3k: Kiss K\u00e1lm\u00e1n<\/p>\n","protected":false},"excerpt":{"rendered":"<p>2024. \u00e1prilis 9-\u00e9n, kedden este 17 \u00f3rakor a Marcali \u00e9s K\u00f6rny\u00e9ke Hagyom\u00e1ny\u0151rz\u0151 Ipartest\u00fclet sz\u00e9kh\u00e1z\u00e1ban adt\u00e1k \u00e1t az idei j\u00f3t\u00e9konys\u00e1gi Polg\u00e1ri B\u00e1l bev\u00e9tel\u00e9t. Az egyes\u00fclet k\u00e9pviselet\u00e9ben Szaka Zsolt eln\u00f6k, dr. Pozsonyi M\u00e1rk \u00e9s \u00d3dor Barbara \u00f6r\u00f6mmel adt\u00e1k \u00e1t n\u00e9gy civil szervezetnek az egyenk\u00e9nt 500.000-500.000- Ft-os adom\u00e1nyt, melyet a 2024. m\u00e1rcius 23-\u00e1n megrendezett est\u00e9ly bev\u00e9tel\u00e9b\u0151l gy\u0171lt \u00f6ssze. A mostani alkalommal a Katolikus Karit\u00e1sz Marcali Csoportja is r\u00e9szes\u00fclt az anyagi t\u00e1mogat\u00e1sb\u00f3l, melyet S\u00e1voly Andrea vezet\u0151 vett \u00e1t. A tov\u00e1bbi t\u00e1mogatottak: a Baglas N\u00e9pt\u00e1ncegy\u00fcttes,&#8230;<\/p>\n<p class=\"read-more\"><a class=\"btn btn-default\" href=\"https:\/\/marcali.plebania.hu\/?p=5806\"> Read More<span class=\"screen-reader-text\">  Read More<\/span><\/a><\/p>\n","protected":false},"author":2,"featured_media":0,"comment_status":"closed","ping_status":"open","sticky":false,"template":"","format":"standard","meta":{"footnotes":""},"categories":[1],"tags":[],"class_list":["post-5806","post","type-post","status-publish","format-standard","hentry","category-egyeb"],"_links":{"self":[{"href":"https:\/\/marcali.plebania.hu\/index.php?rest_route=\/wp\/v2\/posts\/5806","targetHints":{"allow":["GET"]}}],"collection":[{"href":"https:\/\/marcali.plebania.hu\/index.php?rest_route=\/wp\/v2\/posts"}],"about":[{"href":"https:\/\/marcali.plebania.hu\/index.php?rest_route=\/wp\/v2\/types\/post"}],"author":[{"embeddable":true,"href":"https:\/\/marcali.plebania.hu\/index.php?rest_route=\/wp\/v2\/users\/2"}],"replies":[{"embeddable":true,"href":"https:\/\/marcali.plebania.hu\/index.php?rest_route=%2Fwp%2Fv2%2Fcomments&post=5806"}],"version-history":[{"count":1,"href":"https:\/\/marcali.plebania.hu\/index.php?rest_route=\/wp\/v2\/posts\/5806\/revisions"}],"predecessor-version":[{"id":5814,"href":"https:\/\/marcali.plebania.hu\/index.php?rest_route=\/wp\/v2\/posts\/5806\/revisions\/5814"}],"wp:attachment":[{"href":"https:\/\/marcali.plebania.hu\/index.php?rest_route=%2Fwp%2Fv2%2Fmedia&parent=5806"}],"wp:term":[{"taxonomy":"category","embeddable":true,"href":"https:\/\/marcali.plebania.hu\/index.php?rest_route=%2Fwp%2Fv2%2Fcategories&post=5806"},{"taxonomy":"post_tag","embeddable":true,"href":"https:\/\/marcali.plebania.hu\/index.php?rest_route=%2Fwp%2Fv2%2Ftags&post=5806"}],"curies":[{"name":"wp","href":"https:\/\/api.w.org\/{rel}","templated":true}]}}