{"id":581,"date":"2019-01-11T09:23:17","date_gmt":"2019-01-11T09:23:17","guid":{"rendered":"https:\/\/marcali.plebania.hu\/?p=581"},"modified":"2019-01-11T09:23:17","modified_gmt":"2019-01-11T09:23:17","slug":"hirdetesek-2019-01-13","status":"publish","type":"post","link":"https:\/\/marcali.plebania.hu\/?p=581","title":{"rendered":"Hirdet\u00e9sek, 2019. 01. 13."},"content":{"rendered":"\n<ol class=\"wp-block-list\"><li>Ma J\u00e9zus megkeresztelked\u00e9s\u00e9nek vas\u00e1rnapja van. A mai nappal v\u00e9get \u00e9r a Kar\u00e1csonyi id\u0151szak.<\/li><li>Megkezd\u0151dik a farsang id\u0151szaka. A hittanos gyermekek farsangj\u00e1nak id\u0151pontja febru\u00e1r 23-\u00e1n, szombaton 13 \u00f3rakor kezd\u0151dik az X-h\u00e1z nagyterm\u00e9ben.<\/li><li>A Katolikus B\u00e1l id\u0151pontja m\u00e1rcius 2-ka, 19 \u00f3rakor a Gimn\u00e1zium eb\u00e9dl\u0151j\u00e9ben lesz. A b\u00e1lr\u00f3l \u00e9rdekl\u0151dni lehet Gelencs\u00e9r R\u00f3bert vil\u00e1gi eln\u00f6kn\u00e9l \u00e9s a pl\u00e9b\u00e1ni\u00e1n.<\/li><li>A j\u00f6v\u0151 h\u00e9ten keddt\u0151l 17 \u00f3rakor vannak a szentmis\u00e9k. P\u00e9nteken a szentmise el\u0151tt szents\u00e9gim\u00e1d\u00e1s.<\/li><li>A j\u00f6v\u0151 vas\u00e1rnap (janu\u00e1r 20-\u00e1n) kezd\u0151dik az \u00f6kumenikus imah\u00e9t a kereszt\u00e9nyek egys\u00e9g\u00e9\u00e9rt. J\u00f6v\u0151 vas\u00e1rnap 9 \u00f3rakor \u00f6kumenikus istentiszteletet tartunk a pl\u00e9b\u00e1niatemplomban, melyen ig\u00e9t hirdet Fazekas Kriszti\u00e1n reform\u00e1tus lelkip\u00e1sztor.<\/li><\/ol>\n","protected":false},"excerpt":{"rendered":"<p>Ma J\u00e9zus megkeresztelked\u00e9s\u00e9nek vas\u00e1rnapja van. A mai nappal v\u00e9get \u00e9r a Kar\u00e1csonyi id\u0151szak. Megkezd\u0151dik a farsang id\u0151szaka. A hittanos gyermekek farsangj\u00e1nak id\u0151pontja febru\u00e1r 23-\u00e1n, szombaton 13 \u00f3rakor kezd\u0151dik az X-h\u00e1z nagyterm\u00e9ben. A Katolikus B\u00e1l id\u0151pontja m\u00e1rcius 2-ka, 19 \u00f3rakor a Gimn\u00e1zium eb\u00e9dl\u0151j\u00e9ben lesz. A b\u00e1lr\u00f3l \u00e9rdekl\u0151dni lehet Gelencs\u00e9r R\u00f3bert vil\u00e1gi eln\u00f6kn\u00e9l \u00e9s a pl\u00e9b\u00e1ni\u00e1n. A j\u00f6v\u0151 h\u00e9ten keddt\u0151l 17 \u00f3rakor vannak a szentmis\u00e9k. P\u00e9nteken a szentmise el\u0151tt szents\u00e9gim\u00e1d\u00e1s. A j\u00f6v\u0151 vas\u00e1rnap (janu\u00e1r 20-\u00e1n) kezd\u0151dik az \u00f6kumenikus imah\u00e9t a kereszt\u00e9nyek egys\u00e9g\u00e9\u00e9rt&#8230;.<\/p>\n<p class=\"read-more\"><a class=\"btn btn-default\" href=\"https:\/\/marcali.plebania.hu\/?p=581\"> Read More<span class=\"screen-reader-text\">  Read More<\/span><\/a><\/p>\n","protected":false},"author":2,"featured_media":0,"comment_status":"closed","ping_status":"open","sticky":false,"template":"","format":"standard","meta":{"footnotes":""},"categories":[1],"tags":[],"class_list":["post-581","post","type-post","status-publish","format-standard","hentry","category-egyeb"],"_links":{"self":[{"href":"https:\/\/marcali.plebania.hu\/index.php?rest_route=\/wp\/v2\/posts\/581","targetHints":{"allow":["GET"]}}],"collection":[{"href":"https:\/\/marcali.plebania.hu\/index.php?rest_route=\/wp\/v2\/posts"}],"about":[{"href":"https:\/\/marcali.plebania.hu\/index.php?rest_route=\/wp\/v2\/types\/post"}],"author":[{"embeddable":true,"href":"https:\/\/marcali.plebania.hu\/index.php?rest_route=\/wp\/v2\/users\/2"}],"replies":[{"embeddable":true,"href":"https:\/\/marcali.plebania.hu\/index.php?rest_route=%2Fwp%2Fv2%2Fcomments&post=581"}],"version-history":[{"count":1,"href":"https:\/\/marcali.plebania.hu\/index.php?rest_route=\/wp\/v2\/posts\/581\/revisions"}],"predecessor-version":[{"id":582,"href":"https:\/\/marcali.plebania.hu\/index.php?rest_route=\/wp\/v2\/posts\/581\/revisions\/582"}],"wp:attachment":[{"href":"https:\/\/marcali.plebania.hu\/index.php?rest_route=%2Fwp%2Fv2%2Fmedia&parent=581"}],"wp:term":[{"taxonomy":"category","embeddable":true,"href":"https:\/\/marcali.plebania.hu\/index.php?rest_route=%2Fwp%2Fv2%2Fcategories&post=581"},{"taxonomy":"post_tag","embeddable":true,"href":"https:\/\/marcali.plebania.hu\/index.php?rest_route=%2Fwp%2Fv2%2Ftags&post=581"}],"curies":[{"name":"wp","href":"https:\/\/api.w.org\/{rel}","templated":true}]}}