{"id":5819,"date":"2024-04-16T12:57:30","date_gmt":"2024-04-16T12:57:30","guid":{"rendered":"https:\/\/marcali.plebania.hu\/?p=5819"},"modified":"2024-04-16T12:57:30","modified_gmt":"2024-04-16T12:57:30","slug":"hirdetesek-2024-aprilis-14-en","status":"publish","type":"post","link":"https:\/\/marcali.plebania.hu\/?p=5819","title":{"rendered":"Hirdet\u00e9sek 2024. \u00e1prilis 14-\u00e9n"},"content":{"rendered":"\n<p><strong><a href=\"https:\/\/igenaptar.katolikus.hu\/2024\/nap\/index.php?holnap=2024-04-14\" target=\"_blank\" rel=\"noreferrer noopener\"><u>H\u00fasv\u00e9t 3. vas\u00e1rnapja<\/u><\/a><\/strong><\/p>\n\n\n\n<ol class=\"wp-block-list\" start=\"1\">\n<li>Ezen a h\u00e9ten h\u00e9tk\u00f6znapokon nem lesz szentmise.<\/li>\n\n\n\n<li>A h\u00fasv\u00e9ti id\u0151 p\u00e9ntekjein 17:15-kor kezdj\u00fck a pl\u00e9b\u00e1niatemplomban az <strong>\u00f6r\u00f6m \u00fatja im\u00e1ds\u00e1g<\/strong>ot.<\/li>\n\n\n\n<li>M\u00e1jus 20-ig rendelkezhet\u00fcnk a <strong>szem\u00e9lyi j\u00f6vedelemad\u00f3<\/strong>nk k\u00e9tszer egy sz\u00e1zal\u00e9k\u00e1r\u00f3l. Aki 2018 \u00f3ta rendelkezett m\u00e1r a Magyar Katolikus Egyh\u00e1z jav\u00e1ra a 0011-es technikai sz\u00e1m megad\u00e1s\u00e1val, annak nyilatkozata visszavon\u00e1sig \u00e9rv\u00e9nyes. K\u00e9rj\u00fck, aki ezt m\u00e9g nem tette meg, t\u00e1mogassa \u00edgy is az egyh\u00e1z tev\u00e9kenys\u00e9g\u00e9t, abban az esetben is, ha nulla forintr\u00f3l rendelkezik, mert a nyilatkoz\u00f3k sz\u00e1m\u00e1t is figyelembe veszi az \u00e1llam. Ez a t\u00e1mogat\u00e1s az egyh\u00e1zmegy\u00e9k k\u00f6lts\u00e9gvet\u00e9s\u00e9hez ad\u00f3dik hozz\u00e1, m\u00edg az egyh\u00e1zi hozz\u00e1j\u00e1rul\u00e1ssal a helyi pl\u00e9b\u00e1nia fenntart\u00e1s\u00e1t \u00e9s tev\u00e9kenys\u00e9g\u00e9t seg\u00edthetj\u00fck. Szeretettel aj\u00e1nljuk a <a href=\"http:\/\/nekemazegyhaz.katolikus.hu\" target=\"_blank\" rel=\"noreferrer noopener\"><u>nekemazegyhaz.katolikus.hu<\/u><\/a> honlapon el\u00e9rhet\u0151 vide\u00f3kat, melyekben n\u00e9gy egyetemista j\u00e1rja be az orsz\u00e1got \u00e9s mutatja be egyh\u00e1zunk szerte\u00e1gaz\u00f3 tev\u00e9kenys\u00e9g\u00e9t. Egyben j\u00f3 v\u00e9giggondolni mindannyiunknak: \u201emit jelent nekem az Egyh\u00e1z?\u201d \u00e9s \u201emit teszek \u00e9n az Egyh\u00e1z\u00e9rt &#8211; melynek tagja vagyok\u201d?<\/li>\n\n\n\n<li>Az idei <strong>egyh\u00e1zmegyei nap<\/strong> &#8211; <em>Veled!<\/em> mott\u00f3val &#8211; m\u00e1jus 25-\u00e9n ker\u00fcl megrendez\u00e9sre Kaposv\u00e1ron.<br>R\u00e9szletek \u00e9s jelentkez\u00e9si lehet\u0151s\u00e9g az egyh\u00e1zmegye honlapj\u00e1n tal\u00e1lhat\u00f3k (a <a href=\"http:\/\/kaposvar.egyhazmegye.hu\/egyhazmegyeinap\" target=\"_blank\" rel=\"noreferrer noopener\"><u>kaposvar.egyhazmegye.hu\/egyhazmegyeinap<\/u><\/a> oldalon).<\/li>\n<\/ol>\n","protected":false},"excerpt":{"rendered":"<p>H\u00fasv\u00e9t 3. vas\u00e1rnapja<\/p>\n","protected":false},"author":2,"featured_media":0,"comment_status":"closed","ping_status":"open","sticky":false,"template":"","format":"standard","meta":{"footnotes":""},"categories":[1],"tags":[],"class_list":["post-5819","post","type-post","status-publish","format-standard","hentry","category-egyeb"],"_links":{"self":[{"href":"https:\/\/marcali.plebania.hu\/index.php?rest_route=\/wp\/v2\/posts\/5819","targetHints":{"allow":["GET"]}}],"collection":[{"href":"https:\/\/marcali.plebania.hu\/index.php?rest_route=\/wp\/v2\/posts"}],"about":[{"href":"https:\/\/marcali.plebania.hu\/index.php?rest_route=\/wp\/v2\/types\/post"}],"author":[{"embeddable":true,"href":"https:\/\/marcali.plebania.hu\/index.php?rest_route=\/wp\/v2\/users\/2"}],"replies":[{"embeddable":true,"href":"https:\/\/marcali.plebania.hu\/index.php?rest_route=%2Fwp%2Fv2%2Fcomments&post=5819"}],"version-history":[{"count":1,"href":"https:\/\/marcali.plebania.hu\/index.php?rest_route=\/wp\/v2\/posts\/5819\/revisions"}],"predecessor-version":[{"id":5820,"href":"https:\/\/marcali.plebania.hu\/index.php?rest_route=\/wp\/v2\/posts\/5819\/revisions\/5820"}],"wp:attachment":[{"href":"https:\/\/marcali.plebania.hu\/index.php?rest_route=%2Fwp%2Fv2%2Fmedia&parent=5819"}],"wp:term":[{"taxonomy":"category","embeddable":true,"href":"https:\/\/marcali.plebania.hu\/index.php?rest_route=%2Fwp%2Fv2%2Fcategories&post=5819"},{"taxonomy":"post_tag","embeddable":true,"href":"https:\/\/marcali.plebania.hu\/index.php?rest_route=%2Fwp%2Fv2%2Ftags&post=5819"}],"curies":[{"name":"wp","href":"https:\/\/api.w.org\/{rel}","templated":true}]}}