{"id":5822,"date":"2024-04-21T15:13:09","date_gmt":"2024-04-21T15:13:09","guid":{"rendered":"https:\/\/marcali.plebania.hu\/?p=5822"},"modified":"2024-04-21T15:13:09","modified_gmt":"2024-04-21T15:13:09","slug":"hirdetesek-2024-aprilis-21-en","status":"publish","type":"post","link":"https:\/\/marcali.plebania.hu\/?p=5822","title":{"rendered":"Hirdet\u00e9sek 2024. \u00e1prilis 21-\u00e9n"},"content":{"rendered":"\n<p><strong><a href=\"https:\/\/igenaptar.katolikus.hu\/2024\/nap\/index.php?holnap=2024-04-21\" target=\"_blank\" rel=\"noreferrer noopener\"><u>H\u00fasv\u00e9t 4. vas\u00e1rnapja<\/u><\/a><\/strong><\/p>\n\n\n\n<ol class=\"wp-block-list\" start=\"1\">\n<li>A <strong>F\u00e9rfi-k\u00f6r<\/strong> k\u00f6vetkez\u0151 tal\u00e1lkoz\u00f3ja szerd\u00e1n, a <strong>feln\u0151tt<\/strong>eknek sz\u00f3l\u00f3 <strong>hittan<\/strong> \u00e9s szents\u00e9gi felk\u00e9sz\u00edt\u0151 pedig cs\u00fct\u00f6rt\u00f6k\u00f6n 18:45-kor kezd\u0151dik az X-h\u00e1zban. Szeretettel v\u00e1rjuk a tagokat \u00e9s az \u00e9rdekl\u0151d\u0151ket.<\/li>\n\n\n\n<li>A h\u00fasv\u00e9ti id\u0151 p\u00e9ntekjein 17:15-kor kezdj\u00fck a pl\u00e9b\u00e1niatemplomban az <strong>\u00f6r\u00f6m \u00fatja im\u00e1ds\u00e1g<\/strong>ot.<\/li>\n\n\n\n<li>Az <strong>ifj\u00fas\u00e1gi csoport<\/strong> k\u00f6vetkez\u0151 tal\u00e1lkoz\u00f3ja szombaton 19 \u00f3rakor kezd\u0151dik a pl\u00e9b\u00e1ni\u00e1n.<\/li>\n\n\n\n<li>A h\u00f3nap utols\u00f3 vas\u00e1rnapj\u00e1n 11 \u00f3rakor Biz\u00e9n lesz szentmise.<\/li>\n\n\n\n<li>Az idei <strong>egyh\u00e1zmegyei nap<\/strong> &#8211; <em>Veled!<\/em> mott\u00f3val &#8211; m\u00e1jus 25-\u00e9n ker\u00fcl megrendez\u00e9sre Kaposv\u00e1ron. R\u00e9szletek \u00e9s jelentkez\u00e9si lehet\u0151s\u00e9g az egyh\u00e1zmegye honlapj\u00e1n tal\u00e1lhat\u00f3k (a <a href=\"http:\/\/kaposvar.egyhazmegye.hu\/egyhazmegyeinap\" target=\"_blank\" rel=\"noreferrer noopener\"><u>kaposvar.egyhazmegye.hu\/egyhazmegyeinap<\/u><\/a> oldalon).<\/li>\n<\/ol>\n","protected":false},"excerpt":{"rendered":"<p>H\u00fasv\u00e9t 4. vas\u00e1rnapja<\/p>\n","protected":false},"author":1,"featured_media":0,"comment_status":"closed","ping_status":"open","sticky":false,"template":"","format":"standard","meta":{"footnotes":""},"categories":[1],"tags":[],"class_list":["post-5822","post","type-post","status-publish","format-standard","hentry","category-egyeb"],"_links":{"self":[{"href":"https:\/\/marcali.plebania.hu\/index.php?rest_route=\/wp\/v2\/posts\/5822","targetHints":{"allow":["GET"]}}],"collection":[{"href":"https:\/\/marcali.plebania.hu\/index.php?rest_route=\/wp\/v2\/posts"}],"about":[{"href":"https:\/\/marcali.plebania.hu\/index.php?rest_route=\/wp\/v2\/types\/post"}],"author":[{"embeddable":true,"href":"https:\/\/marcali.plebania.hu\/index.php?rest_route=\/wp\/v2\/users\/1"}],"replies":[{"embeddable":true,"href":"https:\/\/marcali.plebania.hu\/index.php?rest_route=%2Fwp%2Fv2%2Fcomments&post=5822"}],"version-history":[{"count":1,"href":"https:\/\/marcali.plebania.hu\/index.php?rest_route=\/wp\/v2\/posts\/5822\/revisions"}],"predecessor-version":[{"id":5823,"href":"https:\/\/marcali.plebania.hu\/index.php?rest_route=\/wp\/v2\/posts\/5822\/revisions\/5823"}],"wp:attachment":[{"href":"https:\/\/marcali.plebania.hu\/index.php?rest_route=%2Fwp%2Fv2%2Fmedia&parent=5822"}],"wp:term":[{"taxonomy":"category","embeddable":true,"href":"https:\/\/marcali.plebania.hu\/index.php?rest_route=%2Fwp%2Fv2%2Fcategories&post=5822"},{"taxonomy":"post_tag","embeddable":true,"href":"https:\/\/marcali.plebania.hu\/index.php?rest_route=%2Fwp%2Fv2%2Ftags&post=5822"}],"curies":[{"name":"wp","href":"https:\/\/api.w.org\/{rel}","templated":true}]}}