{"id":5826,"date":"2024-05-07T13:52:35","date_gmt":"2024-05-07T13:52:35","guid":{"rendered":"https:\/\/marcali.plebania.hu\/?p=5826"},"modified":"2024-05-07T13:52:35","modified_gmt":"2024-05-07T13:52:35","slug":"hirdetesek-2024-majus-5-en","status":"publish","type":"post","link":"https:\/\/marcali.plebania.hu\/?p=5826","title":{"rendered":"Hirdet\u00e9sek 2024. m\u00e1jus 5-\u00e9n"},"content":{"rendered":"\n<p><strong><a href=\"https:\/\/igenaptar.katolikus.hu\/2024\/nap\/index.php?holnap=2024-05-05\" target=\"_blank\" rel=\"noreferrer noopener\"><u>H\u00fasv\u00e9t 6. vas\u00e1rnapja<\/u><\/a><\/strong><\/p>\n\n\n\n<ol class=\"wp-block-list\" start=\"1\">\n<li>A <strong>F\u00e9rfi-k\u00f6r<\/strong> k\u00f6vetkez\u0151 tal\u00e1lkoz\u00f3ja szerd\u00e1n, a <strong>feln\u0151tt<\/strong>eknek sz\u00f3l\u00f3 <strong>hittan<\/strong> \u00e9s szents\u00e9gi felk\u00e9sz\u00edt\u0151 pedig cs\u00fct\u00f6rt\u00f6k\u00f6n 18:45-kor kezd\u0151dik az X-h\u00e1zban (D\u00f3zsa Gy. u. 3.). Szeretettel v\u00e1rjuk a tagokat \u00e9s az \u00e9rdekl\u0151d\u0151ket.<\/li>\n\n\n\n<li>Az <strong>ifj\u00fas\u00e1gi csoport<\/strong> k\u00f6vetkez\u0151 tal\u00e1lkoz\u00f3ja szombaton 19 \u00f3rakor kezd\u0151dik az X-h\u00e1zban.<\/li>\n\n\n\n<li>J\u00f6v\u0151 vas\u00e1rnap a 9 \u00f3rai szentmis\u00e9ben <strong>els\u0151\u00e1ldoz\u00e1s<\/strong>t \u00fcnnepl\u00fcnk, m\u00e1jus 18-\u00e1n (szombaton) pedig Varga L\u00e1szl\u00f3 p\u00fcsp\u00f6k atya a <strong>b\u00e9rm\u00e1l\u00e1s<\/strong> szents\u00e9g\u00e9ben r\u00e9szes\u00edti a fiatalokat, akik r\u00e9szt vettek a b\u00e9rm\u00e1l\u00e1si felk\u00e9sz\u00edt\u0151n. Im\u00e1dkozzunk az els\u0151\u00e1ldoz\u00f3k\u00e9rt \u00e9s b\u00e9rm\u00e1lkoz\u00f3k\u00e9rt, \u00e9s ha tehetj\u00fck, vegy\u00fcnk r\u00e9szt ezeken a szentmis\u00e9ken, amelyek az eg\u00e9sz pl\u00e9b\u00e1niak\u00f6z\u00f6ss\u00e9g \u00fcnnepi alkalmai.<\/li>\n\n\n\n<li>Az idei <strong>egyh\u00e1zmegyei nap<\/strong> &#8211; <em>Veled!<\/em> mott\u00f3val &#8211; m\u00e1jus 25-\u00e9n ker\u00fcl megrendez\u00e9sre Kaposv\u00e1ron. R\u00e9szletek \u00e9s jelentkez\u00e9si lehet\u0151s\u00e9g az egyh\u00e1zmegye honlapj\u00e1n tal\u00e1lhat\u00f3k (a <a href=\"http:\/\/kaposvar.egyhazmegye.hu\/egyhazmegyeinap\" target=\"_blank\" rel=\"noreferrer noopener\"><u>kaposvar.egyhazmegye.hu\/egyhazmegyeinap<\/u><\/a> oldalon).<\/li>\n<\/ol>\n\n\n\n<p><\/p>\n","protected":false},"excerpt":{"rendered":"<p>H\u00fasv\u00e9t 6. vas\u00e1rnapja<\/p>\n","protected":false},"author":2,"featured_media":0,"comment_status":"closed","ping_status":"open","sticky":false,"template":"","format":"standard","meta":{"footnotes":""},"categories":[1],"tags":[],"class_list":["post-5826","post","type-post","status-publish","format-standard","hentry","category-egyeb"],"_links":{"self":[{"href":"https:\/\/marcali.plebania.hu\/index.php?rest_route=\/wp\/v2\/posts\/5826","targetHints":{"allow":["GET"]}}],"collection":[{"href":"https:\/\/marcali.plebania.hu\/index.php?rest_route=\/wp\/v2\/posts"}],"about":[{"href":"https:\/\/marcali.plebania.hu\/index.php?rest_route=\/wp\/v2\/types\/post"}],"author":[{"embeddable":true,"href":"https:\/\/marcali.plebania.hu\/index.php?rest_route=\/wp\/v2\/users\/2"}],"replies":[{"embeddable":true,"href":"https:\/\/marcali.plebania.hu\/index.php?rest_route=%2Fwp%2Fv2%2Fcomments&post=5826"}],"version-history":[{"count":1,"href":"https:\/\/marcali.plebania.hu\/index.php?rest_route=\/wp\/v2\/posts\/5826\/revisions"}],"predecessor-version":[{"id":5827,"href":"https:\/\/marcali.plebania.hu\/index.php?rest_route=\/wp\/v2\/posts\/5826\/revisions\/5827"}],"wp:attachment":[{"href":"https:\/\/marcali.plebania.hu\/index.php?rest_route=%2Fwp%2Fv2%2Fmedia&parent=5826"}],"wp:term":[{"taxonomy":"category","embeddable":true,"href":"https:\/\/marcali.plebania.hu\/index.php?rest_route=%2Fwp%2Fv2%2Fcategories&post=5826"},{"taxonomy":"post_tag","embeddable":true,"href":"https:\/\/marcali.plebania.hu\/index.php?rest_route=%2Fwp%2Fv2%2Ftags&post=5826"}],"curies":[{"name":"wp","href":"https:\/\/api.w.org\/{rel}","templated":true}]}}