{"id":5828,"date":"2024-05-14T13:53:02","date_gmt":"2024-05-14T13:53:02","guid":{"rendered":"https:\/\/marcali.plebania.hu\/?p=5828"},"modified":"2024-05-14T13:53:02","modified_gmt":"2024-05-14T13:53:02","slug":"elsoaldozas-2024","status":"publish","type":"post","link":"https:\/\/marcali.plebania.hu\/?p=5828","title":{"rendered":"Els\u0151\u00e1ldoz\u00e1s 2024"},"content":{"rendered":"\n<p>2024. m\u00e1jus 12-\u00e9n, vas\u00e1rnap 9 \u00f3rakor kezd\u0151d\u00f6tt az idei \u00e9vi els\u0151\u00e1ldoz\u00e1s a Marcali Gy\u00fcm\u00f6lcsolt\u00f3 Boldogasszony pl\u00e9b\u00e1niatemplomban.<\/p>\n\n\n\n<figure class=\"wp-block-gallery has-nested-images columns-default is-cropped wp-block-gallery-1 is-layout-flex wp-block-gallery-is-layout-flex\">\n<figure class=\"wp-block-image size-large\"><img loading=\"lazy\" decoding=\"async\" width=\"1024\" height=\"683\" data-id=\"5831\" src=\"https:\/\/marcali.plebania.hu\/wp-content\/uploads\/2024\/05\/10-1024x683.jpg\" alt=\"\" class=\"wp-image-5831\" srcset=\"https:\/\/marcali.plebania.hu\/wp-content\/uploads\/2024\/05\/10-1024x683.jpg 1024w, https:\/\/marcali.plebania.hu\/wp-content\/uploads\/2024\/05\/10-300x200.jpg 300w, https:\/\/marcali.plebania.hu\/wp-content\/uploads\/2024\/05\/10-768x512.jpg 768w, https:\/\/marcali.plebania.hu\/wp-content\/uploads\/2024\/05\/10-1536x1024.jpg 1536w, https:\/\/marcali.plebania.hu\/wp-content\/uploads\/2024\/05\/10-2048x1365.jpg 2048w, https:\/\/marcali.plebania.hu\/wp-content\/uploads\/2024\/05\/10-405x270.jpg 405w\" sizes=\"auto, (max-width: 1024px) 100vw, 1024px\" \/><\/figure>\n\n\n\n<figure class=\"wp-block-image size-large\"><img loading=\"lazy\" decoding=\"async\" width=\"1024\" height=\"683\" data-id=\"5829\" src=\"https:\/\/marcali.plebania.hu\/wp-content\/uploads\/2024\/05\/07-1024x683.jpg\" alt=\"\" class=\"wp-image-5829\" srcset=\"https:\/\/marcali.plebania.hu\/wp-content\/uploads\/2024\/05\/07-1024x683.jpg 1024w, https:\/\/marcali.plebania.hu\/wp-content\/uploads\/2024\/05\/07-300x200.jpg 300w, https:\/\/marcali.plebania.hu\/wp-content\/uploads\/2024\/05\/07-768x512.jpg 768w, https:\/\/marcali.plebania.hu\/wp-content\/uploads\/2024\/05\/07-1536x1024.jpg 1536w, https:\/\/marcali.plebania.hu\/wp-content\/uploads\/2024\/05\/07-2048x1365.jpg 2048w, https:\/\/marcali.plebania.hu\/wp-content\/uploads\/2024\/05\/07-405x270.jpg 405w\" sizes=\"auto, (max-width: 1024px) 100vw, 1024px\" \/><\/figure>\n\n\n\n<figure class=\"wp-block-image size-large\"><img loading=\"lazy\" decoding=\"async\" width=\"1024\" height=\"683\" data-id=\"5833\" src=\"https:\/\/marcali.plebania.hu\/wp-content\/uploads\/2024\/05\/11-1024x683.jpg\" alt=\"\" class=\"wp-image-5833\" srcset=\"https:\/\/marcali.plebania.hu\/wp-content\/uploads\/2024\/05\/11-1024x683.jpg 1024w, https:\/\/marcali.plebania.hu\/wp-content\/uploads\/2024\/05\/11-300x200.jpg 300w, https:\/\/marcali.plebania.hu\/wp-content\/uploads\/2024\/05\/11-768x512.jpg 768w, https:\/\/marcali.plebania.hu\/wp-content\/uploads\/2024\/05\/11-1536x1024.jpg 1536w, https:\/\/marcali.plebania.hu\/wp-content\/uploads\/2024\/05\/11-2048x1365.jpg 2048w, https:\/\/marcali.plebania.hu\/wp-content\/uploads\/2024\/05\/11-405x270.jpg 405w\" sizes=\"auto, (max-width: 1024px) 100vw, 1024px\" \/><\/figure>\n\n\n\n<figure class=\"wp-block-image size-large\"><img loading=\"lazy\" decoding=\"async\" width=\"1024\" height=\"683\" data-id=\"5835\" src=\"https:\/\/marcali.plebania.hu\/wp-content\/uploads\/2024\/05\/15-1024x683.jpg\" alt=\"\" class=\"wp-image-5835\" srcset=\"https:\/\/marcali.plebania.hu\/wp-content\/uploads\/2024\/05\/15-1024x683.jpg 1024w, https:\/\/marcali.plebania.hu\/wp-content\/uploads\/2024\/05\/15-300x200.jpg 300w, https:\/\/marcali.plebania.hu\/wp-content\/uploads\/2024\/05\/15-768x512.jpg 768w, https:\/\/marcali.plebania.hu\/wp-content\/uploads\/2024\/05\/15-1536x1024.jpg 1536w, https:\/\/marcali.plebania.hu\/wp-content\/uploads\/2024\/05\/15-2048x1365.jpg 2048w, https:\/\/marcali.plebania.hu\/wp-content\/uploads\/2024\/05\/15-405x270.jpg 405w\" sizes=\"auto, (max-width: 1024px) 100vw, 1024px\" \/><\/figure>\n<\/figure>\n\n\n\n<p>Az \u00fcnnepi szentmis\u00e9t Tomanek Ferenc \u00c1ron pl\u00e9b\u00e1nos celebr\u00e1lta, aki \u00f6sszesen 33 negyedik oszt\u00e1lyos hittanos gyermeket \u00e1ldoztatott meg a Miksz\u00e1th \u00e9s a Noszlopy iskol\u00e1k tanul\u00f3i k\u00f6z\u00fcl.<\/p>\n\n\n\n<figure class=\"wp-block-gallery has-nested-images columns-default is-cropped wp-block-gallery-2 is-layout-flex wp-block-gallery-is-layout-flex\">\n<figure class=\"wp-block-image size-large\"><img loading=\"lazy\" decoding=\"async\" width=\"1024\" height=\"683\" data-id=\"5839\" src=\"https:\/\/marcali.plebania.hu\/wp-content\/uploads\/2024\/05\/17-1024x683.jpg\" alt=\"\" class=\"wp-image-5839\" srcset=\"https:\/\/marcali.plebania.hu\/wp-content\/uploads\/2024\/05\/17-1024x683.jpg 1024w, https:\/\/marcali.plebania.hu\/wp-content\/uploads\/2024\/05\/17-300x200.jpg 300w, https:\/\/marcali.plebania.hu\/wp-content\/uploads\/2024\/05\/17-768x512.jpg 768w, https:\/\/marcali.plebania.hu\/wp-content\/uploads\/2024\/05\/17-1536x1024.jpg 1536w, https:\/\/marcali.plebania.hu\/wp-content\/uploads\/2024\/05\/17-2048x1365.jpg 2048w, https:\/\/marcali.plebania.hu\/wp-content\/uploads\/2024\/05\/17-405x270.jpg 405w\" sizes=\"auto, (max-width: 1024px) 100vw, 1024px\" \/><\/figure>\n\n\n\n<figure class=\"wp-block-image size-large\"><img loading=\"lazy\" decoding=\"async\" width=\"1024\" height=\"683\" data-id=\"5836\" src=\"https:\/\/marcali.plebania.hu\/wp-content\/uploads\/2024\/05\/16-1024x683.jpg\" alt=\"\" class=\"wp-image-5836\" srcset=\"https:\/\/marcali.plebania.hu\/wp-content\/uploads\/2024\/05\/16-1024x683.jpg 1024w, https:\/\/marcali.plebania.hu\/wp-content\/uploads\/2024\/05\/16-300x200.jpg 300w, https:\/\/marcali.plebania.hu\/wp-content\/uploads\/2024\/05\/16-768x512.jpg 768w, https:\/\/marcali.plebania.hu\/wp-content\/uploads\/2024\/05\/16-1536x1024.jpg 1536w, https:\/\/marcali.plebania.hu\/wp-content\/uploads\/2024\/05\/16-2048x1365.jpg 2048w, https:\/\/marcali.plebania.hu\/wp-content\/uploads\/2024\/05\/16-405x270.jpg 405w\" sizes=\"auto, (max-width: 1024px) 100vw, 1024px\" \/><\/figure>\n\n\n\n<figure class=\"wp-block-image size-large\"><img loading=\"lazy\" decoding=\"async\" width=\"1024\" height=\"683\" data-id=\"5837\" src=\"https:\/\/marcali.plebania.hu\/wp-content\/uploads\/2024\/05\/18-1024x683.jpg\" alt=\"\" class=\"wp-image-5837\" srcset=\"https:\/\/marcali.plebania.hu\/wp-content\/uploads\/2024\/05\/18-1024x683.jpg 1024w, https:\/\/marcali.plebania.hu\/wp-content\/uploads\/2024\/05\/18-300x200.jpg 300w, https:\/\/marcali.plebania.hu\/wp-content\/uploads\/2024\/05\/18-768x512.jpg 768w, https:\/\/marcali.plebania.hu\/wp-content\/uploads\/2024\/05\/18-1536x1024.jpg 1536w, https:\/\/marcali.plebania.hu\/wp-content\/uploads\/2024\/05\/18-2048x1365.jpg 2048w, https:\/\/marcali.plebania.hu\/wp-content\/uploads\/2024\/05\/18-405x270.jpg 405w\" sizes=\"auto, (max-width: 1024px) 100vw, 1024px\" \/><\/figure>\n\n\n\n<figure class=\"wp-block-image size-large\"><img loading=\"lazy\" decoding=\"async\" width=\"1024\" height=\"683\" data-id=\"5840\" src=\"https:\/\/marcali.plebania.hu\/wp-content\/uploads\/2024\/05\/42-1024x683.jpg\" alt=\"\" class=\"wp-image-5840\" srcset=\"https:\/\/marcali.plebania.hu\/wp-content\/uploads\/2024\/05\/42-1024x683.jpg 1024w, https:\/\/marcali.plebania.hu\/wp-content\/uploads\/2024\/05\/42-300x200.jpg 300w, https:\/\/marcali.plebania.hu\/wp-content\/uploads\/2024\/05\/42-768x512.jpg 768w, https:\/\/marcali.plebania.hu\/wp-content\/uploads\/2024\/05\/42-1536x1024.jpg 1536w, https:\/\/marcali.plebania.hu\/wp-content\/uploads\/2024\/05\/42-2048x1365.jpg 2048w, https:\/\/marcali.plebania.hu\/wp-content\/uploads\/2024\/05\/42-405x270.jpg 405w\" sizes=\"auto, (max-width: 1024px) 100vw, 1024px\" \/><\/figure>\n<\/figure>\n\n\n\n<p>A szertart\u00e1s r\u00e9szek\u00e9nt, els\u0151k\u00e9nt az els\u0151\u00e1ldoz\u00f3k sz\u00fclei meg\u00e1ldott\u00e1k a gyermekeiket, \u0151k pedig \u00fcnnepi fogadalmat tettek. Majd pedig megk\u00f6sz\u00f6nt\u00e9k a sz\u00fcl\u0151knek, hogy elvezett\u00e9k \u0151ket a hit \u00fatj\u00e1n. Az egyetemes k\u00f6ny\u00f6rg\u00e9seket a sz\u00fcl\u0151k, testv\u00e9rek, a hitoktat\u00f3 \u00e9s term\u00e9szetesen az els\u0151\u00e1ldoz\u00f3k k\u00e9pvisel\u0151i olvast\u00e1k fel. Az els\u0151\u00e1ldoz\u00e1si szertart\u00e1s ut\u00e1n a gyermekek egy k\u00f6z\u00f6s im\u00e1t mondtak el, amiben megk\u00f6sz\u00f6nt\u00e9k Isten j\u00f3s\u00e1g\u00e1t \u00e9s szeretet\u00e9t, valamint \u00e1ld\u00e1st k\u00e9rtek sz\u00fcleikre, testv\u00e9reikre \u00e9s bar\u00e1taikra.<\/p>\n\n\n\n<figure class=\"wp-block-gallery has-nested-images columns-default is-cropped wp-block-gallery-3 is-layout-flex wp-block-gallery-is-layout-flex\">\n<figure class=\"wp-block-image size-large\"><img loading=\"lazy\" decoding=\"async\" width=\"1024\" height=\"683\" data-id=\"5841\" src=\"https:\/\/marcali.plebania.hu\/wp-content\/uploads\/2024\/05\/46-1024x683.jpg\" alt=\"\" class=\"wp-image-5841\" srcset=\"https:\/\/marcali.plebania.hu\/wp-content\/uploads\/2024\/05\/46-1024x683.jpg 1024w, https:\/\/marcali.plebania.hu\/wp-content\/uploads\/2024\/05\/46-300x200.jpg 300w, https:\/\/marcali.plebania.hu\/wp-content\/uploads\/2024\/05\/46-768x512.jpg 768w, https:\/\/marcali.plebania.hu\/wp-content\/uploads\/2024\/05\/46-1536x1024.jpg 1536w, https:\/\/marcali.plebania.hu\/wp-content\/uploads\/2024\/05\/46-2048x1365.jpg 2048w, https:\/\/marcali.plebania.hu\/wp-content\/uploads\/2024\/05\/46-405x270.jpg 405w\" sizes=\"auto, (max-width: 1024px) 100vw, 1024px\" \/><\/figure>\n<\/figure>\n\n\n\n<p>Az \u00fcnneps\u00e9get az els\u0151\u00e1ldoz\u00f3k pedag\u00f3gusai k\u00f6z\u00fcl t\u00f6bben is megtisztelt\u00e9k jelenl\u00e9t\u00fckkel a h\u00edvek sokas\u00e1ga mellett. A felk\u00e9sz\u00edt\u0151 hitoktat\u00f3n\u0151: Pozsonyin\u00e9 Kiss M\u00e1ria volt.<\/p>\n\n\n\n<p>Az istentiszteleten a Marcali F\u00e9ny Gyermekei Katolikus Zenekar git\u00e1ros \u00e9nekekkel, Balogh B\u00e1lint k\u00e1ntor pedig orgon\u00e1n m\u0171k\u00f6d\u00f6tt k\u00f6zre.<\/p>\n\n\n\n<p>\u00cdrta \u00e9s fot\u00f3k: Kiss K\u00e1lm\u00e1n<\/p>\n","protected":false},"excerpt":{"rendered":"<p>2024. m\u00e1jus 12-\u00e9n, vas\u00e1rnap 9 \u00f3rakor kezd\u0151d\u00f6tt az idei \u00e9vi els\u0151\u00e1ldoz\u00e1s a Marcali Gy\u00fcm\u00f6lcsolt\u00f3 Boldogasszony pl\u00e9b\u00e1niatemplomban. Az \u00fcnnepi szentmis\u00e9t Tomanek Ferenc \u00c1ron pl\u00e9b\u00e1nos celebr\u00e1lta, aki \u00f6sszesen 33 negyedik oszt\u00e1lyos hittanos gyermeket \u00e1ldoztatott meg a Miksz\u00e1th \u00e9s a Noszlopy iskol\u00e1k tanul\u00f3i k\u00f6z\u00fcl. A szertart\u00e1s r\u00e9szek\u00e9nt, els\u0151k\u00e9nt az els\u0151\u00e1ldoz\u00f3k sz\u00fclei meg\u00e1ldott\u00e1k a gyermekeiket, \u0151k pedig \u00fcnnepi fogadalmat tettek. Majd pedig megk\u00f6sz\u00f6nt\u00e9k a sz\u00fcl\u0151knek, hogy elvezett\u00e9k \u0151ket a hit \u00fatj\u00e1n. Az egyetemes k\u00f6ny\u00f6rg\u00e9seket a sz\u00fcl\u0151k, testv\u00e9rek, a hitoktat\u00f3 \u00e9s term\u00e9szetesen az els\u0151\u00e1ldoz\u00f3k k\u00e9pvisel\u0151i&#8230;<\/p>\n<p class=\"read-more\"><a class=\"btn btn-default\" href=\"https:\/\/marcali.plebania.hu\/?p=5828\"> Read More<span class=\"screen-reader-text\">  Read More<\/span><\/a><\/p>\n","protected":false},"author":2,"featured_media":0,"comment_status":"closed","ping_status":"open","sticky":false,"template":"","format":"standard","meta":{"footnotes":""},"categories":[1],"tags":[],"class_list":["post-5828","post","type-post","status-publish","format-standard","hentry","category-egyeb"],"_links":{"self":[{"href":"https:\/\/marcali.plebania.hu\/index.php?rest_route=\/wp\/v2\/posts\/5828","targetHints":{"allow":["GET"]}}],"collection":[{"href":"https:\/\/marcali.plebania.hu\/index.php?rest_route=\/wp\/v2\/posts"}],"about":[{"href":"https:\/\/marcali.plebania.hu\/index.php?rest_route=\/wp\/v2\/types\/post"}],"author":[{"embeddable":true,"href":"https:\/\/marcali.plebania.hu\/index.php?rest_route=\/wp\/v2\/users\/2"}],"replies":[{"embeddable":true,"href":"https:\/\/marcali.plebania.hu\/index.php?rest_route=%2Fwp%2Fv2%2Fcomments&post=5828"}],"version-history":[{"count":1,"href":"https:\/\/marcali.plebania.hu\/index.php?rest_route=\/wp\/v2\/posts\/5828\/revisions"}],"predecessor-version":[{"id":5842,"href":"https:\/\/marcali.plebania.hu\/index.php?rest_route=\/wp\/v2\/posts\/5828\/revisions\/5842"}],"wp:attachment":[{"href":"https:\/\/marcali.plebania.hu\/index.php?rest_route=%2Fwp%2Fv2%2Fmedia&parent=5828"}],"wp:term":[{"taxonomy":"category","embeddable":true,"href":"https:\/\/marcali.plebania.hu\/index.php?rest_route=%2Fwp%2Fv2%2Fcategories&post=5828"},{"taxonomy":"post_tag","embeddable":true,"href":"https:\/\/marcali.plebania.hu\/index.php?rest_route=%2Fwp%2Fv2%2Ftags&post=5828"}],"curies":[{"name":"wp","href":"https:\/\/api.w.org\/{rel}","templated":true}]}}