{"id":584,"date":"2019-01-18T08:26:51","date_gmt":"2019-01-18T08:26:51","guid":{"rendered":"https:\/\/marcali.plebania.hu\/?p=584"},"modified":"2019-01-18T08:26:51","modified_gmt":"2019-01-18T08:26:51","slug":"hirdetesek-2019-01-20","status":"publish","type":"post","link":"https:\/\/marcali.plebania.hu\/?p=584","title":{"rendered":"Hirdet\u00e9sek, 2019. 01. 20."},"content":{"rendered":"\n<ol class=\"wp-block-list\"><li>Ma van az \u00e9vk\u00f6zi 2. vas\u00e1rnap.<\/li><li>Szerd\u00e1n folytat\u00f3dik az \u00f6kumenikus\nimah\u00e9t, amikor 17.30-kor \u00f6kumenikus bibliaolvas\u00e1st tartunk az X-h\u00e1zban.<\/li><li>J\u00f6v\u0151 vas\u00e1rnap 17 \u00f3rakor a\nreform\u00e1tus-evang\u00e9likus templomban \u00f6kumenikus istentisztelet lesz, melyre\nkatolikus testv\u00e9reinket is v\u00e1rjuk.<\/li><li>A hittanos farsang id\u0151pontja febru\u00e1r\n23. d\u00e9lut\u00e1n 13 \u00f3rakor. A r\u00e9szleteket a hittan\u00f3r\u00e1kon hirdetik.<\/li><li>A feln\u0151tt Katolikus B\u00e1l m\u00e1rcius 2-\u00e1n\na gimn\u00e1zium eb\u00e9dl\u0151j\u00e9ben lesz megtartva. Jegyeket Gelencs\u00e9r R\u00f3bertn\u00e9l, S\u00e1voly\nAndre\u00e1n\u00e1l \u00e9s a pl\u00e9b\u00e1ni\u00e1n lehet venni, 4.000- Ft\/f\u0151 \u00e1ron (mely mag\u00e1ba foglalja a\nb\u00fcf\u00e9 asztalos vacsor\u00e1t, a bel\u00e9p\u0151t \u00e9s a j\u00f3t\u00e9konys\u00e1gi c\u00e9lt).<\/li><li>A j\u00f6v\u0151 h\u00e9ten keddt\u0151l 17 \u00f3rakor vannak\na szentmis\u00e9k. P\u00e9nteken a szentmise el\u0151tt szents\u00e9gim\u00e1d\u00e1s.<\/li><li>A b\u00e9rm\u00e1l\u00e1s j\u00fanius 10-\u00e9n, P\u00fcnk\u00f6sd\nvas\u00e1rnapj\u00e1n 16 \u00f3rakor lesz. B\u00e9rm\u00e1l: Varga L\u00e1szl\u00f3 megy\u00e9sp\u00fcsp\u00f6k.<\/li><\/ol>\n","protected":false},"excerpt":{"rendered":"<p>Ma van az \u00e9vk\u00f6zi 2. vas\u00e1rnap. Szerd\u00e1n folytat\u00f3dik az \u00f6kumenikus imah\u00e9t, amikor 17.30-kor \u00f6kumenikus bibliaolvas\u00e1st tartunk az X-h\u00e1zban. J\u00f6v\u0151 vas\u00e1rnap 17 \u00f3rakor a reform\u00e1tus-evang\u00e9likus templomban \u00f6kumenikus istentisztelet lesz, melyre katolikus testv\u00e9reinket is v\u00e1rjuk. A hittanos farsang id\u0151pontja febru\u00e1r 23. d\u00e9lut\u00e1n 13 \u00f3rakor. A r\u00e9szleteket a hittan\u00f3r\u00e1kon hirdetik. A feln\u0151tt Katolikus B\u00e1l m\u00e1rcius 2-\u00e1n a gimn\u00e1zium eb\u00e9dl\u0151j\u00e9ben lesz megtartva. Jegyeket Gelencs\u00e9r R\u00f3bertn\u00e9l, S\u00e1voly Andre\u00e1n\u00e1l \u00e9s a pl\u00e9b\u00e1ni\u00e1n lehet venni, 4.000- Ft\/f\u0151 \u00e1ron (mely mag\u00e1ba foglalja a b\u00fcf\u00e9 asztalos vacsor\u00e1t, a bel\u00e9p\u0151t&#8230;<\/p>\n<p class=\"read-more\"><a class=\"btn btn-default\" href=\"https:\/\/marcali.plebania.hu\/?p=584\"> Read More<span class=\"screen-reader-text\">  Read More<\/span><\/a><\/p>\n","protected":false},"author":2,"featured_media":0,"comment_status":"closed","ping_status":"open","sticky":false,"template":"","format":"standard","meta":{"footnotes":""},"categories":[1],"tags":[],"class_list":["post-584","post","type-post","status-publish","format-standard","hentry","category-egyeb"],"_links":{"self":[{"href":"https:\/\/marcali.plebania.hu\/index.php?rest_route=\/wp\/v2\/posts\/584","targetHints":{"allow":["GET"]}}],"collection":[{"href":"https:\/\/marcali.plebania.hu\/index.php?rest_route=\/wp\/v2\/posts"}],"about":[{"href":"https:\/\/marcali.plebania.hu\/index.php?rest_route=\/wp\/v2\/types\/post"}],"author":[{"embeddable":true,"href":"https:\/\/marcali.plebania.hu\/index.php?rest_route=\/wp\/v2\/users\/2"}],"replies":[{"embeddable":true,"href":"https:\/\/marcali.plebania.hu\/index.php?rest_route=%2Fwp%2Fv2%2Fcomments&post=584"}],"version-history":[{"count":1,"href":"https:\/\/marcali.plebania.hu\/index.php?rest_route=\/wp\/v2\/posts\/584\/revisions"}],"predecessor-version":[{"id":585,"href":"https:\/\/marcali.plebania.hu\/index.php?rest_route=\/wp\/v2\/posts\/584\/revisions\/585"}],"wp:attachment":[{"href":"https:\/\/marcali.plebania.hu\/index.php?rest_route=%2Fwp%2Fv2%2Fmedia&parent=584"}],"wp:term":[{"taxonomy":"category","embeddable":true,"href":"https:\/\/marcali.plebania.hu\/index.php?rest_route=%2Fwp%2Fv2%2Fcategories&post=584"},{"taxonomy":"post_tag","embeddable":true,"href":"https:\/\/marcali.plebania.hu\/index.php?rest_route=%2Fwp%2Fv2%2Ftags&post=584"}],"curies":[{"name":"wp","href":"https:\/\/api.w.org\/{rel}","templated":true}]}}