{"id":5844,"date":"2024-05-15T07:50:13","date_gmt":"2024-05-15T07:50:13","guid":{"rendered":"https:\/\/marcali.plebania.hu\/?p=5844"},"modified":"2024-05-15T07:50:13","modified_gmt":"2024-05-15T07:50:13","slug":"hirdetesek-2024-majus-12-en","status":"publish","type":"post","link":"https:\/\/marcali.plebania.hu\/?p=5844","title":{"rendered":"Hirdet\u00e9sek 2024. m\u00e1jus 12-\u00e9n"},"content":{"rendered":"\n<p><strong><a href=\"https:\/\/igenaptar.katolikus.hu\/2024\/nap\/index.php?holnap=2024-05-12\" target=\"_blank\" rel=\"noreferrer noopener\"><u>Urunk mennybemenetele (f\u0151\u00fcnnep)<\/u><\/a><\/strong><\/p>\n\n\n\n<ol class=\"wp-block-list\" start=\"1\">\n<li>A 9 \u00f3rai szentmis\u00e9ben \u00fcnnepelj\u00fck a hittanosok <strong>els\u0151\u00e1ldoz\u00e1s<\/strong>\u00e1t, szombaton 10 \u00f3rakor pedig Varga L\u00e1szl\u00f3 p\u00fcsp\u00f6k atya a <strong>b\u00e9rm\u00e1l\u00e1s<\/strong> szents\u00e9g\u00e9ben r\u00e9szes\u00edti a fiatalokat, akik r\u00e9szt vettek a b\u00e9rm\u00e1l\u00e1si felk\u00e9sz\u00edt\u0151n. Im\u00e1dkozzunk \u00e9rt\u00fck, \u00e9s ha tehetj\u00fck, vegy\u00fcnk r\u00e9szt ezeken a szentmis\u00e9ken, amelyek az eg\u00e9sz pl\u00e9b\u00e1niak\u00f6z\u00f6ss\u00e9g \u00fcnnepei.<\/li>\n\n\n\n<li>A m\u00e1jusi <strong>fatimai ima\u00f3ra<\/strong> kedden 17 \u00f3rakor kezd\u0151dik a pl\u00e9b\u00e1niatemplomban.<\/li>\n\n\n\n<li>Az idei <strong>egyh\u00e1zmegyei nap<\/strong> &#8211; <em>Veled!<\/em> mott\u00f3val &#8211; m\u00e1jus 25-\u00e9n ker\u00fcl megrendez\u00e9sre Kaposv\u00e1ron. R\u00e9szletek \u00e9s jelentkez\u00e9si lehet\u0151s\u00e9g az egyh\u00e1zmegye honlapj\u00e1n tal\u00e1lhat\u00f3k (a <a href=\"http:\/\/kaposvar.egyhazmegye.hu\/egyhazmegyeinap\" target=\"_blank\" rel=\"noreferrer noopener\"><u>kaposvar.egyhazmegye.hu\/egyhazmegyeinap<\/u><\/a> oldalon).<\/li>\n\n\n\n<li>Az Orb\u00e1n-k\u00e1polna b\u00facs\u00famis\u00e9je m\u00e1jus 26-\u00e1n 11 \u00f3rakor kezd\u0151dik. Aznap emiatt nem lesz Biz\u00e9n szentmise.<\/li>\n\n\n\n<li>Idei <strong>ny\u00e1ri t\u00e1bor<\/strong>unkat j\u00falius 8. \u00e9s 12. k\u00f6z\u00f6tt szervezz\u00fck meg. A r\u00e9szleteket k\u00e9s\u0151bb hirdetj\u00fck.<\/li>\n<\/ol>\n","protected":false},"excerpt":{"rendered":"<p>Urunk mennybemenetele (f\u0151\u00fcnnep)<\/p>\n","protected":false},"author":2,"featured_media":0,"comment_status":"closed","ping_status":"open","sticky":false,"template":"","format":"standard","meta":{"footnotes":""},"categories":[1],"tags":[],"class_list":["post-5844","post","type-post","status-publish","format-standard","hentry","category-egyeb"],"_links":{"self":[{"href":"https:\/\/marcali.plebania.hu\/index.php?rest_route=\/wp\/v2\/posts\/5844","targetHints":{"allow":["GET"]}}],"collection":[{"href":"https:\/\/marcali.plebania.hu\/index.php?rest_route=\/wp\/v2\/posts"}],"about":[{"href":"https:\/\/marcali.plebania.hu\/index.php?rest_route=\/wp\/v2\/types\/post"}],"author":[{"embeddable":true,"href":"https:\/\/marcali.plebania.hu\/index.php?rest_route=\/wp\/v2\/users\/2"}],"replies":[{"embeddable":true,"href":"https:\/\/marcali.plebania.hu\/index.php?rest_route=%2Fwp%2Fv2%2Fcomments&post=5844"}],"version-history":[{"count":1,"href":"https:\/\/marcali.plebania.hu\/index.php?rest_route=\/wp\/v2\/posts\/5844\/revisions"}],"predecessor-version":[{"id":5845,"href":"https:\/\/marcali.plebania.hu\/index.php?rest_route=\/wp\/v2\/posts\/5844\/revisions\/5845"}],"wp:attachment":[{"href":"https:\/\/marcali.plebania.hu\/index.php?rest_route=%2Fwp%2Fv2%2Fmedia&parent=5844"}],"wp:term":[{"taxonomy":"category","embeddable":true,"href":"https:\/\/marcali.plebania.hu\/index.php?rest_route=%2Fwp%2Fv2%2Fcategories&post=5844"},{"taxonomy":"post_tag","embeddable":true,"href":"https:\/\/marcali.plebania.hu\/index.php?rest_route=%2Fwp%2Fv2%2Ftags&post=5844"}],"curies":[{"name":"wp","href":"https:\/\/api.w.org\/{rel}","templated":true}]}}