{"id":5847,"date":"2024-05-19T15:29:22","date_gmt":"2024-05-19T15:29:22","guid":{"rendered":"https:\/\/marcali.plebania.hu\/?p=5847"},"modified":"2024-05-19T15:29:22","modified_gmt":"2024-05-19T15:29:22","slug":"hirdetesek-2024-majus-19-en","status":"publish","type":"post","link":"https:\/\/marcali.plebania.hu\/?p=5847","title":{"rendered":"Hirdet\u00e9sek 2024. m\u00e1jus 19-\u00e9n"},"content":{"rendered":"\n<p><\/p>\n\n\n\n<p><strong><a href=\"https:\/\/igenaptar.katolikus.hu\/2024\/nap\/index.php?holnap=2024-05-19\" target=\"_blank\" rel=\"noreferrer noopener\"><u>P\u00fcnk\u00f6sd (f\u0151\u00fcnnep)<\/u><\/a><\/strong><\/p>\n\n\n\n<ol class=\"wp-block-list\" start=\"1\">\n<li>A <strong>F\u00e9rfi-k\u00f6r<\/strong> k\u00f6vetkez\u0151 tal\u00e1lkoz\u00f3ja szerd\u00e1n, a <strong>feln\u0151tt<\/strong>eknek sz\u00f3l\u00f3 <strong>hittan<\/strong> \u00e9s szents\u00e9gi felk\u00e9sz\u00edt\u0151 pedig cs\u00fct\u00f6rt\u00f6k\u00f6n 18:45-kor kezd\u0151dik az X-h\u00e1zban. Szeretettel v\u00e1rjuk a tagokat \u00e9s az \u00e9rdekl\u0151d\u0151ket.<\/li>\n\n\n\n<li>Az idei <strong>egyh\u00e1zmegyei nap<\/strong> &#8211; <em>Veled!<\/em> mott\u00f3val &#8211; szombaton ker\u00fcl megrendez\u00e9sre Kaposv\u00e1ron. R\u00e9szletek az egyh\u00e1zmegye honlapj\u00e1n tal\u00e1lhat\u00f3k (a <a href=\"http:\/\/kaposvar.egyhazmegye.hu\/egyhazmegyeinap\" target=\"_blank\" rel=\"noreferrer noopener\"><u>kaposvar.egyhazmegye.hu\/egyhazmegyeinap<\/u><\/a> oldalon).<\/li>\n\n\n\n<li>Szombaton, Szenth\u00e1roms\u00e1g vas\u00e1rnapj\u00e1nak el\u0151est\u00e9j\u00e9n 17 \u00f3r\u00e1t\u00f3l <strong>ima\u00f3r\u00e1<\/strong>t tartunk a pl\u00e9b\u00e1niatemplomban.<\/li>\n\n\n\n<li>Az Orb\u00e1n-k\u00e1polna b\u00facs\u00famis\u00e9je j\u00f6v\u0151 vas\u00e1rnap 11 \u00f3rakor kezd\u0151dik. Aznap emiatt Biz\u00e9n nem lesz szentmise.<\/li>\n\n\n\n<li>Idei napk\u00f6zis hittanos<strong> t\u00e1bor<\/strong>unkat, melynek r\u00e9sze egy tihanyi kir\u00e1ndul\u00e1s is, j\u00falius 8. \u00e9s 12. k\u00f6z\u00f6tt tartjuk. J\u00fanius 2-ig lehet jelentkezni a hitoktat\u00f3kn\u00e1l, a t\u00e1bor alapd\u00edja 20 ezer forint, melyre ig\u00e9nyelhet\u0151 kedvezm\u00e9ny (pl. t\u00f6bb testv\u00e9r eset\u00e9n). 40 f\u0151t tudunk fogadni a t\u00e1borban. A jelentkez\u00e9sn\u00e9l el\u0151nyt \u00e9lvez az a di\u00e1k, aki rendszeresen r\u00e9szt vett a vas\u00e1rnapi szentmis\u00e9ken, ministr\u00e1lt, a zenekar tagja; a templomi vagy a pl\u00e9b\u00e1niai programokban r\u00e9szt vett, seg\u00edtett.<\/li>\n<\/ol>\n","protected":false},"excerpt":{"rendered":"<p>P\u00fcnk\u00f6sd (f\u0151\u00fcnnep)<\/p>\n","protected":false},"author":1,"featured_media":0,"comment_status":"closed","ping_status":"open","sticky":false,"template":"","format":"standard","meta":{"footnotes":""},"categories":[1],"tags":[],"class_list":["post-5847","post","type-post","status-publish","format-standard","hentry","category-egyeb"],"_links":{"self":[{"href":"https:\/\/marcali.plebania.hu\/index.php?rest_route=\/wp\/v2\/posts\/5847","targetHints":{"allow":["GET"]}}],"collection":[{"href":"https:\/\/marcali.plebania.hu\/index.php?rest_route=\/wp\/v2\/posts"}],"about":[{"href":"https:\/\/marcali.plebania.hu\/index.php?rest_route=\/wp\/v2\/types\/post"}],"author":[{"embeddable":true,"href":"https:\/\/marcali.plebania.hu\/index.php?rest_route=\/wp\/v2\/users\/1"}],"replies":[{"embeddable":true,"href":"https:\/\/marcali.plebania.hu\/index.php?rest_route=%2Fwp%2Fv2%2Fcomments&post=5847"}],"version-history":[{"count":1,"href":"https:\/\/marcali.plebania.hu\/index.php?rest_route=\/wp\/v2\/posts\/5847\/revisions"}],"predecessor-version":[{"id":5848,"href":"https:\/\/marcali.plebania.hu\/index.php?rest_route=\/wp\/v2\/posts\/5847\/revisions\/5848"}],"wp:attachment":[{"href":"https:\/\/marcali.plebania.hu\/index.php?rest_route=%2Fwp%2Fv2%2Fmedia&parent=5847"}],"wp:term":[{"taxonomy":"category","embeddable":true,"href":"https:\/\/marcali.plebania.hu\/index.php?rest_route=%2Fwp%2Fv2%2Fcategories&post=5847"},{"taxonomy":"post_tag","embeddable":true,"href":"https:\/\/marcali.plebania.hu\/index.php?rest_route=%2Fwp%2Fv2%2Ftags&post=5847"}],"curies":[{"name":"wp","href":"https:\/\/api.w.org\/{rel}","templated":true}]}}