{"id":5850,"date":"2024-05-23T14:28:39","date_gmt":"2024-05-23T14:28:39","guid":{"rendered":"https:\/\/marcali.plebania.hu\/?p=5850"},"modified":"2024-05-23T14:28:39","modified_gmt":"2024-05-23T14:28:39","slug":"bermalas-2024","status":"publish","type":"post","link":"https:\/\/marcali.plebania.hu\/?p=5850","title":{"rendered":"B\u00e9rm\u00e1l\u00e1s 2024"},"content":{"rendered":"\n<p>2024. m\u00e1jus 18-\u00e1n, szombaton 10 \u00f3rakor kezd\u0151d\u00f6tt a b\u00e9rm\u00e1l\u00e1s az idei esztend\u0151ben a Marcali Gy\u00fcm\u00f6lcsolt\u00f3 Boldogasszony pl\u00e9b\u00e1niatemplomban.<\/p>\n\n\n\n<figure class=\"wp-block-gallery has-nested-images columns-default is-cropped wp-block-gallery-1 is-layout-flex wp-block-gallery-is-layout-flex\">\n<figure class=\"wp-block-image size-large\"><img loading=\"lazy\" decoding=\"async\" width=\"1024\" height=\"683\" data-id=\"5853\" src=\"https:\/\/marcali.plebania.hu\/wp-content\/uploads\/2024\/05\/06-1024x683.jpg\" alt=\"\" class=\"wp-image-5853\" srcset=\"https:\/\/marcali.plebania.hu\/wp-content\/uploads\/2024\/05\/06-1024x683.jpg 1024w, https:\/\/marcali.plebania.hu\/wp-content\/uploads\/2024\/05\/06-300x200.jpg 300w, https:\/\/marcali.plebania.hu\/wp-content\/uploads\/2024\/05\/06-768x512.jpg 768w, https:\/\/marcali.plebania.hu\/wp-content\/uploads\/2024\/05\/06-1536x1024.jpg 1536w, https:\/\/marcali.plebania.hu\/wp-content\/uploads\/2024\/05\/06-2048x1365.jpg 2048w, https:\/\/marcali.plebania.hu\/wp-content\/uploads\/2024\/05\/06-405x270.jpg 405w\" sizes=\"auto, (max-width: 1024px) 100vw, 1024px\" \/><\/figure>\n\n\n\n<figure class=\"wp-block-image size-large\"><img loading=\"lazy\" decoding=\"async\" width=\"1024\" height=\"683\" data-id=\"5852\" src=\"https:\/\/marcali.plebania.hu\/wp-content\/uploads\/2024\/05\/07-1-1024x683.jpg\" alt=\"\" class=\"wp-image-5852\" srcset=\"https:\/\/marcali.plebania.hu\/wp-content\/uploads\/2024\/05\/07-1-1024x683.jpg 1024w, https:\/\/marcali.plebania.hu\/wp-content\/uploads\/2024\/05\/07-1-300x200.jpg 300w, https:\/\/marcali.plebania.hu\/wp-content\/uploads\/2024\/05\/07-1-768x512.jpg 768w, https:\/\/marcali.plebania.hu\/wp-content\/uploads\/2024\/05\/07-1-1536x1024.jpg 1536w, https:\/\/marcali.plebania.hu\/wp-content\/uploads\/2024\/05\/07-1-2048x1365.jpg 2048w, https:\/\/marcali.plebania.hu\/wp-content\/uploads\/2024\/05\/07-1-405x270.jpg 405w\" sizes=\"auto, (max-width: 1024px) 100vw, 1024px\" \/><\/figure>\n\n\n\n<figure class=\"wp-block-image size-large\"><img loading=\"lazy\" decoding=\"async\" width=\"1024\" height=\"683\" data-id=\"5851\" src=\"https:\/\/marcali.plebania.hu\/wp-content\/uploads\/2024\/05\/08-1-1024x683.jpg\" alt=\"\" class=\"wp-image-5851\" srcset=\"https:\/\/marcali.plebania.hu\/wp-content\/uploads\/2024\/05\/08-1-1024x683.jpg 1024w, https:\/\/marcali.plebania.hu\/wp-content\/uploads\/2024\/05\/08-1-300x200.jpg 300w, https:\/\/marcali.plebania.hu\/wp-content\/uploads\/2024\/05\/08-1-768x512.jpg 768w, https:\/\/marcali.plebania.hu\/wp-content\/uploads\/2024\/05\/08-1-1536x1024.jpg 1536w, https:\/\/marcali.plebania.hu\/wp-content\/uploads\/2024\/05\/08-1-2048x1365.jpg 2048w, https:\/\/marcali.plebania.hu\/wp-content\/uploads\/2024\/05\/08-1-405x270.jpg 405w\" sizes=\"auto, (max-width: 1024px) 100vw, 1024px\" \/><\/figure>\n\n\n\n<figure class=\"wp-block-image size-large\"><img loading=\"lazy\" decoding=\"async\" width=\"1024\" height=\"683\" data-id=\"5855\" src=\"https:\/\/marcali.plebania.hu\/wp-content\/uploads\/2024\/05\/10-1-1024x683.jpg\" alt=\"\" class=\"wp-image-5855\" srcset=\"https:\/\/marcali.plebania.hu\/wp-content\/uploads\/2024\/05\/10-1-1024x683.jpg 1024w, https:\/\/marcali.plebania.hu\/wp-content\/uploads\/2024\/05\/10-1-300x200.jpg 300w, https:\/\/marcali.plebania.hu\/wp-content\/uploads\/2024\/05\/10-1-768x512.jpg 768w, https:\/\/marcali.plebania.hu\/wp-content\/uploads\/2024\/05\/10-1-1536x1024.jpg 1536w, https:\/\/marcali.plebania.hu\/wp-content\/uploads\/2024\/05\/10-1-2048x1365.jpg 2048w, https:\/\/marcali.plebania.hu\/wp-content\/uploads\/2024\/05\/10-1-405x270.jpg 405w\" sizes=\"auto, (max-width: 1024px) 100vw, 1024px\" \/><\/figure>\n<\/figure>\n\n\n\n<p>Az \u00fcnnepi szentmis\u00e9t Varga L\u00e1szl\u00f3 kaposv\u00e1ri megy\u00e9sp\u00fcsp\u00f6ki \u2013 \u00f6t k\u00f6rk\u00e9nybeli lelkip\u00e1sztor k\u00f6zrem\u0171k\u00f6d\u00e9s\u00e9vel \u2013 celebr\u00e1lta, akit Gelencs\u00e9r R\u00f3bert vil\u00e1gi eln\u00f6k \u00e9s k\u00e9t b\u00e9rm\u00e1lkoz\u00f3 k\u00f6sz\u00f6nt\u00f6tt; tov\u00e1bb\u00e1 k\u00e9rt\u00e9k, hogy szolg\u00e1ltassa ki a b\u00e9rm\u00e1l\u00e1s szents\u00e9g\u00e9t. A p\u00fcsp\u00f6k szentbesz\u00e9d\u00e9ben a b\u00e9rm\u00e1l\u00e1s jelent\u0151s\u00e9g\u00e9r\u0151l, a Szentl\u00e9lek \u00e1lland\u00f3 seg\u00edts\u00e9g\u00fcl h\u00edv\u00e1s\u00e1r\u00f3l, az Isten ir\u00e1nti elk\u00f6telez\u0151d\u00e9sr\u0151l \u00e9s a szeretet fontoss\u00e1g\u00e1r\u00f3l besz\u00e9lt a fiataloknak.<\/p>\n\n\n\n<figure class=\"wp-block-gallery has-nested-images columns-default is-cropped wp-block-gallery-2 is-layout-flex wp-block-gallery-is-layout-flex\">\n<figure class=\"wp-block-image size-large\"><img loading=\"lazy\" decoding=\"async\" width=\"1024\" height=\"683\" data-id=\"5860\" src=\"https:\/\/marcali.plebania.hu\/wp-content\/uploads\/2024\/05\/12-1-1024x683.jpg\" alt=\"\" class=\"wp-image-5860\" srcset=\"https:\/\/marcali.plebania.hu\/wp-content\/uploads\/2024\/05\/12-1-1024x683.jpg 1024w, https:\/\/marcali.plebania.hu\/wp-content\/uploads\/2024\/05\/12-1-300x200.jpg 300w, https:\/\/marcali.plebania.hu\/wp-content\/uploads\/2024\/05\/12-1-768x512.jpg 768w, https:\/\/marcali.plebania.hu\/wp-content\/uploads\/2024\/05\/12-1-1536x1024.jpg 1536w, https:\/\/marcali.plebania.hu\/wp-content\/uploads\/2024\/05\/12-1-2048x1365.jpg 2048w, https:\/\/marcali.plebania.hu\/wp-content\/uploads\/2024\/05\/12-1-405x270.jpg 405w\" sizes=\"auto, (max-width: 1024px) 100vw, 1024px\" \/><\/figure>\n\n\n\n<figure class=\"wp-block-image size-large\"><img loading=\"lazy\" decoding=\"async\" width=\"1024\" height=\"683\" data-id=\"5861\" src=\"https:\/\/marcali.plebania.hu\/wp-content\/uploads\/2024\/05\/25-1024x683.jpg\" alt=\"\" class=\"wp-image-5861\" srcset=\"https:\/\/marcali.plebania.hu\/wp-content\/uploads\/2024\/05\/25-1024x683.jpg 1024w, https:\/\/marcali.plebania.hu\/wp-content\/uploads\/2024\/05\/25-300x200.jpg 300w, https:\/\/marcali.plebania.hu\/wp-content\/uploads\/2024\/05\/25-768x512.jpg 768w, https:\/\/marcali.plebania.hu\/wp-content\/uploads\/2024\/05\/25-1536x1024.jpg 1536w, https:\/\/marcali.plebania.hu\/wp-content\/uploads\/2024\/05\/25-2048x1365.jpg 2048w, https:\/\/marcali.plebania.hu\/wp-content\/uploads\/2024\/05\/25-405x270.jpg 405w\" sizes=\"auto, (max-width: 1024px) 100vw, 1024px\" \/><\/figure>\n\n\n\n<figure class=\"wp-block-image size-large\"><img loading=\"lazy\" decoding=\"async\" width=\"1024\" height=\"683\" data-id=\"5856\" src=\"https:\/\/marcali.plebania.hu\/wp-content\/uploads\/2024\/05\/28-1024x683.jpg\" alt=\"\" class=\"wp-image-5856\" srcset=\"https:\/\/marcali.plebania.hu\/wp-content\/uploads\/2024\/05\/28-1024x683.jpg 1024w, https:\/\/marcali.plebania.hu\/wp-content\/uploads\/2024\/05\/28-300x200.jpg 300w, https:\/\/marcali.plebania.hu\/wp-content\/uploads\/2024\/05\/28-768x512.jpg 768w, https:\/\/marcali.plebania.hu\/wp-content\/uploads\/2024\/05\/28-1536x1024.jpg 1536w, https:\/\/marcali.plebania.hu\/wp-content\/uploads\/2024\/05\/28-2048x1365.jpg 2048w, https:\/\/marcali.plebania.hu\/wp-content\/uploads\/2024\/05\/28-405x270.jpg 405w\" sizes=\"auto, (max-width: 1024px) 100vw, 1024px\" \/><\/figure>\n\n\n\n<figure class=\"wp-block-image size-large\"><img loading=\"lazy\" decoding=\"async\" width=\"1024\" height=\"683\" data-id=\"5858\" src=\"https:\/\/marcali.plebania.hu\/wp-content\/uploads\/2024\/05\/30-1024x683.jpg\" alt=\"\" class=\"wp-image-5858\" srcset=\"https:\/\/marcali.plebania.hu\/wp-content\/uploads\/2024\/05\/30-1024x683.jpg 1024w, https:\/\/marcali.plebania.hu\/wp-content\/uploads\/2024\/05\/30-300x200.jpg 300w, https:\/\/marcali.plebania.hu\/wp-content\/uploads\/2024\/05\/30-768x512.jpg 768w, https:\/\/marcali.plebania.hu\/wp-content\/uploads\/2024\/05\/30-1536x1024.jpg 1536w, https:\/\/marcali.plebania.hu\/wp-content\/uploads\/2024\/05\/30-2048x1365.jpg 2048w, https:\/\/marcali.plebania.hu\/wp-content\/uploads\/2024\/05\/30-405x270.jpg 405w\" sizes=\"auto, (max-width: 1024px) 100vw, 1024px\" \/><\/figure>\n<\/figure>\n\n\n\n<p>Ezt k\u00f6vet\u0151en a b\u00e9rm\u00e1lkoz\u00f3k egyenk\u00e9nt bemutatkoztak \u00e9s elmondt\u00e1k, hogy milyen b\u00e9rmanevet v\u00e1lasztottak maguknak. Majd a Varga L\u00e1szl\u00f3 p\u00fcsp\u00f6k atya \u00f6sszesen 17 fiatalt r\u00e9szes\u00edtett a b\u00e9rm\u00e1l\u00e1s szents\u00e9g\u00e9ben. V\u00e9g\u00fcl k\u00f6sz\u00f6netet mondott Tomanek Ferenc \u00c1ron marcali pl\u00e9b\u00e1nosnak, \u00e9s dr. Gyulain\u00e9 Domj\u00e1n Zsuzsanna hitoktat\u00f3nak az eddigi munk\u00e1j\u00e1\u00e9rt; a sz\u00fcl\u0151knek pedig, hogy v\u00e1llalt\u00e1k a b\u00e9rm\u00e1l\u00e1st, \u00e9s elk\u00eds\u00e9rt\u00e9k gyermekeiket a Szentl\u00e9lekkel val\u00f3 tal\u00e1lkoz\u00e1sra.<\/p>\n\n\n\n<figure class=\"wp-block-gallery has-nested-images columns-default is-cropped wp-block-gallery-3 is-layout-flex wp-block-gallery-is-layout-flex\">\n<figure class=\"wp-block-image size-large\"><img loading=\"lazy\" decoding=\"async\" width=\"1024\" height=\"683\" data-id=\"5864\" src=\"https:\/\/marcali.plebania.hu\/wp-content\/uploads\/2024\/05\/45-1024x683.jpg\" alt=\"\" class=\"wp-image-5864\" srcset=\"https:\/\/marcali.plebania.hu\/wp-content\/uploads\/2024\/05\/45-1024x683.jpg 1024w, https:\/\/marcali.plebania.hu\/wp-content\/uploads\/2024\/05\/45-300x200.jpg 300w, https:\/\/marcali.plebania.hu\/wp-content\/uploads\/2024\/05\/45-768x512.jpg 768w, https:\/\/marcali.plebania.hu\/wp-content\/uploads\/2024\/05\/45-1536x1024.jpg 1536w, https:\/\/marcali.plebania.hu\/wp-content\/uploads\/2024\/05\/45-2048x1365.jpg 2048w, https:\/\/marcali.plebania.hu\/wp-content\/uploads\/2024\/05\/45-405x270.jpg 405w\" sizes=\"auto, (max-width: 1024px) 100vw, 1024px\" \/><\/figure>\n\n\n\n<figure class=\"wp-block-image size-large\"><img loading=\"lazy\" decoding=\"async\" width=\"1024\" height=\"683\" data-id=\"5865\" src=\"https:\/\/marcali.plebania.hu\/wp-content\/uploads\/2024\/05\/46-1-1024x683.jpg\" alt=\"\" class=\"wp-image-5865\" srcset=\"https:\/\/marcali.plebania.hu\/wp-content\/uploads\/2024\/05\/46-1-1024x683.jpg 1024w, https:\/\/marcali.plebania.hu\/wp-content\/uploads\/2024\/05\/46-1-300x200.jpg 300w, https:\/\/marcali.plebania.hu\/wp-content\/uploads\/2024\/05\/46-1-768x512.jpg 768w, https:\/\/marcali.plebania.hu\/wp-content\/uploads\/2024\/05\/46-1-1536x1024.jpg 1536w, https:\/\/marcali.plebania.hu\/wp-content\/uploads\/2024\/05\/46-1-2048x1365.jpg 2048w, https:\/\/marcali.plebania.hu\/wp-content\/uploads\/2024\/05\/46-1-405x270.jpg 405w\" sizes=\"auto, (max-width: 1024px) 100vw, 1024px\" \/><\/figure>\n\n\n\n<figure class=\"wp-block-image size-large\"><img loading=\"lazy\" decoding=\"async\" width=\"1024\" height=\"683\" data-id=\"5862\" src=\"https:\/\/marcali.plebania.hu\/wp-content\/uploads\/2024\/05\/47-1024x683.jpg\" alt=\"\" class=\"wp-image-5862\" srcset=\"https:\/\/marcali.plebania.hu\/wp-content\/uploads\/2024\/05\/47-1024x683.jpg 1024w, https:\/\/marcali.plebania.hu\/wp-content\/uploads\/2024\/05\/47-300x200.jpg 300w, https:\/\/marcali.plebania.hu\/wp-content\/uploads\/2024\/05\/47-768x512.jpg 768w, https:\/\/marcali.plebania.hu\/wp-content\/uploads\/2024\/05\/47-1536x1024.jpg 1536w, https:\/\/marcali.plebania.hu\/wp-content\/uploads\/2024\/05\/47-2048x1365.jpg 2048w, https:\/\/marcali.plebania.hu\/wp-content\/uploads\/2024\/05\/47-405x270.jpg 405w\" sizes=\"auto, (max-width: 1024px) 100vw, 1024px\" \/><\/figure>\n\n\n\n<figure class=\"wp-block-image size-large\"><img loading=\"lazy\" decoding=\"async\" width=\"1024\" height=\"683\" data-id=\"5863\" src=\"https:\/\/marcali.plebania.hu\/wp-content\/uploads\/2024\/05\/48-1024x683.jpg\" alt=\"\" class=\"wp-image-5863\" srcset=\"https:\/\/marcali.plebania.hu\/wp-content\/uploads\/2024\/05\/48-1024x683.jpg 1024w, https:\/\/marcali.plebania.hu\/wp-content\/uploads\/2024\/05\/48-300x200.jpg 300w, https:\/\/marcali.plebania.hu\/wp-content\/uploads\/2024\/05\/48-768x512.jpg 768w, https:\/\/marcali.plebania.hu\/wp-content\/uploads\/2024\/05\/48-1536x1024.jpg 1536w, https:\/\/marcali.plebania.hu\/wp-content\/uploads\/2024\/05\/48-2048x1365.jpg 2048w, https:\/\/marcali.plebania.hu\/wp-content\/uploads\/2024\/05\/48-405x270.jpg 405w\" sizes=\"auto, (max-width: 1024px) 100vw, 1024px\" \/><\/figure>\n<\/figure>\n\n\n\n<p>Az istentiszteleten Patk\u00f3 Imre, a Noszlopy G\u00e1sp\u00e1r \u00c1ltal\u00e1nos \u00e9s Alapfok\u00fa M\u0171v\u00e9szeti Iskola igazgat\u00f3ja \u00e9s t\u00f6bb pedag\u00f3gus is r\u00e9szt vett. K\u00f6zrem\u0171k\u00f6d\u00f6tt a Marcali F\u00e9ny Gyermekei Katolikus Zenekar, tov\u00e1bb\u00e1 Balogh B\u00e1lint k\u00e1ntor orgon\u00e1n. A Szentlelket h\u00edv\u00f3 \u00e9s dics\u0151\u00edt\u0151 git\u00e1ros \u00e9nekek mellett felhangzott Marco Frisina: Anima Christi c\u00edm\u0171 k\u00f6zismert dala is.<\/p>\n\n\n\n<p>\u00cdrta \u00e9s fot\u00f3k: Kiss K\u00e1lm\u00e1n<\/p>\n","protected":false},"excerpt":{"rendered":"<p>2024. m\u00e1jus 18-\u00e1n, szombaton 10 \u00f3rakor kezd\u0151d\u00f6tt a b\u00e9rm\u00e1l\u00e1s az idei esztend\u0151ben a Marcali Gy\u00fcm\u00f6lcsolt\u00f3 Boldogasszony pl\u00e9b\u00e1niatemplomban. Az \u00fcnnepi szentmis\u00e9t Varga L\u00e1szl\u00f3 kaposv\u00e1ri megy\u00e9sp\u00fcsp\u00f6ki \u2013 \u00f6t k\u00f6rk\u00e9nybeli lelkip\u00e1sztor k\u00f6zrem\u0171k\u00f6d\u00e9s\u00e9vel \u2013 celebr\u00e1lta, akit Gelencs\u00e9r R\u00f3bert vil\u00e1gi eln\u00f6k \u00e9s k\u00e9t b\u00e9rm\u00e1lkoz\u00f3 k\u00f6sz\u00f6nt\u00f6tt; tov\u00e1bb\u00e1 k\u00e9rt\u00e9k, hogy szolg\u00e1ltassa ki a b\u00e9rm\u00e1l\u00e1s szents\u00e9g\u00e9t. A p\u00fcsp\u00f6k szentbesz\u00e9d\u00e9ben a b\u00e9rm\u00e1l\u00e1s jelent\u0151s\u00e9g\u00e9r\u0151l, a Szentl\u00e9lek \u00e1lland\u00f3 seg\u00edts\u00e9g\u00fcl h\u00edv\u00e1s\u00e1r\u00f3l, az Isten ir\u00e1nti elk\u00f6telez\u0151d\u00e9sr\u0151l \u00e9s a szeretet fontoss\u00e1g\u00e1r\u00f3l besz\u00e9lt a fiataloknak. Ezt k\u00f6vet\u0151en a b\u00e9rm\u00e1lkoz\u00f3k egyenk\u00e9nt bemutatkoztak \u00e9s elmondt\u00e1k, hogy milyen&#8230;<\/p>\n<p class=\"read-more\"><a class=\"btn btn-default\" href=\"https:\/\/marcali.plebania.hu\/?p=5850\"> Read More<span class=\"screen-reader-text\">  Read More<\/span><\/a><\/p>\n","protected":false},"author":2,"featured_media":0,"comment_status":"closed","ping_status":"open","sticky":false,"template":"","format":"standard","meta":{"footnotes":""},"categories":[1],"tags":[],"class_list":["post-5850","post","type-post","status-publish","format-standard","hentry","category-egyeb"],"_links":{"self":[{"href":"https:\/\/marcali.plebania.hu\/index.php?rest_route=\/wp\/v2\/posts\/5850","targetHints":{"allow":["GET"]}}],"collection":[{"href":"https:\/\/marcali.plebania.hu\/index.php?rest_route=\/wp\/v2\/posts"}],"about":[{"href":"https:\/\/marcali.plebania.hu\/index.php?rest_route=\/wp\/v2\/types\/post"}],"author":[{"embeddable":true,"href":"https:\/\/marcali.plebania.hu\/index.php?rest_route=\/wp\/v2\/users\/2"}],"replies":[{"embeddable":true,"href":"https:\/\/marcali.plebania.hu\/index.php?rest_route=%2Fwp%2Fv2%2Fcomments&post=5850"}],"version-history":[{"count":1,"href":"https:\/\/marcali.plebania.hu\/index.php?rest_route=\/wp\/v2\/posts\/5850\/revisions"}],"predecessor-version":[{"id":5866,"href":"https:\/\/marcali.plebania.hu\/index.php?rest_route=\/wp\/v2\/posts\/5850\/revisions\/5866"}],"wp:attachment":[{"href":"https:\/\/marcali.plebania.hu\/index.php?rest_route=%2Fwp%2Fv2%2Fmedia&parent=5850"}],"wp:term":[{"taxonomy":"category","embeddable":true,"href":"https:\/\/marcali.plebania.hu\/index.php?rest_route=%2Fwp%2Fv2%2Fcategories&post=5850"},{"taxonomy":"post_tag","embeddable":true,"href":"https:\/\/marcali.plebania.hu\/index.php?rest_route=%2Fwp%2Fv2%2Ftags&post=5850"}],"curies":[{"name":"wp","href":"https:\/\/api.w.org\/{rel}","templated":true}]}}