{"id":586,"date":"2019-01-22T15:45:59","date_gmt":"2019-01-22T15:45:59","guid":{"rendered":"https:\/\/marcali.plebania.hu\/?p=586"},"modified":"2019-01-22T15:45:59","modified_gmt":"2019-01-22T15:45:59","slug":"istentisztelettel-kezdodott-az-okumenikus-imahet","status":"publish","type":"post","link":"https:\/\/marcali.plebania.hu\/?p=586","title":{"rendered":"Istentisztelettel kezd\u0151d\u00f6tt az \u00f6kumenikus imah\u00e9t"},"content":{"rendered":"\n<p>2019. janu\u00e1r 20-\u00e1n, vas\u00e1rnap a Gy\u00fcm\u00f6lcsolt\u00f3 Boldogasszony pl\u00e9b\u00e1niatemplomban 9 \u00f3rakor \u00fcnnepi istentisztelettel vette kezdet\u00e9t az \u00f6kumenikus imah\u00e9t Marcaliban, melyet Kiss Iv\u00e1n c. pr\u00e9post, esperes-pl\u00e9b\u00e1nos celebr\u00e1lt, Fazekas Kriszti\u00e1n reform\u00e1tus lelkip\u00e1sztor, pedig ig\u00e9t hirdetett a katolikus \u00e9s reform\u00e1tus h\u00edveknek.<\/p>\n\n\n\n<figure class=\"wp-block-image\"><img loading=\"lazy\" decoding=\"async\" width=\"1024\" height=\"683\" src=\"https:\/\/marcali.plebania.hu\/wp-content\/uploads\/2019\/01\/03-1024x683.jpg\" alt=\"\" class=\"wp-image-587\" srcset=\"https:\/\/marcali.plebania.hu\/wp-content\/uploads\/2019\/01\/03-1024x683.jpg 1024w, https:\/\/marcali.plebania.hu\/wp-content\/uploads\/2019\/01\/03-300x200.jpg 300w, https:\/\/marcali.plebania.hu\/wp-content\/uploads\/2019\/01\/03-768x512.jpg 768w, https:\/\/marcali.plebania.hu\/wp-content\/uploads\/2019\/01\/03-405x270.jpg 405w\" sizes=\"auto, (max-width: 1024px) 100vw, 1024px\" \/><\/figure>\n\n\n\n<p>A szentmis\u00e9n k\u00f6zrem\u0171k\u00f6d\u00f6tt a S\u00e1gv\u00e1ri R\u00f3bert vezette F\u00e9ny Gyermekei Katolikus Zenekar, tov\u00e1bb\u00e1 Balogh B\u00e1lint orgon\u00e1n, J\u00e1ki Zolt\u00e1n pedig heged\u0171n.<\/p>\n\n\n\n<ul class=\"wp-block-gallery columns-1 is-cropped wp-block-gallery-1 is-layout-flex wp-block-gallery-is-layout-flex\"><li class=\"blocks-gallery-item\"><figure><img loading=\"lazy\" decoding=\"async\" width=\"1024\" height=\"683\" src=\"https:\/\/marcali.plebania.hu\/wp-content\/uploads\/2019\/01\/04-1024x683.jpg\" alt=\"\" data-id=\"588\" data-link=\"https:\/\/marcali.plebania.hu\/?attachment_id=588\" class=\"wp-image-588\" srcset=\"https:\/\/marcali.plebania.hu\/wp-content\/uploads\/2019\/01\/04-1024x683.jpg 1024w, https:\/\/marcali.plebania.hu\/wp-content\/uploads\/2019\/01\/04-300x200.jpg 300w, https:\/\/marcali.plebania.hu\/wp-content\/uploads\/2019\/01\/04-768x512.jpg 768w, https:\/\/marcali.plebania.hu\/wp-content\/uploads\/2019\/01\/04-405x270.jpg 405w\" sizes=\"auto, (max-width: 1024px) 100vw, 1024px\" \/><\/figure><\/li><\/ul>\n\n\n\n<p>Az \u00f6kumenikus programsorozat szerd\u00e1n, 17.30 \u00f3rakor az X-h\u00e1zban (D\u00f3zsa u. 3.) k\u00f6z\u00f6s Bibliaolvas\u00e1ssal folytat\u00f3dik, majd j\u00f6v\u0151 vas\u00e1rnap 17 \u00f3rakor pedig a reform\u00e1tus-evang\u00e9likus templomban istentisztelettel fejez\u0151dik be, ahol majd Iv\u00e1n atya fog ig\u00e9t hirdetni a gy\u00fclekezetnek.<\/p>\n\n\n\n<figure class=\"wp-block-image\"><img loading=\"lazy\" decoding=\"async\" width=\"1024\" height=\"683\" src=\"https:\/\/marcali.plebania.hu\/wp-content\/uploads\/2019\/01\/05-1024x683.jpg\" alt=\"\" class=\"wp-image-589\" srcset=\"https:\/\/marcali.plebania.hu\/wp-content\/uploads\/2019\/01\/05-1024x683.jpg 1024w, https:\/\/marcali.plebania.hu\/wp-content\/uploads\/2019\/01\/05-300x200.jpg 300w, https:\/\/marcali.plebania.hu\/wp-content\/uploads\/2019\/01\/05-768x512.jpg 768w, https:\/\/marcali.plebania.hu\/wp-content\/uploads\/2019\/01\/05-405x270.jpg 405w\" sizes=\"auto, (max-width: 1024px) 100vw, 1024px\" \/><\/figure>\n\n\n\n<p>Az idei \u00e9vben, orsz\u00e1gszerte janu\u00e1r 20-27. k\u00f6z\u00f6tt tartj\u00e1k meg az \u00f6kumenikus imahetet a kereszt\u00e9nyek egys\u00e9g\u00e9\u00e9rt. Ennek anyag\u00e1t ez\u00fattal az indon\u00e9z testv\u00e9rek \u00e1ll\u00edtott\u00e1k \u00f6ssze \u00e9s: \u201eAz igazs\u00e1gra \u00e9s csakis az igazs\u00e1gra t\u00f6rekedj\u2026\u201d (MT\u00f6rv\/5M\u00f3z 16,18-20) c\u00edm\u0171 bibliai mondatot v\u00e1lasztott\u00e1k jelmondatul.<\/p>\n\n\n\n<figure class=\"wp-block-image\"><img loading=\"lazy\" decoding=\"async\" width=\"1024\" height=\"683\" src=\"https:\/\/marcali.plebania.hu\/wp-content\/uploads\/2019\/01\/17-1024x683.jpg\" alt=\"\" class=\"wp-image-590\" srcset=\"https:\/\/marcali.plebania.hu\/wp-content\/uploads\/2019\/01\/17-1024x683.jpg 1024w, https:\/\/marcali.plebania.hu\/wp-content\/uploads\/2019\/01\/17-300x200.jpg 300w, https:\/\/marcali.plebania.hu\/wp-content\/uploads\/2019\/01\/17-768x512.jpg 768w, https:\/\/marcali.plebania.hu\/wp-content\/uploads\/2019\/01\/17-405x270.jpg 405w\" sizes=\"auto, (max-width: 1024px) 100vw, 1024px\" \/><\/figure>\n\n\n\n<p>A szervez\u0151k minden j\u00f3akarat\u00fa\nembert szeretettel h\u00edvnak \u00e9s v\u00e1rnak, akik egy\u00fctt szeretn\u00e9nek im\u00e1dkozni a napjainkban\nigencsak id\u0151szer\u0171 kereszt\u00e9ny\/kereszty\u00e9n megmarad\u00e1s\u00e1\u00e9rt.<\/p>\n","protected":false},"excerpt":{"rendered":"<p>2019. janu\u00e1r 20-\u00e1n, vas\u00e1rnap a Gy\u00fcm\u00f6lcsolt\u00f3 Boldogasszony pl\u00e9b\u00e1niatemplomban 9 \u00f3rakor \u00fcnnepi istentisztelettel vette kezdet\u00e9t az \u00f6kumenikus imah\u00e9t Marcaliban, melyet Kiss Iv\u00e1n c. pr\u00e9post, esperes-pl\u00e9b\u00e1nos celebr\u00e1lt, Fazekas Kriszti\u00e1n reform\u00e1tus lelkip\u00e1sztor, pedig ig\u00e9t hirdetett a katolikus \u00e9s reform\u00e1tus h\u00edveknek. A szentmis\u00e9n k\u00f6zrem\u0171k\u00f6d\u00f6tt a S\u00e1gv\u00e1ri R\u00f3bert vezette F\u00e9ny Gyermekei Katolikus Zenekar, tov\u00e1bb\u00e1 Balogh B\u00e1lint orgon\u00e1n, J\u00e1ki Zolt\u00e1n pedig heged\u0171n. Az \u00f6kumenikus programsorozat szerd\u00e1n, 17.30 \u00f3rakor az X-h\u00e1zban (D\u00f3zsa u. 3.) k\u00f6z\u00f6s Bibliaolvas\u00e1ssal folytat\u00f3dik, majd j\u00f6v\u0151 vas\u00e1rnap 17 \u00f3rakor pedig a reform\u00e1tus-evang\u00e9likus templomban istentisztelettel&#8230;<\/p>\n<p class=\"read-more\"><a class=\"btn btn-default\" href=\"https:\/\/marcali.plebania.hu\/?p=586\"> Read More<span class=\"screen-reader-text\">  Read More<\/span><\/a><\/p>\n","protected":false},"author":2,"featured_media":0,"comment_status":"closed","ping_status":"open","sticky":false,"template":"","format":"standard","meta":{"footnotes":""},"categories":[1],"tags":[],"class_list":["post-586","post","type-post","status-publish","format-standard","hentry","category-egyeb"],"_links":{"self":[{"href":"https:\/\/marcali.plebania.hu\/index.php?rest_route=\/wp\/v2\/posts\/586","targetHints":{"allow":["GET"]}}],"collection":[{"href":"https:\/\/marcali.plebania.hu\/index.php?rest_route=\/wp\/v2\/posts"}],"about":[{"href":"https:\/\/marcali.plebania.hu\/index.php?rest_route=\/wp\/v2\/types\/post"}],"author":[{"embeddable":true,"href":"https:\/\/marcali.plebania.hu\/index.php?rest_route=\/wp\/v2\/users\/2"}],"replies":[{"embeddable":true,"href":"https:\/\/marcali.plebania.hu\/index.php?rest_route=%2Fwp%2Fv2%2Fcomments&post=586"}],"version-history":[{"count":1,"href":"https:\/\/marcali.plebania.hu\/index.php?rest_route=\/wp\/v2\/posts\/586\/revisions"}],"predecessor-version":[{"id":591,"href":"https:\/\/marcali.plebania.hu\/index.php?rest_route=\/wp\/v2\/posts\/586\/revisions\/591"}],"wp:attachment":[{"href":"https:\/\/marcali.plebania.hu\/index.php?rest_route=%2Fwp%2Fv2%2Fmedia&parent=586"}],"wp:term":[{"taxonomy":"category","embeddable":true,"href":"https:\/\/marcali.plebania.hu\/index.php?rest_route=%2Fwp%2Fv2%2Fcategories&post=586"},{"taxonomy":"post_tag","embeddable":true,"href":"https:\/\/marcali.plebania.hu\/index.php?rest_route=%2Fwp%2Fv2%2Ftags&post=586"}],"curies":[{"name":"wp","href":"https:\/\/api.w.org\/{rel}","templated":true}]}}