{"id":5867,"date":"2024-05-29T09:06:13","date_gmt":"2024-05-29T09:06:13","guid":{"rendered":"https:\/\/marcali.plebania.hu\/?p=5867"},"modified":"2024-05-29T09:06:13","modified_gmt":"2024-05-29T09:06:13","slug":"hosok-napja-marcaliban-az-egyhazkozseg-is-koszoruzott","status":"publish","type":"post","link":"https:\/\/marcali.plebania.hu\/?p=5867","title":{"rendered":"H\u0151s\u00f6k Napja Marcaliban \u2013 Az egyh\u00e1zk\u00f6zs\u00e9g is koszor\u00fazott"},"content":{"rendered":"\n<p>2024. m\u00e1jus 26-\u00e1n, Szenth\u00e1roms\u00e1g vas\u00e1rnapj\u00e1n a v\u00e1ros megeml\u00e9kez\u00e9st tartott a H\u0151s\u00f6k Napja alkalm\u00e1b\u00f3l. \u00dcnnepi besz\u00e9det K\u0151r\u00f6si Andr\u00e1s \u00f6nkorm\u00e1nyzati k\u00e9pvisel\u0151, az \u00f6nkorm\u00e1nyzat Jogi \u00e9s \u00dcgyrendi Bizotts\u00e1g\u00e1nak eln\u00f6ke, ny\u00e1. alezredes mondott. A m\u0171sorban k\u00f6zrem\u0171k\u00f6d\u00f6tt a Marcali Bajt\u00e1rsi Egyes\u00fclet Dal\u00e1rd\u00e1ja.<\/p>\n\n\n\n<figure class=\"wp-block-gallery has-nested-images columns-default is-cropped wp-block-gallery-1 is-layout-flex wp-block-gallery-is-layout-flex\">\n<figure class=\"wp-block-image size-large\"><img loading=\"lazy\" decoding=\"async\" width=\"1024\" height=\"683\" data-id=\"5870\" src=\"https:\/\/marcali.plebania.hu\/wp-content\/uploads\/2024\/05\/01-1024x683.jpg\" alt=\"\" class=\"wp-image-5870\" srcset=\"https:\/\/marcali.plebania.hu\/wp-content\/uploads\/2024\/05\/01-1024x683.jpg 1024w, https:\/\/marcali.plebania.hu\/wp-content\/uploads\/2024\/05\/01-300x200.jpg 300w, https:\/\/marcali.plebania.hu\/wp-content\/uploads\/2024\/05\/01-768x512.jpg 768w, https:\/\/marcali.plebania.hu\/wp-content\/uploads\/2024\/05\/01-1536x1024.jpg 1536w, https:\/\/marcali.plebania.hu\/wp-content\/uploads\/2024\/05\/01-2048x1365.jpg 2048w, https:\/\/marcali.plebania.hu\/wp-content\/uploads\/2024\/05\/01-405x270.jpg 405w\" sizes=\"auto, (max-width: 1024px) 100vw, 1024px\" \/><\/figure>\n\n\n\n<figure class=\"wp-block-image size-large\"><img loading=\"lazy\" decoding=\"async\" width=\"1024\" height=\"683\" data-id=\"5869\" src=\"https:\/\/marcali.plebania.hu\/wp-content\/uploads\/2024\/05\/02-1024x683.jpg\" alt=\"\" class=\"wp-image-5869\" srcset=\"https:\/\/marcali.plebania.hu\/wp-content\/uploads\/2024\/05\/02-1024x683.jpg 1024w, https:\/\/marcali.plebania.hu\/wp-content\/uploads\/2024\/05\/02-300x200.jpg 300w, https:\/\/marcali.plebania.hu\/wp-content\/uploads\/2024\/05\/02-768x512.jpg 768w, https:\/\/marcali.plebania.hu\/wp-content\/uploads\/2024\/05\/02-1536x1024.jpg 1536w, https:\/\/marcali.plebania.hu\/wp-content\/uploads\/2024\/05\/02-2048x1365.jpg 2048w, https:\/\/marcali.plebania.hu\/wp-content\/uploads\/2024\/05\/02-405x270.jpg 405w\" sizes=\"auto, (max-width: 1024px) 100vw, 1024px\" \/><\/figure>\n\n\n\n<figure class=\"wp-block-image size-large\"><img loading=\"lazy\" decoding=\"async\" width=\"1024\" height=\"683\" data-id=\"5872\" src=\"https:\/\/marcali.plebania.hu\/wp-content\/uploads\/2024\/05\/09-1-1024x683.jpg\" alt=\"\" class=\"wp-image-5872\" srcset=\"https:\/\/marcali.plebania.hu\/wp-content\/uploads\/2024\/05\/09-1-1024x683.jpg 1024w, https:\/\/marcali.plebania.hu\/wp-content\/uploads\/2024\/05\/09-1-300x200.jpg 300w, https:\/\/marcali.plebania.hu\/wp-content\/uploads\/2024\/05\/09-1-768x512.jpg 768w, https:\/\/marcali.plebania.hu\/wp-content\/uploads\/2024\/05\/09-1-1536x1024.jpg 1536w, https:\/\/marcali.plebania.hu\/wp-content\/uploads\/2024\/05\/09-1-2048x1365.jpg 2048w, https:\/\/marcali.plebania.hu\/wp-content\/uploads\/2024\/05\/09-1-405x270.jpg 405w\" sizes=\"auto, (max-width: 1024px) 100vw, 1024px\" \/><\/figure>\n\n\n\n<figure class=\"wp-block-image size-large\"><img loading=\"lazy\" decoding=\"async\" width=\"1024\" height=\"683\" data-id=\"5873\" src=\"https:\/\/marcali.plebania.hu\/wp-content\/uploads\/2024\/05\/07-2-1024x683.jpg\" alt=\"\" class=\"wp-image-5873\" srcset=\"https:\/\/marcali.plebania.hu\/wp-content\/uploads\/2024\/05\/07-2-1024x683.jpg 1024w, https:\/\/marcali.plebania.hu\/wp-content\/uploads\/2024\/05\/07-2-300x200.jpg 300w, https:\/\/marcali.plebania.hu\/wp-content\/uploads\/2024\/05\/07-2-768x512.jpg 768w, https:\/\/marcali.plebania.hu\/wp-content\/uploads\/2024\/05\/07-2-1536x1024.jpg 1536w, https:\/\/marcali.plebania.hu\/wp-content\/uploads\/2024\/05\/07-2-2048x1365.jpg 2048w, https:\/\/marcali.plebania.hu\/wp-content\/uploads\/2024\/05\/07-2-405x270.jpg 405w\" sizes=\"auto, (max-width: 1024px) 100vw, 1024px\" \/><\/figure>\n<\/figure>\n\n\n\n<p>A megeml\u00e9kez\u00e9sen koszor\u00fat helyezett el: dr. S\u00fct\u0151 L\u00e1szl\u00f3 polg\u00e1rmester \u00e9s Bereczk Bal\u00e1zs, alpolg\u00e1rmester; a Marcali Bajt\u00e1rsi Egyes\u00fclet; \u00e9s a Honv\u00e9d Nyug\u00e1llom\u00e1ny\u00faak Klubj\u00e1nak vezet\u0151i.<\/p>\n\n\n\n<p>Tov\u00e1bb\u00e1 a Marcali R\u00f3mai Katolikus Egyh\u00e1zk\u00f6zs\u00e9g nev\u00e9ben Tomanek Ferenc \u00c1ron pl\u00e9b\u00e1nos, Gelencs\u00e9r R\u00f3bert vil\u00e1gi eln\u00f6k, Kir\u00e1ly Jen\u0151 templomatya \u00e9s Dr. Gyulai Botond akolitus; a Marcali Reform\u00e1tus Egyh\u00e1zk\u00f6zs\u00e9g nev\u00e9ben Nagytisztelet\u0171 Fazekas Kriszti\u00e1n \u00c1rp\u00e1d reform\u00e1tus lelkip\u00e1sztor \u00e9s Berta \u00c1rp\u00e1d gondnok; tov\u00e1bb\u00e1 a Marcali kultur\u00e1lis int\u00e9zm\u00e9nyek, iskol\u00e1k, p\u00e1rtok \u00e9s civil szervezetek vezet\u0151i, k\u00e9pvisel\u0151i koszor\u00faztak.<\/p>\n\n\n\n<figure class=\"wp-block-gallery has-nested-images columns-default is-cropped wp-block-gallery-2 is-layout-flex wp-block-gallery-is-layout-flex\">\n<figure class=\"wp-block-image size-large\"><img loading=\"lazy\" decoding=\"async\" width=\"1024\" height=\"683\" data-id=\"5878\" src=\"https:\/\/marcali.plebania.hu\/wp-content\/uploads\/2024\/05\/11-1-1024x683.jpg\" alt=\"\" class=\"wp-image-5878\" srcset=\"https:\/\/marcali.plebania.hu\/wp-content\/uploads\/2024\/05\/11-1-1024x683.jpg 1024w, https:\/\/marcali.plebania.hu\/wp-content\/uploads\/2024\/05\/11-1-300x200.jpg 300w, https:\/\/marcali.plebania.hu\/wp-content\/uploads\/2024\/05\/11-1-768x512.jpg 768w, https:\/\/marcali.plebania.hu\/wp-content\/uploads\/2024\/05\/11-1-1536x1024.jpg 1536w, https:\/\/marcali.plebania.hu\/wp-content\/uploads\/2024\/05\/11-1-2048x1365.jpg 2048w, https:\/\/marcali.plebania.hu\/wp-content\/uploads\/2024\/05\/11-1-405x270.jpg 405w\" sizes=\"auto, (max-width: 1024px) 100vw, 1024px\" \/><\/figure>\n\n\n\n<figure class=\"wp-block-image size-large\"><img loading=\"lazy\" decoding=\"async\" width=\"1024\" height=\"683\" data-id=\"5874\" src=\"https:\/\/marcali.plebania.hu\/wp-content\/uploads\/2024\/05\/15-1-1024x683.jpg\" alt=\"\" class=\"wp-image-5874\" srcset=\"https:\/\/marcali.plebania.hu\/wp-content\/uploads\/2024\/05\/15-1-1024x683.jpg 1024w, https:\/\/marcali.plebania.hu\/wp-content\/uploads\/2024\/05\/15-1-300x200.jpg 300w, https:\/\/marcali.plebania.hu\/wp-content\/uploads\/2024\/05\/15-1-768x512.jpg 768w, https:\/\/marcali.plebania.hu\/wp-content\/uploads\/2024\/05\/15-1-1536x1024.jpg 1536w, https:\/\/marcali.plebania.hu\/wp-content\/uploads\/2024\/05\/15-1-2048x1365.jpg 2048w, https:\/\/marcali.plebania.hu\/wp-content\/uploads\/2024\/05\/15-1-405x270.jpg 405w\" sizes=\"auto, (max-width: 1024px) 100vw, 1024px\" \/><\/figure>\n\n\n\n<figure class=\"wp-block-image size-large\"><img loading=\"lazy\" decoding=\"async\" width=\"1024\" height=\"683\" data-id=\"5877\" src=\"https:\/\/marcali.plebania.hu\/wp-content\/uploads\/2024\/05\/17-1-1024x683.jpg\" alt=\"\" class=\"wp-image-5877\" srcset=\"https:\/\/marcali.plebania.hu\/wp-content\/uploads\/2024\/05\/17-1-1024x683.jpg 1024w, https:\/\/marcali.plebania.hu\/wp-content\/uploads\/2024\/05\/17-1-300x200.jpg 300w, https:\/\/marcali.plebania.hu\/wp-content\/uploads\/2024\/05\/17-1-768x512.jpg 768w, https:\/\/marcali.plebania.hu\/wp-content\/uploads\/2024\/05\/17-1-1536x1024.jpg 1536w, https:\/\/marcali.plebania.hu\/wp-content\/uploads\/2024\/05\/17-1-2048x1365.jpg 2048w, https:\/\/marcali.plebania.hu\/wp-content\/uploads\/2024\/05\/17-1-405x270.jpg 405w\" sizes=\"auto, (max-width: 1024px) 100vw, 1024px\" \/><\/figure>\n\n\n\n<figure class=\"wp-block-image size-large\"><img loading=\"lazy\" decoding=\"async\" width=\"1024\" height=\"683\" data-id=\"5875\" src=\"https:\/\/marcali.plebania.hu\/wp-content\/uploads\/2024\/05\/18-1-1024x683.jpg\" alt=\"\" class=\"wp-image-5875\" srcset=\"https:\/\/marcali.plebania.hu\/wp-content\/uploads\/2024\/05\/18-1-1024x683.jpg 1024w, https:\/\/marcali.plebania.hu\/wp-content\/uploads\/2024\/05\/18-1-300x200.jpg 300w, https:\/\/marcali.plebania.hu\/wp-content\/uploads\/2024\/05\/18-1-768x512.jpg 768w, https:\/\/marcali.plebania.hu\/wp-content\/uploads\/2024\/05\/18-1-1536x1024.jpg 1536w, https:\/\/marcali.plebania.hu\/wp-content\/uploads\/2024\/05\/18-1-2048x1365.jpg 2048w, https:\/\/marcali.plebania.hu\/wp-content\/uploads\/2024\/05\/18-1-405x270.jpg 405w\" sizes=\"auto, (max-width: 1024px) 100vw, 1024px\" \/><\/figure>\n<\/figure>\n\n\n\n<p>A r\u00e9sztvev\u0151k ezut\u00e1n gyerty\u00e1t gy\u00fajtottak az els\u0151 \u00e9s m\u00e1sodik vil\u00e1gh\u00e1bor\u00fas eml\u00e9km\u0171n\u00e9l.<\/p>\n\n\n\n<p>\u00cdrta: Kiss K\u00e1lm\u00e1n<\/p>\n\n\n\n<p>Fot\u00f3k: Pozsonyi Gy\u00f6rgy<\/p>\n","protected":false},"excerpt":{"rendered":"<p>2024. m\u00e1jus 26-\u00e1n, Szenth\u00e1roms\u00e1g vas\u00e1rnapj\u00e1n a v\u00e1ros megeml\u00e9kez\u00e9st tartott a H\u0151s\u00f6k Napja alkalm\u00e1b\u00f3l. \u00dcnnepi besz\u00e9det K\u0151r\u00f6si Andr\u00e1s \u00f6nkorm\u00e1nyzati k\u00e9pvisel\u0151, az \u00f6nkorm\u00e1nyzat Jogi \u00e9s \u00dcgyrendi Bizotts\u00e1g\u00e1nak eln\u00f6ke, ny\u00e1. alezredes mondott. A m\u0171sorban k\u00f6zrem\u0171k\u00f6d\u00f6tt a Marcali Bajt\u00e1rsi Egyes\u00fclet Dal\u00e1rd\u00e1ja. A megeml\u00e9kez\u00e9sen koszor\u00fat helyezett el: dr. S\u00fct\u0151 L\u00e1szl\u00f3 polg\u00e1rmester \u00e9s Bereczk Bal\u00e1zs, alpolg\u00e1rmester; a Marcali Bajt\u00e1rsi Egyes\u00fclet; \u00e9s a Honv\u00e9d Nyug\u00e1llom\u00e1ny\u00faak Klubj\u00e1nak vezet\u0151i. Tov\u00e1bb\u00e1 a Marcali R\u00f3mai Katolikus Egyh\u00e1zk\u00f6zs\u00e9g nev\u00e9ben Tomanek Ferenc \u00c1ron pl\u00e9b\u00e1nos, Gelencs\u00e9r R\u00f3bert vil\u00e1gi eln\u00f6k, Kir\u00e1ly Jen\u0151 templomatya \u00e9s Dr&#8230;.<\/p>\n<p class=\"read-more\"><a class=\"btn btn-default\" href=\"https:\/\/marcali.plebania.hu\/?p=5867\"> Read More<span class=\"screen-reader-text\">  Read More<\/span><\/a><\/p>\n","protected":false},"author":2,"featured_media":0,"comment_status":"closed","ping_status":"open","sticky":false,"template":"","format":"standard","meta":{"footnotes":""},"categories":[1],"tags":[],"class_list":["post-5867","post","type-post","status-publish","format-standard","hentry","category-egyeb"],"_links":{"self":[{"href":"https:\/\/marcali.plebania.hu\/index.php?rest_route=\/wp\/v2\/posts\/5867","targetHints":{"allow":["GET"]}}],"collection":[{"href":"https:\/\/marcali.plebania.hu\/index.php?rest_route=\/wp\/v2\/posts"}],"about":[{"href":"https:\/\/marcali.plebania.hu\/index.php?rest_route=\/wp\/v2\/types\/post"}],"author":[{"embeddable":true,"href":"https:\/\/marcali.plebania.hu\/index.php?rest_route=\/wp\/v2\/users\/2"}],"replies":[{"embeddable":true,"href":"https:\/\/marcali.plebania.hu\/index.php?rest_route=%2Fwp%2Fv2%2Fcomments&post=5867"}],"version-history":[{"count":1,"href":"https:\/\/marcali.plebania.hu\/index.php?rest_route=\/wp\/v2\/posts\/5867\/revisions"}],"predecessor-version":[{"id":5879,"href":"https:\/\/marcali.plebania.hu\/index.php?rest_route=\/wp\/v2\/posts\/5867\/revisions\/5879"}],"wp:attachment":[{"href":"https:\/\/marcali.plebania.hu\/index.php?rest_route=%2Fwp%2Fv2%2Fmedia&parent=5867"}],"wp:term":[{"taxonomy":"category","embeddable":true,"href":"https:\/\/marcali.plebania.hu\/index.php?rest_route=%2Fwp%2Fv2%2Fcategories&post=5867"},{"taxonomy":"post_tag","embeddable":true,"href":"https:\/\/marcali.plebania.hu\/index.php?rest_route=%2Fwp%2Fv2%2Ftags&post=5867"}],"curies":[{"name":"wp","href":"https:\/\/api.w.org\/{rel}","templated":true}]}}