{"id":5880,"date":"2024-05-29T09:11:58","date_gmt":"2024-05-29T09:11:58","guid":{"rendered":"https:\/\/marcali.plebania.hu\/?p=5880"},"modified":"2024-05-29T09:11:58","modified_gmt":"2024-05-29T09:11:58","slug":"az-orban-kapolna-bucsujat-szentmisevel-unnepeltek","status":"publish","type":"post","link":"https:\/\/marcali.plebania.hu\/?p=5880","title":{"rendered":"Az Orb\u00e1n k\u00e1polna b\u00facs\u00faj\u00e1t szentmis\u00e9vel \u00fcnnepelt\u00e9k"},"content":{"rendered":"\n<p>2024. m\u00e1jus 26-\u00e1n, Szenth\u00e1roms\u00e1g vas\u00e1rnapj\u00e1n 11 \u00f3rakor az Orb\u00e1n k\u00e1poln\u00e1ban b\u00facs\u00fai szentmis\u00e9t celebr\u00e1lt Tomanek Ferenc \u00c1ron marcali pl\u00e9b\u00e1nos.<\/p>\n\n\n\n<figure class=\"wp-block-gallery has-nested-images columns-default is-cropped wp-block-gallery-1 is-layout-flex wp-block-gallery-is-layout-flex\">\n<figure class=\"wp-block-image size-large\"><img loading=\"lazy\" decoding=\"async\" width=\"1024\" height=\"683\" data-id=\"5881\" src=\"https:\/\/marcali.plebania.hu\/wp-content\/uploads\/2024\/05\/01-1-1024x683.jpg\" alt=\"\" class=\"wp-image-5881\" srcset=\"https:\/\/marcali.plebania.hu\/wp-content\/uploads\/2024\/05\/01-1-1024x683.jpg 1024w, https:\/\/marcali.plebania.hu\/wp-content\/uploads\/2024\/05\/01-1-300x200.jpg 300w, https:\/\/marcali.plebania.hu\/wp-content\/uploads\/2024\/05\/01-1-768x512.jpg 768w, https:\/\/marcali.plebania.hu\/wp-content\/uploads\/2024\/05\/01-1-1536x1024.jpg 1536w, https:\/\/marcali.plebania.hu\/wp-content\/uploads\/2024\/05\/01-1-2048x1365.jpg 2048w, https:\/\/marcali.plebania.hu\/wp-content\/uploads\/2024\/05\/01-1-405x270.jpg 405w\" sizes=\"auto, (max-width: 1024px) 100vw, 1024px\" \/><\/figure>\n\n\n\n<figure class=\"wp-block-image size-large\"><img loading=\"lazy\" decoding=\"async\" width=\"1024\" height=\"683\" data-id=\"5884\" src=\"https:\/\/marcali.plebania.hu\/wp-content\/uploads\/2024\/05\/03-1-1024x683.jpg\" alt=\"\" class=\"wp-image-5884\" srcset=\"https:\/\/marcali.plebania.hu\/wp-content\/uploads\/2024\/05\/03-1-1024x683.jpg 1024w, https:\/\/marcali.plebania.hu\/wp-content\/uploads\/2024\/05\/03-1-300x200.jpg 300w, https:\/\/marcali.plebania.hu\/wp-content\/uploads\/2024\/05\/03-1-768x512.jpg 768w, https:\/\/marcali.plebania.hu\/wp-content\/uploads\/2024\/05\/03-1-1536x1024.jpg 1536w, https:\/\/marcali.plebania.hu\/wp-content\/uploads\/2024\/05\/03-1-2048x1365.jpg 2048w, https:\/\/marcali.plebania.hu\/wp-content\/uploads\/2024\/05\/03-1-405x270.jpg 405w\" sizes=\"auto, (max-width: 1024px) 100vw, 1024px\" \/><\/figure>\n\n\n\n<figure class=\"wp-block-image size-large\"><img loading=\"lazy\" decoding=\"async\" width=\"1024\" height=\"683\" data-id=\"5885\" src=\"https:\/\/marcali.plebania.hu\/wp-content\/uploads\/2024\/05\/06-1-1024x683.jpg\" alt=\"\" class=\"wp-image-5885\" srcset=\"https:\/\/marcali.plebania.hu\/wp-content\/uploads\/2024\/05\/06-1-1024x683.jpg 1024w, https:\/\/marcali.plebania.hu\/wp-content\/uploads\/2024\/05\/06-1-300x200.jpg 300w, https:\/\/marcali.plebania.hu\/wp-content\/uploads\/2024\/05\/06-1-768x512.jpg 768w, https:\/\/marcali.plebania.hu\/wp-content\/uploads\/2024\/05\/06-1-1536x1024.jpg 1536w, https:\/\/marcali.plebania.hu\/wp-content\/uploads\/2024\/05\/06-1-2048x1365.jpg 2048w, https:\/\/marcali.plebania.hu\/wp-content\/uploads\/2024\/05\/06-1-405x270.jpg 405w\" sizes=\"auto, (max-width: 1024px) 100vw, 1024px\" \/><\/figure>\n\n\n\n<figure class=\"wp-block-image size-large\"><img loading=\"lazy\" decoding=\"async\" width=\"1024\" height=\"683\" data-id=\"5883\" src=\"https:\/\/marcali.plebania.hu\/wp-content\/uploads\/2024\/05\/02-1-1024x683.jpg\" alt=\"\" class=\"wp-image-5883\" srcset=\"https:\/\/marcali.plebania.hu\/wp-content\/uploads\/2024\/05\/02-1-1024x683.jpg 1024w, https:\/\/marcali.plebania.hu\/wp-content\/uploads\/2024\/05\/02-1-300x200.jpg 300w, https:\/\/marcali.plebania.hu\/wp-content\/uploads\/2024\/05\/02-1-768x512.jpg 768w, https:\/\/marcali.plebania.hu\/wp-content\/uploads\/2024\/05\/02-1-1536x1024.jpg 1536w, https:\/\/marcali.plebania.hu\/wp-content\/uploads\/2024\/05\/02-1-2048x1365.jpg 2048w, https:\/\/marcali.plebania.hu\/wp-content\/uploads\/2024\/05\/02-1-405x270.jpg 405w\" sizes=\"auto, (max-width: 1024px) 100vw, 1024px\" \/><\/figure>\n<\/figure>\n\n\n\n<p>Szentbesz\u00e9d\u00e9ben az \u00fcnnep fontoss\u00e1g\u00e1t emelte ki \u00e9s a vas\u00e1rnapi evang\u00e9lium jelent\u0151s\u00e9g\u00e9\u00e9t hangs\u00falyozta ki a jelenl\u00e9v\u0151knek, illetve a hegytulajdonosoknak, gazd\u00e1lkod\u00f3knak.<\/p>\n\n\n\n<figure class=\"wp-block-gallery has-nested-images columns-default is-cropped wp-block-gallery-2 is-layout-flex wp-block-gallery-is-layout-flex\">\n<figure class=\"wp-block-image size-large\"><img loading=\"lazy\" decoding=\"async\" width=\"1024\" height=\"683\" data-id=\"5891\" src=\"https:\/\/marcali.plebania.hu\/wp-content\/uploads\/2024\/05\/09-2-1024x683.jpg\" alt=\"\" class=\"wp-image-5891\" srcset=\"https:\/\/marcali.plebania.hu\/wp-content\/uploads\/2024\/05\/09-2-1024x683.jpg 1024w, https:\/\/marcali.plebania.hu\/wp-content\/uploads\/2024\/05\/09-2-300x200.jpg 300w, https:\/\/marcali.plebania.hu\/wp-content\/uploads\/2024\/05\/09-2-768x512.jpg 768w, https:\/\/marcali.plebania.hu\/wp-content\/uploads\/2024\/05\/09-2-1536x1024.jpg 1536w, https:\/\/marcali.plebania.hu\/wp-content\/uploads\/2024\/05\/09-2-2048x1365.jpg 2048w, https:\/\/marcali.plebania.hu\/wp-content\/uploads\/2024\/05\/09-2-405x270.jpg 405w\" sizes=\"auto, (max-width: 1024px) 100vw, 1024px\" \/><\/figure>\n\n\n\n<figure class=\"wp-block-image size-large\"><img loading=\"lazy\" decoding=\"async\" width=\"1024\" height=\"683\" data-id=\"5892\" src=\"https:\/\/marcali.plebania.hu\/wp-content\/uploads\/2024\/05\/14-1024x683.jpg\" alt=\"\" class=\"wp-image-5892\" srcset=\"https:\/\/marcali.plebania.hu\/wp-content\/uploads\/2024\/05\/14-1024x683.jpg 1024w, https:\/\/marcali.plebania.hu\/wp-content\/uploads\/2024\/05\/14-300x200.jpg 300w, https:\/\/marcali.plebania.hu\/wp-content\/uploads\/2024\/05\/14-768x512.jpg 768w, https:\/\/marcali.plebania.hu\/wp-content\/uploads\/2024\/05\/14-1536x1024.jpg 1536w, https:\/\/marcali.plebania.hu\/wp-content\/uploads\/2024\/05\/14-2048x1365.jpg 2048w, https:\/\/marcali.plebania.hu\/wp-content\/uploads\/2024\/05\/14-405x270.jpg 405w\" sizes=\"auto, (max-width: 1024px) 100vw, 1024px\" \/><\/figure>\n\n\n\n<figure class=\"wp-block-image size-large\"><img loading=\"lazy\" decoding=\"async\" width=\"1024\" height=\"683\" data-id=\"5887\" src=\"https:\/\/marcali.plebania.hu\/wp-content\/uploads\/2024\/05\/13-1024x683.jpg\" alt=\"\" class=\"wp-image-5887\" srcset=\"https:\/\/marcali.plebania.hu\/wp-content\/uploads\/2024\/05\/13-1024x683.jpg 1024w, https:\/\/marcali.plebania.hu\/wp-content\/uploads\/2024\/05\/13-300x200.jpg 300w, https:\/\/marcali.plebania.hu\/wp-content\/uploads\/2024\/05\/13-768x512.jpg 768w, https:\/\/marcali.plebania.hu\/wp-content\/uploads\/2024\/05\/13-1536x1024.jpg 1536w, https:\/\/marcali.plebania.hu\/wp-content\/uploads\/2024\/05\/13-2048x1365.jpg 2048w, https:\/\/marcali.plebania.hu\/wp-content\/uploads\/2024\/05\/13-405x270.jpg 405w\" sizes=\"auto, (max-width: 1024px) 100vw, 1024px\" \/><\/figure>\n\n\n\n<figure class=\"wp-block-image size-large\"><img loading=\"lazy\" decoding=\"async\" width=\"1024\" height=\"576\" data-id=\"5890\" src=\"https:\/\/marcali.plebania.hu\/wp-content\/uploads\/2024\/05\/16-2-1024x576.jpg\" alt=\"\" class=\"wp-image-5890\" srcset=\"https:\/\/marcali.plebania.hu\/wp-content\/uploads\/2024\/05\/16-2-1024x576.jpg 1024w, https:\/\/marcali.plebania.hu\/wp-content\/uploads\/2024\/05\/16-2-300x169.jpg 300w, https:\/\/marcali.plebania.hu\/wp-content\/uploads\/2024\/05\/16-2-768x432.jpg 768w, https:\/\/marcali.plebania.hu\/wp-content\/uploads\/2024\/05\/16-2-1536x864.jpg 1536w, https:\/\/marcali.plebania.hu\/wp-content\/uploads\/2024\/05\/16-2-2048x1152.jpg 2048w, https:\/\/marcali.plebania.hu\/wp-content\/uploads\/2024\/05\/16-2-480x270.jpg 480w\" sizes=\"auto, (max-width: 1024px) 100vw, 1024px\" \/><\/figure>\n<\/figure>\n\n\n\n<p>A szentmis\u00e9t k\u00f6vet\u0151en Ferenc atya meg\u00e1ldotta a k\u00e1polna el\u0151tt azokat az \u00e9teleket \u00e9s italokat is, melyet Gelencs\u00e9r R\u00f3bert vil\u00e1gi eln\u00f6k \u00e9s feles\u00e9ge k\u00edn\u00e1lt a r\u00e9sztvev\u0151knek. Az istentiszteleten Balogh B\u00e1lint k\u00e1ntor m\u0171k\u00f6d\u00f6tt k\u00f6zre egyh\u00e1zi \u00e9nekekkel.<\/p>\n\n\n\n<p>\u00cdrta \u00e9s fot\u00f3k: Marcali Pl\u00e9b\u00e1nia\/Kiss K\u00e1lm\u00e1n<\/p>\n","protected":false},"excerpt":{"rendered":"<p>2024. m\u00e1jus 26-\u00e1n, Szenth\u00e1roms\u00e1g vas\u00e1rnapj\u00e1n 11 \u00f3rakor az Orb\u00e1n k\u00e1poln\u00e1ban b\u00facs\u00fai szentmis\u00e9t celebr\u00e1lt Tomanek Ferenc \u00c1ron marcali pl\u00e9b\u00e1nos. Szentbesz\u00e9d\u00e9ben az \u00fcnnep fontoss\u00e1g\u00e1t emelte ki \u00e9s a vas\u00e1rnapi evang\u00e9lium jelent\u0151s\u00e9g\u00e9\u00e9t hangs\u00falyozta ki a jelenl\u00e9v\u0151knek, illetve a hegytulajdonosoknak, gazd\u00e1lkod\u00f3knak. A szentmis\u00e9t k\u00f6vet\u0151en Ferenc atya meg\u00e1ldotta a k\u00e1polna el\u0151tt azokat az \u00e9teleket \u00e9s italokat is, melyet Gelencs\u00e9r R\u00f3bert vil\u00e1gi eln\u00f6k \u00e9s feles\u00e9ge k\u00edn\u00e1lt a r\u00e9sztvev\u0151knek. Az istentiszteleten Balogh B\u00e1lint k\u00e1ntor m\u0171k\u00f6d\u00f6tt k\u00f6zre egyh\u00e1zi \u00e9nekekkel. \u00cdrta \u00e9s fot\u00f3k: Marcali Pl\u00e9b\u00e1nia\/Kiss K\u00e1lm\u00e1n<\/p>\n","protected":false},"author":2,"featured_media":0,"comment_status":"closed","ping_status":"open","sticky":false,"template":"","format":"standard","meta":{"footnotes":""},"categories":[1],"tags":[],"class_list":["post-5880","post","type-post","status-publish","format-standard","hentry","category-egyeb"],"_links":{"self":[{"href":"https:\/\/marcali.plebania.hu\/index.php?rest_route=\/wp\/v2\/posts\/5880","targetHints":{"allow":["GET"]}}],"collection":[{"href":"https:\/\/marcali.plebania.hu\/index.php?rest_route=\/wp\/v2\/posts"}],"about":[{"href":"https:\/\/marcali.plebania.hu\/index.php?rest_route=\/wp\/v2\/types\/post"}],"author":[{"embeddable":true,"href":"https:\/\/marcali.plebania.hu\/index.php?rest_route=\/wp\/v2\/users\/2"}],"replies":[{"embeddable":true,"href":"https:\/\/marcali.plebania.hu\/index.php?rest_route=%2Fwp%2Fv2%2Fcomments&post=5880"}],"version-history":[{"count":1,"href":"https:\/\/marcali.plebania.hu\/index.php?rest_route=\/wp\/v2\/posts\/5880\/revisions"}],"predecessor-version":[{"id":5893,"href":"https:\/\/marcali.plebania.hu\/index.php?rest_route=\/wp\/v2\/posts\/5880\/revisions\/5893"}],"wp:attachment":[{"href":"https:\/\/marcali.plebania.hu\/index.php?rest_route=%2Fwp%2Fv2%2Fmedia&parent=5880"}],"wp:term":[{"taxonomy":"category","embeddable":true,"href":"https:\/\/marcali.plebania.hu\/index.php?rest_route=%2Fwp%2Fv2%2Fcategories&post=5880"},{"taxonomy":"post_tag","embeddable":true,"href":"https:\/\/marcali.plebania.hu\/index.php?rest_route=%2Fwp%2Fv2%2Ftags&post=5880"}],"curies":[{"name":"wp","href":"https:\/\/api.w.org\/{rel}","templated":true}]}}