{"id":5895,"date":"2024-06-01T18:23:27","date_gmt":"2024-06-01T18:23:27","guid":{"rendered":"https:\/\/marcali.plebania.hu\/?p=5895"},"modified":"2024-06-01T18:26:46","modified_gmt":"2024-06-01T18:26:46","slug":"hirdetesek-2024-junius-2-an","status":"publish","type":"post","link":"https:\/\/marcali.plebania.hu\/?p=5895","title":{"rendered":"Hirdet\u00e9sek 2024. j\u00fanius 2-\u00e1n"},"content":{"rendered":"\n<p><\/p>\n\n\n\n<p><strong><a href=\"https:\/\/igenaptar.katolikus.hu\/2024\/nap\/index.php?holnap=2024-06-02\" target=\"_blank\" rel=\"noreferrer noopener\"><u>\u00darnapja: Krisztus szent Teste \u00e9s V\u00e9re (f\u0151\u00fcnnep)<\/u><\/a><\/strong><\/p>\n\n\n\n<ol class=\"wp-block-list\" start=\"1\">\n<li>Ma 10 \u00f3rakor kezdj\u00fck az <strong>\u00fcnnepi szentmis\u00e9<\/strong>t a pl\u00e9b\u00e1niatemplomban, melyet <strong>\u00farnapi k\u00f6rmenet<\/strong> k\u00f6vet. (El\u0151tte f\u00e9l 7:30-t\u00f3l az olt\u00e1rasztalok d\u00edsz\u00edt\u00e9se, 9:00-t\u0151l gy\u00f3n\u00e1si lehet\u0151s\u00e9g a templomban.) Az \u00farnapi k\u00f6rmenettel is kifejezz\u00fck az Olt\u00e1riszents\u00e9gben k\u00f6zt\u00fcnk l\u00e9v\u0151 \u00dar J\u00e9zusnak h\u00e1l\u00e1nkat \u00e9s h\u00f3dolatunkat. Erre a k\u00f6z\u00f6s szentmis\u00e9re h\u00edvunk minden h\u00edv\u0151t, t\u00f6bb mise nem lesz a v\u00e1rosban ezen a napon.<\/li>\n\n\n\n<li>A <strong>F\u00e9rfi-k\u00f6r<\/strong> k\u00f6vetkez\u0151 tal\u00e1lkoz\u00f3ja szerd\u00e1n 18:00-kor kezd\u0151dik az X-h\u00e1zban.<\/li>\n\n\n\n<li>A <strong>feln\u0151tt<\/strong>eknek sz\u00f3l\u00f3 <strong>hittan<\/strong> \u00e9s szents\u00e9gi felk\u00e9sz\u00edt\u0151 pedig cs\u00fct\u00f6rt\u00f6k\u00f6n 18:45-kor ugyanott. Szeretettel v\u00e1rjuk a tagokat \u00e9s az \u00e9rdekl\u0151d\u0151ket.<\/li>\n\n\n\n<li>P\u00e9nteken J\u00e9zus Sz\u00edve f\u0151\u00fcnnepe lesz, egyben az els\u0151p\u00e9ntekesek l\u00e1togat\u00e1s\u00e1nak, \u00e1ldoztat\u00e1s\u00e1nak napja is.<\/li>\n\n\n\n<li>J\u00faniusban a p\u00e9nteki mis\u00e9ket megel\u0151z\u0151 szents\u00e9gim\u00e1d\u00e1s keret\u00e9ben elim\u00e1dkozzuk a J\u00e9zus Sz\u00edve-lit\u00e1ni\u00e1t. <\/li>\n<\/ol>\n","protected":false},"excerpt":{"rendered":"<p>\u00darnapja: Krisztus szent Teste \u00e9s V\u00e9re (f\u0151\u00fcnnep)<\/p>\n","protected":false},"author":1,"featured_media":0,"comment_status":"closed","ping_status":"open","sticky":false,"template":"","format":"standard","meta":{"footnotes":""},"categories":[1],"tags":[],"class_list":["post-5895","post","type-post","status-publish","format-standard","hentry","category-egyeb"],"_links":{"self":[{"href":"https:\/\/marcali.plebania.hu\/index.php?rest_route=\/wp\/v2\/posts\/5895","targetHints":{"allow":["GET"]}}],"collection":[{"href":"https:\/\/marcali.plebania.hu\/index.php?rest_route=\/wp\/v2\/posts"}],"about":[{"href":"https:\/\/marcali.plebania.hu\/index.php?rest_route=\/wp\/v2\/types\/post"}],"author":[{"embeddable":true,"href":"https:\/\/marcali.plebania.hu\/index.php?rest_route=\/wp\/v2\/users\/1"}],"replies":[{"embeddable":true,"href":"https:\/\/marcali.plebania.hu\/index.php?rest_route=%2Fwp%2Fv2%2Fcomments&post=5895"}],"version-history":[{"count":3,"href":"https:\/\/marcali.plebania.hu\/index.php?rest_route=\/wp\/v2\/posts\/5895\/revisions"}],"predecessor-version":[{"id":5898,"href":"https:\/\/marcali.plebania.hu\/index.php?rest_route=\/wp\/v2\/posts\/5895\/revisions\/5898"}],"wp:attachment":[{"href":"https:\/\/marcali.plebania.hu\/index.php?rest_route=%2Fwp%2Fv2%2Fmedia&parent=5895"}],"wp:term":[{"taxonomy":"category","embeddable":true,"href":"https:\/\/marcali.plebania.hu\/index.php?rest_route=%2Fwp%2Fv2%2Fcategories&post=5895"},{"taxonomy":"post_tag","embeddable":true,"href":"https:\/\/marcali.plebania.hu\/index.php?rest_route=%2Fwp%2Fv2%2Ftags&post=5895"}],"curies":[{"name":"wp","href":"https:\/\/api.w.org\/{rel}","templated":true}]}}