{"id":5900,"date":"2024-06-05T07:19:33","date_gmt":"2024-06-05T07:19:33","guid":{"rendered":"https:\/\/marcali.plebania.hu\/?p=5900"},"modified":"2024-06-05T07:19:33","modified_gmt":"2024-06-05T07:19:33","slug":"2024-urnapja-az-oltariszentseg-unnepe","status":"publish","type":"post","link":"https:\/\/marcali.plebania.hu\/?p=5900","title":{"rendered":"2024. \u00darnapja, az Olt\u00e1riszents\u00e9g \u00fcnnepe"},"content":{"rendered":"\n<p>2024. j\u00fanius 2-\u00e1n, vas\u00e1rnap 10 \u00f3rakor kezd\u0151d\u00f6tt az idei \u00farnapi szentmise, majd a k\u00f6rmenet a Gy\u00fcm\u00f6lcsolt\u00f3 Boldogasszony Pl\u00e9b\u00e1niatemplomban, valamint a Boldog II. J\u00e1nos P\u00e1l p\u00e1pa t\u00e9ren.<\/p>\n\n\n\n<figure class=\"wp-block-gallery has-nested-images columns-default is-cropped wp-block-gallery-1 is-layout-flex wp-block-gallery-is-layout-flex\">\n<figure class=\"wp-block-image size-large\"><img loading=\"lazy\" decoding=\"async\" width=\"1024\" height=\"683\" data-id=\"5901\" src=\"https:\/\/marcali.plebania.hu\/wp-content\/uploads\/2024\/06\/01-1024x683.jpg\" alt=\"\" class=\"wp-image-5901\" srcset=\"https:\/\/marcali.plebania.hu\/wp-content\/uploads\/2024\/06\/01-1024x683.jpg 1024w, https:\/\/marcali.plebania.hu\/wp-content\/uploads\/2024\/06\/01-300x200.jpg 300w, https:\/\/marcali.plebania.hu\/wp-content\/uploads\/2024\/06\/01-768x512.jpg 768w, https:\/\/marcali.plebania.hu\/wp-content\/uploads\/2024\/06\/01-1536x1024.jpg 1536w, https:\/\/marcali.plebania.hu\/wp-content\/uploads\/2024\/06\/01-2048x1365.jpg 2048w, https:\/\/marcali.plebania.hu\/wp-content\/uploads\/2024\/06\/01-405x270.jpg 405w\" sizes=\"auto, (max-width: 1024px) 100vw, 1024px\" \/><\/figure>\n\n\n\n<figure class=\"wp-block-image size-large\"><img loading=\"lazy\" decoding=\"async\" width=\"1024\" height=\"683\" data-id=\"5902\" src=\"https:\/\/marcali.plebania.hu\/wp-content\/uploads\/2024\/06\/02-1024x683.jpg\" alt=\"\" class=\"wp-image-5902\" srcset=\"https:\/\/marcali.plebania.hu\/wp-content\/uploads\/2024\/06\/02-1024x683.jpg 1024w, https:\/\/marcali.plebania.hu\/wp-content\/uploads\/2024\/06\/02-300x200.jpg 300w, https:\/\/marcali.plebania.hu\/wp-content\/uploads\/2024\/06\/02-768x512.jpg 768w, https:\/\/marcali.plebania.hu\/wp-content\/uploads\/2024\/06\/02-1536x1024.jpg 1536w, https:\/\/marcali.plebania.hu\/wp-content\/uploads\/2024\/06\/02-2048x1365.jpg 2048w, https:\/\/marcali.plebania.hu\/wp-content\/uploads\/2024\/06\/02-405x270.jpg 405w\" sizes=\"auto, (max-width: 1024px) 100vw, 1024px\" \/><\/figure>\n\n\n\n<figure class=\"wp-block-image size-large\"><img loading=\"lazy\" decoding=\"async\" width=\"1024\" height=\"683\" data-id=\"5904\" src=\"https:\/\/marcali.plebania.hu\/wp-content\/uploads\/2024\/06\/03-1024x683.jpg\" alt=\"\" class=\"wp-image-5904\" srcset=\"https:\/\/marcali.plebania.hu\/wp-content\/uploads\/2024\/06\/03-1024x683.jpg 1024w, https:\/\/marcali.plebania.hu\/wp-content\/uploads\/2024\/06\/03-300x200.jpg 300w, https:\/\/marcali.plebania.hu\/wp-content\/uploads\/2024\/06\/03-768x512.jpg 768w, https:\/\/marcali.plebania.hu\/wp-content\/uploads\/2024\/06\/03-1536x1024.jpg 1536w, https:\/\/marcali.plebania.hu\/wp-content\/uploads\/2024\/06\/03-2048x1365.jpg 2048w, https:\/\/marcali.plebania.hu\/wp-content\/uploads\/2024\/06\/03-405x270.jpg 405w\" sizes=\"auto, (max-width: 1024px) 100vw, 1024px\" \/><\/figure>\n\n\n\n<figure class=\"wp-block-image size-large\"><img loading=\"lazy\" decoding=\"async\" width=\"1024\" height=\"683\" data-id=\"5903\" src=\"https:\/\/marcali.plebania.hu\/wp-content\/uploads\/2024\/06\/04-1024x683.jpg\" alt=\"\" class=\"wp-image-5903\" srcset=\"https:\/\/marcali.plebania.hu\/wp-content\/uploads\/2024\/06\/04-1024x683.jpg 1024w, https:\/\/marcali.plebania.hu\/wp-content\/uploads\/2024\/06\/04-300x200.jpg 300w, https:\/\/marcali.plebania.hu\/wp-content\/uploads\/2024\/06\/04-768x512.jpg 768w, https:\/\/marcali.plebania.hu\/wp-content\/uploads\/2024\/06\/04-1536x1024.jpg 1536w, https:\/\/marcali.plebania.hu\/wp-content\/uploads\/2024\/06\/04-2048x1365.jpg 2048w, https:\/\/marcali.plebania.hu\/wp-content\/uploads\/2024\/06\/04-405x270.jpg 405w\" sizes=\"auto, (max-width: 1024px) 100vw, 1024px\" \/><\/figure>\n<\/figure>\n\n\n\n<p>Az istentisztelet f\u0151celebr\u00e1nsa Tomanek Ferenc \u00c1ron pl\u00e9b\u00e1nos volt, aki szentbesz\u00e9d\u00e9ben az Olt\u00e1riszents\u00e9g (Eucharisztia) jelent\u0151s\u00e9g\u00e9 hangs\u00falyozta. Az egyh\u00e1z tan\u00edt\u00e1sa szerint ugyanis az Olt\u00e1riszents\u00e9g J\u00e9zus Krisztus val\u00f3s\u00e1gos teste \u00e9s v\u00e9re. \u00c9ppen ez\u00e9rt ezen az \u00fcnnepen \u2013 szerte a vil\u00e1gban \u2013 kiviszik az utc\u00e1kra \u00e9s a terekre, hogy Isten szeretet\u00e9t hirdess\u00e9k mindenki sz\u00e1m\u00e1ra.<\/p>\n\n\n\n<figure class=\"wp-block-gallery has-nested-images columns-default is-cropped wp-block-gallery-2 is-layout-flex wp-block-gallery-is-layout-flex\">\n<figure class=\"wp-block-image size-large\"><img loading=\"lazy\" decoding=\"async\" width=\"1024\" height=\"683\" data-id=\"5909\" src=\"https:\/\/marcali.plebania.hu\/wp-content\/uploads\/2024\/06\/05-1024x683.jpg\" alt=\"\" class=\"wp-image-5909\" srcset=\"https:\/\/marcali.plebania.hu\/wp-content\/uploads\/2024\/06\/05-1024x683.jpg 1024w, https:\/\/marcali.plebania.hu\/wp-content\/uploads\/2024\/06\/05-300x200.jpg 300w, https:\/\/marcali.plebania.hu\/wp-content\/uploads\/2024\/06\/05-768x512.jpg 768w, https:\/\/marcali.plebania.hu\/wp-content\/uploads\/2024\/06\/05-1536x1024.jpg 1536w, https:\/\/marcali.plebania.hu\/wp-content\/uploads\/2024\/06\/05-2048x1365.jpg 2048w, https:\/\/marcali.plebania.hu\/wp-content\/uploads\/2024\/06\/05-405x270.jpg 405w\" sizes=\"auto, (max-width: 1024px) 100vw, 1024px\" \/><\/figure>\n\n\n\n<figure class=\"wp-block-image size-large\"><img loading=\"lazy\" decoding=\"async\" width=\"1024\" height=\"683\" data-id=\"5906\" src=\"https:\/\/marcali.plebania.hu\/wp-content\/uploads\/2024\/06\/06-1024x683.jpg\" alt=\"\" class=\"wp-image-5906\" srcset=\"https:\/\/marcali.plebania.hu\/wp-content\/uploads\/2024\/06\/06-1024x683.jpg 1024w, https:\/\/marcali.plebania.hu\/wp-content\/uploads\/2024\/06\/06-300x200.jpg 300w, https:\/\/marcali.plebania.hu\/wp-content\/uploads\/2024\/06\/06-768x512.jpg 768w, https:\/\/marcali.plebania.hu\/wp-content\/uploads\/2024\/06\/06-1536x1024.jpg 1536w, https:\/\/marcali.plebania.hu\/wp-content\/uploads\/2024\/06\/06-2048x1365.jpg 2048w, https:\/\/marcali.plebania.hu\/wp-content\/uploads\/2024\/06\/06-405x270.jpg 405w\" sizes=\"auto, (max-width: 1024px) 100vw, 1024px\" \/><\/figure>\n\n\n\n<figure class=\"wp-block-image size-large\"><img loading=\"lazy\" decoding=\"async\" width=\"1024\" height=\"683\" data-id=\"5910\" src=\"https:\/\/marcali.plebania.hu\/wp-content\/uploads\/2024\/06\/09-1024x683.jpg\" alt=\"\" class=\"wp-image-5910\" srcset=\"https:\/\/marcali.plebania.hu\/wp-content\/uploads\/2024\/06\/09-1024x683.jpg 1024w, https:\/\/marcali.plebania.hu\/wp-content\/uploads\/2024\/06\/09-300x200.jpg 300w, https:\/\/marcali.plebania.hu\/wp-content\/uploads\/2024\/06\/09-768x512.jpg 768w, https:\/\/marcali.plebania.hu\/wp-content\/uploads\/2024\/06\/09-1536x1024.jpg 1536w, https:\/\/marcali.plebania.hu\/wp-content\/uploads\/2024\/06\/09-2048x1365.jpg 2048w, https:\/\/marcali.plebania.hu\/wp-content\/uploads\/2024\/06\/09-405x270.jpg 405w\" sizes=\"auto, (max-width: 1024px) 100vw, 1024px\" \/><\/figure>\n\n\n\n<figure class=\"wp-block-image size-large\"><img loading=\"lazy\" decoding=\"async\" width=\"1024\" height=\"683\" data-id=\"5911\" src=\"https:\/\/marcali.plebania.hu\/wp-content\/uploads\/2024\/06\/15-1024x683.jpg\" alt=\"\" class=\"wp-image-5911\" srcset=\"https:\/\/marcali.plebania.hu\/wp-content\/uploads\/2024\/06\/15-1024x683.jpg 1024w, https:\/\/marcali.plebania.hu\/wp-content\/uploads\/2024\/06\/15-300x200.jpg 300w, https:\/\/marcali.plebania.hu\/wp-content\/uploads\/2024\/06\/15-768x512.jpg 768w, https:\/\/marcali.plebania.hu\/wp-content\/uploads\/2024\/06\/15-1536x1024.jpg 1536w, https:\/\/marcali.plebania.hu\/wp-content\/uploads\/2024\/06\/15-2048x1365.jpg 2048w, https:\/\/marcali.plebania.hu\/wp-content\/uploads\/2024\/06\/15-405x270.jpg 405w\" sizes=\"auto, (max-width: 1024px) 100vw, 1024px\" \/><\/figure>\n<\/figure>\n\n\n\n<p>A szentmis\u00e9t k\u00f6vet\u0151en Marcaliban is megtartott\u00e1k a hagyom\u00e1nyos \u00farnapi k\u00f6rmenetet, \u00e9s az ilyenkor szok\u00e1sos liturgi\u00e1t. A menet a templom f\u0151bej\u00e1rat\u00e1n vonult ki templomi z\u00e1szl\u00f3kkal \u00e9s a h\u00edvekkel, majd pedig megker\u00fclve az eg\u00e9sz \u00e9p\u00fcletet, a n\u00e9gy kis \u201eolt\u00e1rn\u00e1l\u201d Ferenc atya \u2013 a liturgia keret\u00e9ben \u2013 az Olt\u00e1riszents\u00e9ggel \u00e1ld\u00e1st adott az \u00e9gt\u00e1jak fel\u00e9 a v\u00e1rosra \u00e9s a lak\u00f3ira is.<\/p>\n\n\n\n<figure class=\"wp-block-gallery has-nested-images columns-default is-cropped wp-block-gallery-3 is-layout-flex wp-block-gallery-is-layout-flex\">\n<figure class=\"wp-block-image size-large\"><img loading=\"lazy\" decoding=\"async\" width=\"1024\" height=\"683\" data-id=\"5912\" src=\"https:\/\/marcali.plebania.hu\/wp-content\/uploads\/2024\/06\/23-1024x683.jpg\" alt=\"\" class=\"wp-image-5912\" srcset=\"https:\/\/marcali.plebania.hu\/wp-content\/uploads\/2024\/06\/23-1024x683.jpg 1024w, https:\/\/marcali.plebania.hu\/wp-content\/uploads\/2024\/06\/23-300x200.jpg 300w, https:\/\/marcali.plebania.hu\/wp-content\/uploads\/2024\/06\/23-768x512.jpg 768w, https:\/\/marcali.plebania.hu\/wp-content\/uploads\/2024\/06\/23-1536x1024.jpg 1536w, https:\/\/marcali.plebania.hu\/wp-content\/uploads\/2024\/06\/23-2048x1365.jpg 2048w, https:\/\/marcali.plebania.hu\/wp-content\/uploads\/2024\/06\/23-405x270.jpg 405w\" sizes=\"auto, (max-width: 1024px) 100vw, 1024px\" \/><\/figure>\n\n\n\n<figure class=\"wp-block-image size-large\"><img loading=\"lazy\" decoding=\"async\" width=\"1024\" height=\"683\" data-id=\"5915\" src=\"https:\/\/marcali.plebania.hu\/wp-content\/uploads\/2024\/06\/24-1024x683.jpg\" alt=\"\" class=\"wp-image-5915\" srcset=\"https:\/\/marcali.plebania.hu\/wp-content\/uploads\/2024\/06\/24-1024x683.jpg 1024w, https:\/\/marcali.plebania.hu\/wp-content\/uploads\/2024\/06\/24-300x200.jpg 300w, https:\/\/marcali.plebania.hu\/wp-content\/uploads\/2024\/06\/24-768x512.jpg 768w, https:\/\/marcali.plebania.hu\/wp-content\/uploads\/2024\/06\/24-1536x1024.jpg 1536w, https:\/\/marcali.plebania.hu\/wp-content\/uploads\/2024\/06\/24-2048x1365.jpg 2048w, https:\/\/marcali.plebania.hu\/wp-content\/uploads\/2024\/06\/24-405x270.jpg 405w\" sizes=\"auto, (max-width: 1024px) 100vw, 1024px\" \/><\/figure>\n\n\n\n<figure class=\"wp-block-image size-large\"><img loading=\"lazy\" decoding=\"async\" width=\"1024\" height=\"683\" data-id=\"5916\" src=\"https:\/\/marcali.plebania.hu\/wp-content\/uploads\/2024\/06\/37-1024x683.jpg\" alt=\"\" class=\"wp-image-5916\" srcset=\"https:\/\/marcali.plebania.hu\/wp-content\/uploads\/2024\/06\/37-1024x683.jpg 1024w, https:\/\/marcali.plebania.hu\/wp-content\/uploads\/2024\/06\/37-300x200.jpg 300w, https:\/\/marcali.plebania.hu\/wp-content\/uploads\/2024\/06\/37-768x512.jpg 768w, https:\/\/marcali.plebania.hu\/wp-content\/uploads\/2024\/06\/37-1536x1024.jpg 1536w, https:\/\/marcali.plebania.hu\/wp-content\/uploads\/2024\/06\/37-2048x1365.jpg 2048w, https:\/\/marcali.plebania.hu\/wp-content\/uploads\/2024\/06\/37-405x270.jpg 405w\" sizes=\"auto, (max-width: 1024px) 100vw, 1024px\" \/><\/figure>\n\n\n\n<figure class=\"wp-block-image size-large\"><img loading=\"lazy\" decoding=\"async\" width=\"1024\" height=\"683\" data-id=\"5917\" src=\"https:\/\/marcali.plebania.hu\/wp-content\/uploads\/2024\/06\/48-1024x683.jpg\" alt=\"\" class=\"wp-image-5917\" srcset=\"https:\/\/marcali.plebania.hu\/wp-content\/uploads\/2024\/06\/48-1024x683.jpg 1024w, https:\/\/marcali.plebania.hu\/wp-content\/uploads\/2024\/06\/48-300x200.jpg 300w, https:\/\/marcali.plebania.hu\/wp-content\/uploads\/2024\/06\/48-768x512.jpg 768w, https:\/\/marcali.plebania.hu\/wp-content\/uploads\/2024\/06\/48-1536x1024.jpg 1536w, https:\/\/marcali.plebania.hu\/wp-content\/uploads\/2024\/06\/48-2048x1365.jpg 2048w, https:\/\/marcali.plebania.hu\/wp-content\/uploads\/2024\/06\/48-405x270.jpg 405w\" sizes=\"auto, (max-width: 1024px) 100vw, 1024px\" \/><\/figure>\n<\/figure>\n\n\n\n<p>Az idei \u00e9vben nem k\u00e9sz\u00fcltek k\u00fclt\u00e9ri lombs\u00e1trak, csak a kis asztalk\u00e1k, melyeket a n\u00e9gy templom h\u00edv\u0151 k\u00f6z\u00f6ss\u00e9ge szorgos munk\u00e1val d\u00edsz\u00edtett fel k\u00fcl\u00f6nf\u00e9le vir\u00e1gokkal.<\/p>\n\n\n\n<figure class=\"wp-block-gallery has-nested-images columns-default is-cropped wp-block-gallery-4 is-layout-flex wp-block-gallery-is-layout-flex\">\n<figure class=\"wp-block-image size-large\"><img loading=\"lazy\" decoding=\"async\" width=\"1024\" height=\"683\" data-id=\"5918\" src=\"https:\/\/marcali.plebania.hu\/wp-content\/uploads\/2024\/06\/54-1024x683.jpg\" alt=\"\" class=\"wp-image-5918\" srcset=\"https:\/\/marcali.plebania.hu\/wp-content\/uploads\/2024\/06\/54-1024x683.jpg 1024w, https:\/\/marcali.plebania.hu\/wp-content\/uploads\/2024\/06\/54-300x200.jpg 300w, https:\/\/marcali.plebania.hu\/wp-content\/uploads\/2024\/06\/54-768x512.jpg 768w, https:\/\/marcali.plebania.hu\/wp-content\/uploads\/2024\/06\/54-1536x1024.jpg 1536w, https:\/\/marcali.plebania.hu\/wp-content\/uploads\/2024\/06\/54-2048x1365.jpg 2048w, https:\/\/marcali.plebania.hu\/wp-content\/uploads\/2024\/06\/54-405x270.jpg 405w\" sizes=\"auto, (max-width: 1024px) 100vw, 1024px\" \/><\/figure>\n<\/figure>\n\n\n\n<p>K\u00f6sz\u00f6net mindenki munk\u00e1j\u00e1\u00e9rt, hogy ism\u00e9t siker\u00fclt sz\u00e9pen \u00e9s m\u00e9lt\u00f3s\u00e1gteljesen lebonyol\u00edtani ezt a sz\u00e9p \u00e9s magasztos \u00fcnnepet!<\/p>\n\n\n\n<p>\u00cdrta \u00e9s fot\u00f3k: Kiss K\u00e1lm\u00e1n<\/p>\n","protected":false},"excerpt":{"rendered":"<p>2024. j\u00fanius 2-\u00e1n, vas\u00e1rnap 10 \u00f3rakor kezd\u0151d\u00f6tt az idei \u00farnapi szentmise, majd a k\u00f6rmenet a Gy\u00fcm\u00f6lcsolt\u00f3 Boldogasszony Pl\u00e9b\u00e1niatemplomban, valamint a Boldog II. J\u00e1nos P\u00e1l p\u00e1pa t\u00e9ren. Az istentisztelet f\u0151celebr\u00e1nsa Tomanek Ferenc \u00c1ron pl\u00e9b\u00e1nos volt, aki szentbesz\u00e9d\u00e9ben az Olt\u00e1riszents\u00e9g (Eucharisztia) jelent\u0151s\u00e9g\u00e9 hangs\u00falyozta. Az egyh\u00e1z tan\u00edt\u00e1sa szerint ugyanis az Olt\u00e1riszents\u00e9g J\u00e9zus Krisztus val\u00f3s\u00e1gos teste \u00e9s v\u00e9re. \u00c9ppen ez\u00e9rt ezen az \u00fcnnepen \u2013 szerte a vil\u00e1gban \u2013 kiviszik az utc\u00e1kra \u00e9s a terekre, hogy Isten szeretet\u00e9t hirdess\u00e9k mindenki sz\u00e1m\u00e1ra. A szentmis\u00e9t k\u00f6vet\u0151en Marcaliban&#8230;<\/p>\n<p class=\"read-more\"><a class=\"btn btn-default\" href=\"https:\/\/marcali.plebania.hu\/?p=5900\"> Read More<span class=\"screen-reader-text\">  Read More<\/span><\/a><\/p>\n","protected":false},"author":2,"featured_media":0,"comment_status":"closed","ping_status":"open","sticky":false,"template":"","format":"standard","meta":{"footnotes":""},"categories":[1],"tags":[],"class_list":["post-5900","post","type-post","status-publish","format-standard","hentry","category-egyeb"],"_links":{"self":[{"href":"https:\/\/marcali.plebania.hu\/index.php?rest_route=\/wp\/v2\/posts\/5900","targetHints":{"allow":["GET"]}}],"collection":[{"href":"https:\/\/marcali.plebania.hu\/index.php?rest_route=\/wp\/v2\/posts"}],"about":[{"href":"https:\/\/marcali.plebania.hu\/index.php?rest_route=\/wp\/v2\/types\/post"}],"author":[{"embeddable":true,"href":"https:\/\/marcali.plebania.hu\/index.php?rest_route=\/wp\/v2\/users\/2"}],"replies":[{"embeddable":true,"href":"https:\/\/marcali.plebania.hu\/index.php?rest_route=%2Fwp%2Fv2%2Fcomments&post=5900"}],"version-history":[{"count":1,"href":"https:\/\/marcali.plebania.hu\/index.php?rest_route=\/wp\/v2\/posts\/5900\/revisions"}],"predecessor-version":[{"id":5919,"href":"https:\/\/marcali.plebania.hu\/index.php?rest_route=\/wp\/v2\/posts\/5900\/revisions\/5919"}],"wp:attachment":[{"href":"https:\/\/marcali.plebania.hu\/index.php?rest_route=%2Fwp%2Fv2%2Fmedia&parent=5900"}],"wp:term":[{"taxonomy":"category","embeddable":true,"href":"https:\/\/marcali.plebania.hu\/index.php?rest_route=%2Fwp%2Fv2%2Fcategories&post=5900"},{"taxonomy":"post_tag","embeddable":true,"href":"https:\/\/marcali.plebania.hu\/index.php?rest_route=%2Fwp%2Fv2%2Ftags&post=5900"}],"curies":[{"name":"wp","href":"https:\/\/api.w.org\/{rel}","templated":true}]}}