{"id":592,"date":"2019-01-24T15:59:06","date_gmt":"2019-01-24T15:59:06","guid":{"rendered":"https:\/\/marcali.plebania.hu\/?p=592"},"modified":"2019-01-24T15:59:06","modified_gmt":"2019-01-24T15:59:06","slug":"okumenikus-bibliaolvasas-az-x-hazban-2","status":"publish","type":"post","link":"https:\/\/marcali.plebania.hu\/?p=592","title":{"rendered":"\u00d6kumenikus Bibliaolvas\u00e1s az X-h\u00e1zban"},"content":{"rendered":"\n<p>2019. janu\u00e1r 23-\u00e1n, szerd\u00e1n este 17 \u00f3r\u00e1t\u00f3l az X-h\u00e1zban, az \u00f6kumenikus imah\u00e9t rendezv\u00e9nysorozat keret\u00e9n bel\u00fcl k\u00f6z\u00f6s bibliaolvas\u00e1sra gy\u0171ltek \u00f6ssze a katolikus \u00e9s a reform\u00e1tus testv\u00e9rek a kereszt\u00e9ny egys\u00e9gre t\u00f6rekv\u00e9s jegy\u00e9ben.<\/p>\n\n\n\n<figure class=\"wp-block-image\"><img loading=\"lazy\" decoding=\"async\" width=\"1024\" height=\"683\" src=\"https:\/\/marcali.plebania.hu\/wp-content\/uploads\/2019\/01\/22-1024x683.jpg\" alt=\"\" class=\"wp-image-593\" srcset=\"https:\/\/marcali.plebania.hu\/wp-content\/uploads\/2019\/01\/22-1024x683.jpg 1024w, https:\/\/marcali.plebania.hu\/wp-content\/uploads\/2019\/01\/22-300x200.jpg 300w, https:\/\/marcali.plebania.hu\/wp-content\/uploads\/2019\/01\/22-768x512.jpg 768w, https:\/\/marcali.plebania.hu\/wp-content\/uploads\/2019\/01\/22-405x270.jpg 405w\" sizes=\"auto, (max-width: 1024px) 100vw, 1024px\" \/><\/figure>\n\n\n\n<p>Az \u00f6sszej\u00f6vetelen Kiss Iv\u00e1n c. pr\u00e9post, esperes-pl\u00e9b\u00e1nos k\u00f6sz\u00f6nt\u00f6tte a megjelenteket, majd a Szent\u00edr\u00e1sb\u00f3l, M\u00f3zes 5. k\u00f6nyv\u00e9b\u0151l v\u00e1lasztott id\u00e9zet \u201eAz igazs\u00e1gra \u00e9s csakis az igazs\u00e1gra t\u00f6rekedj\u2026\u201d (MT\u00f6rv\/5M\u00f3z 16,18-20) jelent\u0151s\u00e9g\u00e9t elemezt\u00e9k. Fazekas Kriszti\u00e1n reform\u00e1tus lelkip\u00e1sztor vet\u00edtett k\u00e9pes el\u0151ad\u00e1son \u2013 a vas\u00e1rnapi igehirdet\u00e9sen elhangozottak folytat\u00e1sak\u00e9nt magyar\u00e1zta tov\u00e1bb \u2013 az indon\u00e9z kereszt\u00e9ny testv\u00e9rek \u00e1ltal \u00f6ssze\u00e1ll\u00edtott jelmondat l\u00e9nyeg\u00e9t. K\u00e9tf\u00e9le igazs\u00e1g l\u00e9tezik a g\u00f6r\u00f6g\u00f6k szerint: az egyik, az elrejtetlens\u00e9g (al\u00e9theia \u2013 a f\u00e1tyol al\u00f3l kil\u00e9p\u0151 igazi val\u00f3s\u00e1g); a m\u00e1sik, az igazs\u00e1goss\u00e1g (dikaiosz\u00fcn\u00e9 \u2013 a peres \u00fcgyekben val\u00f3 m\u00e9lt\u00e1nyoss\u00e1g). A p\u00e1li teol\u00f3gi\u00e1ban azt jelenti, hogy az Igaz B\u00edr\u00f3 felment kegyelemb\u0151l az \u00edt\u00e9let al\u00f3l \u00e9s ez\u00e9rt, mint megaj\u00e1nd\u00e9kozott mondhat Igen-t. \u00c9let\u00fcnk sor\u00e1n ugyanis sokszor ker\u00fcl\u00fcnk v\u00e1laszt\u00e1s el\u00e9, ilyenkor igent, vagy nemet is mondhatunk, csak tegy\u00fck azt hat\u00e1rozottan \u2013 b\u00edztatott mindenkit Fazekas Kriszti\u00e1n. Majd az al\u00e1bbiakkal fejezte be: \u201e\u00c9let\u00fcnk a v\u00e1laszt\u00e1sok k\u00f6zben form\u00e1l\u00f3dik, s ezek hit\u00fcnk pr\u00f3b\u00e1i is egyben.\u201d<\/p>\n\n\n\n<figure class=\"wp-block-image\"><img loading=\"lazy\" decoding=\"async\" width=\"1024\" height=\"683\" src=\"https:\/\/marcali.plebania.hu\/wp-content\/uploads\/2019\/01\/16-1024x683.jpg\" alt=\"\" class=\"wp-image-594\" srcset=\"https:\/\/marcali.plebania.hu\/wp-content\/uploads\/2019\/01\/16-1024x683.jpg 1024w, https:\/\/marcali.plebania.hu\/wp-content\/uploads\/2019\/01\/16-300x200.jpg 300w, https:\/\/marcali.plebania.hu\/wp-content\/uploads\/2019\/01\/16-768x512.jpg 768w, https:\/\/marcali.plebania.hu\/wp-content\/uploads\/2019\/01\/16-405x270.jpg 405w\" sizes=\"auto, (max-width: 1024px) 100vw, 1024px\" \/><\/figure>\n\n\n\n<p>A k\u00f6z\u00f6s \u00e9nekl\u00e9s ut\u00e1n t\u00f6bben is elmondt\u00e1k gondolataikat, \u00e9s tan\u00fas\u00e1got tettek saj\u00e1t tapasztalataikr\u00f3l, \u00e9lm\u00e9nyeikr\u0151l Isten seg\u00edt\u0151 szeretet\u00e9vel kapcsolatban. A Biblia\u00f3ra ut\u00e1n a r\u00e9sztvev\u0151ket s\u00fctem\u00e9nyekkel \u00e9s friss\u00edt\u0151kkel vend\u00e9gelt\u00e9k meg. A program j\u00f3 hangulat\u00fa besz\u00e9lget\u00e9ssel z\u00e1rult.<\/p>\n\n\n\n<figure class=\"wp-block-image\"><img loading=\"lazy\" decoding=\"async\" width=\"1024\" height=\"683\" src=\"https:\/\/marcali.plebania.hu\/wp-content\/uploads\/2019\/01\/15-1024x683.jpg\" alt=\"\" class=\"wp-image-595\" srcset=\"https:\/\/marcali.plebania.hu\/wp-content\/uploads\/2019\/01\/15-1024x683.jpg 1024w, https:\/\/marcali.plebania.hu\/wp-content\/uploads\/2019\/01\/15-300x200.jpg 300w, https:\/\/marcali.plebania.hu\/wp-content\/uploads\/2019\/01\/15-768x512.jpg 768w, https:\/\/marcali.plebania.hu\/wp-content\/uploads\/2019\/01\/15-405x270.jpg 405w\" sizes=\"auto, (max-width: 1024px) 100vw, 1024px\" \/><\/figure>\n","protected":false},"excerpt":{"rendered":"<p>2019. janu\u00e1r 23-\u00e1n, szerd\u00e1n este 17 \u00f3r\u00e1t\u00f3l az X-h\u00e1zban, az \u00f6kumenikus imah\u00e9t rendezv\u00e9nysorozat keret\u00e9n bel\u00fcl k\u00f6z\u00f6s bibliaolvas\u00e1sra gy\u0171ltek \u00f6ssze a katolikus \u00e9s a reform\u00e1tus testv\u00e9rek a kereszt\u00e9ny egys\u00e9gre t\u00f6rekv\u00e9s jegy\u00e9ben. Az \u00f6sszej\u00f6vetelen Kiss Iv\u00e1n c. pr\u00e9post, esperes-pl\u00e9b\u00e1nos k\u00f6sz\u00f6nt\u00f6tte a megjelenteket, majd a Szent\u00edr\u00e1sb\u00f3l, M\u00f3zes 5. k\u00f6nyv\u00e9b\u0151l v\u00e1lasztott id\u00e9zet \u201eAz igazs\u00e1gra \u00e9s csakis az igazs\u00e1gra t\u00f6rekedj\u2026\u201d (MT\u00f6rv\/5M\u00f3z 16,18-20) jelent\u0151s\u00e9g\u00e9t elemezt\u00e9k. Fazekas Kriszti\u00e1n reform\u00e1tus lelkip\u00e1sztor vet\u00edtett k\u00e9pes el\u0151ad\u00e1son \u2013 a vas\u00e1rnapi igehirdet\u00e9sen elhangozottak folytat\u00e1sak\u00e9nt magyar\u00e1zta tov\u00e1bb \u2013 az indon\u00e9z kereszt\u00e9ny testv\u00e9rek \u00e1ltal&#8230;<\/p>\n<p class=\"read-more\"><a class=\"btn btn-default\" href=\"https:\/\/marcali.plebania.hu\/?p=592\"> Read More<span class=\"screen-reader-text\">  Read More<\/span><\/a><\/p>\n","protected":false},"author":2,"featured_media":0,"comment_status":"closed","ping_status":"open","sticky":false,"template":"","format":"standard","meta":{"footnotes":""},"categories":[1],"tags":[],"class_list":["post-592","post","type-post","status-publish","format-standard","hentry","category-egyeb"],"_links":{"self":[{"href":"https:\/\/marcali.plebania.hu\/index.php?rest_route=\/wp\/v2\/posts\/592","targetHints":{"allow":["GET"]}}],"collection":[{"href":"https:\/\/marcali.plebania.hu\/index.php?rest_route=\/wp\/v2\/posts"}],"about":[{"href":"https:\/\/marcali.plebania.hu\/index.php?rest_route=\/wp\/v2\/types\/post"}],"author":[{"embeddable":true,"href":"https:\/\/marcali.plebania.hu\/index.php?rest_route=\/wp\/v2\/users\/2"}],"replies":[{"embeddable":true,"href":"https:\/\/marcali.plebania.hu\/index.php?rest_route=%2Fwp%2Fv2%2Fcomments&post=592"}],"version-history":[{"count":1,"href":"https:\/\/marcali.plebania.hu\/index.php?rest_route=\/wp\/v2\/posts\/592\/revisions"}],"predecessor-version":[{"id":596,"href":"https:\/\/marcali.plebania.hu\/index.php?rest_route=\/wp\/v2\/posts\/592\/revisions\/596"}],"wp:attachment":[{"href":"https:\/\/marcali.plebania.hu\/index.php?rest_route=%2Fwp%2Fv2%2Fmedia&parent=592"}],"wp:term":[{"taxonomy":"category","embeddable":true,"href":"https:\/\/marcali.plebania.hu\/index.php?rest_route=%2Fwp%2Fv2%2Fcategories&post=592"},{"taxonomy":"post_tag","embeddable":true,"href":"https:\/\/marcali.plebania.hu\/index.php?rest_route=%2Fwp%2Fv2%2Ftags&post=592"}],"curies":[{"name":"wp","href":"https:\/\/api.w.org\/{rel}","templated":true}]}}