{"id":5921,"date":"2024-06-15T14:28:58","date_gmt":"2024-06-15T14:28:58","guid":{"rendered":"https:\/\/marcali.plebania.hu\/?p=5921"},"modified":"2024-06-15T14:28:58","modified_gmt":"2024-06-15T14:28:58","slug":"hirdetesek-2024-junius-16-an","status":"publish","type":"post","link":"https:\/\/marcali.plebania.hu\/?p=5921","title":{"rendered":"Hirdet\u00e9sek 2024. j\u00fanius 16-\u00e1n"},"content":{"rendered":"\n<p><strong><a href=\"https:\/\/igenaptar.katolikus.hu\/2024\/nap\/index.php?holnap=2024-06-16\" target=\"_blank\" rel=\"noreferrer noopener\"><u>\u00c9vk\u00f6zi 11. vas\u00e1rnap<\/u><\/a><\/strong><\/p>\n\n\n\n<ol class=\"wp-block-list\" start=\"1\">\n<li>A <strong>F\u00e9rfi-k\u00f6r<\/strong> k\u00f6vetkez\u0151 tal\u00e1lkoz\u00f3ja szerd\u00e1n 18:00-kor kezd\u0151dik az X-h\u00e1zban (D\u00f3zsa Gy. u. 3.).<\/li>\n\n\n\n<li>A <strong>feln\u0151tt<\/strong>eknek sz\u00f3l\u00f3 <strong>hittan<\/strong> \u00e9s szents\u00e9gi felk\u00e9sz\u00edt\u0151 pedig cs\u00fct\u00f6rt\u00f6k\u00f6n 18:45-kor ugyanott. Szeretettel v\u00e1rjuk a tagokat \u00e9s az \u00e9rdekl\u0151d\u0151ket.<\/li>\n\n\n\n<li>Az <strong>ifj\u00fas\u00e1gi csoport<\/strong> k\u00f6vetkez\u0151 tal\u00e1lkoz\u00f3ja szombaton 19 \u00f3rakor kezd\u0151dik az X-h\u00e1zban.<\/li>\n\n\n\n<li>J\u00f6v\u0151 vas\u00e1rnap a 9 \u00f3rai szentmis\u00e9ben adunk <strong>h\u00e1l\u00e1t az elm\u00falt tan\u00e9v\u00e9rt<\/strong>. K\u00e9rj\u00fck a gyerekeket \u00e9s a di\u00e1kokat, rajzolj\u00e1k le vagy \u00edrj\u00e1k le egy pap\u00edrra, mi\u00e9rt adnak h\u00e1l\u00e1t visszatekintve az elm\u00falt \u00e9vre \u00e9s hozz\u00e1k el ezt a szentmis\u00e9re. A lapokat egy kos\u00e1rban \u00f6sszegy\u0171jtve az olt\u00e1rhoz tessz\u00fck a felaj\u00e1nl\u00e1skor. Szeretettel h\u00edvunk minden di\u00e1kot, sz\u00fcl\u0151t, pedag\u00f3gust. A mise ut\u00e1n a gyerekeket egyperces \u00fcgyess\u00e9gi j\u00e1t\u00e9kokkal v\u00e1rjuk.<\/li>\n\n\n\n<li><strong>Iv\u00e1n atya<\/strong> n\u00e9vnapja alkalm\u00e1b\u00f3l \u00e9s papp\u00e1 szentel\u00e9s\u00e9nek 50. \u00e9vfordul\u00f3j\u00e1hoz k\u00f6zeledve r\u00f3zsaf\u00fcz\u00e9r-t\u00e1rsulatunk j\u00f6v\u0151 vas\u00e1rnap (j\u00fan. 23.) 17:30-ra szeretettel h\u00edvja a tagokat \u00e9s mindenkit, aki szeretne csatlakozni az im\u00e1ds\u00e1ghoz \u00e9s megeml\u00e9kez\u00e9shez a Boldog Gizella-templom altemplom\u00e1ba. Ut\u00e1na a szentmis\u00e9t Iv\u00e1n aty\u00e1\u00e9rt aj\u00e1nljuk fel, mint ahogy a d\u00e9lel\u0151ttit is a pl\u00e9b\u00e1niatemplomban.<\/li>\n\n\n\n<li>A <strong>Fazenda k\u00f6z\u00f6ss\u00e9g<\/strong> cs\u00e1k\u00e1nyi h\u00e1z\u00e1nak megnyit\u00f3j\u00e1ra j\u00f6v\u0151 vas\u00e1rnap ker\u00fcl sor. A 15 \u00f3rakor kezd\u0151d\u0151 p\u00fcsp\u00f6ki mise ut\u00e1n besz\u00e9lget\u00e9s \u00e9s k\u00f6z\u00f6s vacsora is lesz a programban. A r\u00e9szv\u00e9teli sz\u00e1nd\u00e9kot <em><a href=\"https:\/\/docs.google.com\/forms\/d\/1C2u5unqXL5I1xWafPPAma8a1xVo51_o_N9uFVvyCX20\/viewform?ts=6662b22d&amp;edit_requested=true\" target=\"_blank\" rel=\"noreferrer noopener\"><u>IDE KATTINTVA<\/u><\/a><\/em> lehet jelezni.<\/li>\n<\/ol>\n\n\n\n<p><\/p>\n","protected":false},"excerpt":{"rendered":"<p>\u00c9vk\u00f6zi 11. vas\u00e1rnap<\/p>\n","protected":false},"author":1,"featured_media":0,"comment_status":"closed","ping_status":"open","sticky":false,"template":"","format":"standard","meta":{"footnotes":""},"categories":[1],"tags":[],"class_list":["post-5921","post","type-post","status-publish","format-standard","hentry","category-egyeb"],"_links":{"self":[{"href":"https:\/\/marcali.plebania.hu\/index.php?rest_route=\/wp\/v2\/posts\/5921","targetHints":{"allow":["GET"]}}],"collection":[{"href":"https:\/\/marcali.plebania.hu\/index.php?rest_route=\/wp\/v2\/posts"}],"about":[{"href":"https:\/\/marcali.plebania.hu\/index.php?rest_route=\/wp\/v2\/types\/post"}],"author":[{"embeddable":true,"href":"https:\/\/marcali.plebania.hu\/index.php?rest_route=\/wp\/v2\/users\/1"}],"replies":[{"embeddable":true,"href":"https:\/\/marcali.plebania.hu\/index.php?rest_route=%2Fwp%2Fv2%2Fcomments&post=5921"}],"version-history":[{"count":1,"href":"https:\/\/marcali.plebania.hu\/index.php?rest_route=\/wp\/v2\/posts\/5921\/revisions"}],"predecessor-version":[{"id":5922,"href":"https:\/\/marcali.plebania.hu\/index.php?rest_route=\/wp\/v2\/posts\/5921\/revisions\/5922"}],"wp:attachment":[{"href":"https:\/\/marcali.plebania.hu\/index.php?rest_route=%2Fwp%2Fv2%2Fmedia&parent=5921"}],"wp:term":[{"taxonomy":"category","embeddable":true,"href":"https:\/\/marcali.plebania.hu\/index.php?rest_route=%2Fwp%2Fv2%2Fcategories&post=5921"},{"taxonomy":"post_tag","embeddable":true,"href":"https:\/\/marcali.plebania.hu\/index.php?rest_route=%2Fwp%2Fv2%2Ftags&post=5921"}],"curies":[{"name":"wp","href":"https:\/\/api.w.org\/{rel}","templated":true}]}}