{"id":5924,"date":"2024-06-25T07:04:59","date_gmt":"2024-06-25T07:04:59","guid":{"rendered":"https:\/\/marcali.plebania.hu\/?p=5924"},"modified":"2024-06-25T07:07:03","modified_gmt":"2024-06-25T07:07:03","slug":"hirdetesek-2024-junius-23-anevkozi-12-vasarnap-tanev-vegi-halaado-szentmise","status":"publish","type":"post","link":"https:\/\/marcali.plebania.hu\/?p=5924","title":{"rendered":"Hirdet\u00e9sek 2024. j\u00fanius 23-\u00e1n"},"content":{"rendered":"\n<p><strong><a href=\"https:\/\/igenaptar.katolikus.hu\/2024\/nap\/index.php?holnap=2024-06-23\" target=\"_blank\" rel=\"noreferrer noopener\"><u>\u00c9vk\u00f6zi 12. vas\u00e1rnap, tan\u00e9v v\u00e9gi h\u00e1laad\u00f3 szentmise<\/u><\/a><\/strong><\/p>\n\n\n\n<ol class=\"wp-block-list\" start=\"1\">\n<li>A 9 \u00f3rai szentmis\u00e9ben adunk <strong>h\u00e1l\u00e1t az elm\u00falt tan\u00e9v\u00e9rt<\/strong>. K\u00e9rj\u00fck a gyerekeket \u00e9s a di\u00e1kokat, rajzolj\u00e1k le vagy \u00edrj\u00e1k le egy pap\u00edrra, mi\u00e9rt adnak h\u00e1l\u00e1t visszatekintve az elm\u00falt \u00e9vre \u00e9s hozz\u00e1k el ezt a szentmis\u00e9re. A lapokat egy kos\u00e1rban \u00f6sszegy\u0171jtve az olt\u00e1rhoz tessz\u00fck a felaj\u00e1nl\u00e1skor. Szeretettel h\u00edvunk minden di\u00e1kot, sz\u00fcl\u0151t, pedag\u00f3gust. A mise ut\u00e1n a gyerekeket r\u00f6vid \u00fcgyess\u00e9gi j\u00e1t\u00e9kokkal v\u00e1rjuk.<\/li>\n\n\n\n<li>H\u00e9tf\u0151t\u0151l megv\u00e1ltozik a pl\u00e9b\u00e1niai <strong>iroda nyitvatart\u00e1s<\/strong>i ideje: h\u00e9tk\u00f6znapokon 10:00 &#8211; 12:00, valamint 15:30 &#8211; 17:30 lesz lehet\u0151s\u00e9g szem\u00e9lyes \u00fcgyint\u00e9z\u00e9sre, kiv\u00e9ve a p\u00e9ntek d\u00e9lut\u00e1nt. E-mail \u00e9s sms b\u00e1rmikor k\u00fcldhet\u0151 az irod\u00e1nak. Honlapunk mostant\u00f3l a marcali.plebania.hu c\u00edmen \u00e9rhet\u0151 el, itt is lehet t\u00e1j\u00e9koz\u00f3dni a miserendr\u0151l \u00e9s a pl\u00e9b\u00e1niai programokr\u00f3l.<\/li>\n\n\n\n<li>J\u00f6v\u0151 vas\u00e1rnap 11 \u00f3rakor nem Biz\u00e9n, hanem Gomb\u00e1n lesz szentmise.<\/li>\n\n\n\n<li>A j\u00f6v\u0151 vas\u00e1rnapi perselyadom\u00e1nyokat a Szentsz\u00e9k jav\u00e1ra tov\u00e1bb\u00edtjuk. A Szentatya karitat\u00edv c\u00e9ljaira felaj\u00e1nlott <strong>p\u00e9terfill\u00e9r<\/strong>rel<em> <\/em>is tev\u00e9kenyen meg\u00e9lhetj\u00fck a k\u00f6z\u00f6ss\u00e9get a vil\u00e1gegyh\u00e1zzal.<\/li>\n<\/ol>\n","protected":false},"excerpt":{"rendered":"<p>\u00c9vk\u00f6zi 12. vas\u00e1rnap, tan\u00e9v v\u00e9gi h\u00e1laad\u00f3 szentmise<\/p>\n","protected":false},"author":2,"featured_media":0,"comment_status":"closed","ping_status":"open","sticky":false,"template":"","format":"standard","meta":{"footnotes":""},"categories":[1],"tags":[],"class_list":["post-5924","post","type-post","status-publish","format-standard","hentry","category-egyeb"],"_links":{"self":[{"href":"https:\/\/marcali.plebania.hu\/index.php?rest_route=\/wp\/v2\/posts\/5924","targetHints":{"allow":["GET"]}}],"collection":[{"href":"https:\/\/marcali.plebania.hu\/index.php?rest_route=\/wp\/v2\/posts"}],"about":[{"href":"https:\/\/marcali.plebania.hu\/index.php?rest_route=\/wp\/v2\/types\/post"}],"author":[{"embeddable":true,"href":"https:\/\/marcali.plebania.hu\/index.php?rest_route=\/wp\/v2\/users\/2"}],"replies":[{"embeddable":true,"href":"https:\/\/marcali.plebania.hu\/index.php?rest_route=%2Fwp%2Fv2%2Fcomments&post=5924"}],"version-history":[{"count":2,"href":"https:\/\/marcali.plebania.hu\/index.php?rest_route=\/wp\/v2\/posts\/5924\/revisions"}],"predecessor-version":[{"id":5926,"href":"https:\/\/marcali.plebania.hu\/index.php?rest_route=\/wp\/v2\/posts\/5924\/revisions\/5926"}],"wp:attachment":[{"href":"https:\/\/marcali.plebania.hu\/index.php?rest_route=%2Fwp%2Fv2%2Fmedia&parent=5924"}],"wp:term":[{"taxonomy":"category","embeddable":true,"href":"https:\/\/marcali.plebania.hu\/index.php?rest_route=%2Fwp%2Fv2%2Fcategories&post=5924"},{"taxonomy":"post_tag","embeddable":true,"href":"https:\/\/marcali.plebania.hu\/index.php?rest_route=%2Fwp%2Fv2%2Ftags&post=5924"}],"curies":[{"name":"wp","href":"https:\/\/api.w.org\/{rel}","templated":true}]}}