{"id":5929,"date":"2024-06-30T06:27:34","date_gmt":"2024-06-30T06:27:34","guid":{"rendered":"https:\/\/marcali.plebania.hu\/?p=5929"},"modified":"2024-06-30T06:27:34","modified_gmt":"2024-06-30T06:27:34","slug":"hirdetesek-2024-junius-30-an","status":"publish","type":"post","link":"https:\/\/marcali.plebania.hu\/?p=5929","title":{"rendered":"Hirdet\u00e9sek 2024. j\u00fanius 30-\u00e1n"},"content":{"rendered":"\n<p><strong><br><\/strong><strong><a href=\"https:\/\/igenaptar.katolikus.hu\/2024\/nap\/index.php?holnap=2024-06-30\" target=\"_blank\" rel=\"noreferrer noopener\"><u>\u00c9vk\u00f6zi 13. vas\u00e1rnap<\/u><\/a><\/strong><\/p>\n\n\n\n<ol class=\"wp-block-list\" start=\"1\">\n<li>A mai vas\u00e1rnapi perselyadom\u00e1nyokat a Szentsz\u00e9k jav\u00e1ra tov\u00e1bb\u00edtjuk. A Szentatya karitat\u00edv c\u00e9ljaira felaj\u00e1nlott <strong>p\u00e9terfill\u00e9r<\/strong>rel<em> <\/em>is tev\u00e9kenyen meg\u00e9lhetj\u00fck a k\u00f6z\u00f6ss\u00e9get a vil\u00e1gegyh\u00e1zzal.<\/li>\n\n\n\n<li>Ma 11 \u00f3rakor nem Biz\u00e9n, hanem Gomb\u00e1n lesz szentmise.<\/li>\n\n\n\n<li>Kedden nem a pl\u00e9b\u00e1niatemplomban, hanem Cs\u00e1k\u00e1nyban, a Fazenda k\u00f6z\u00f6ss\u00e9g h\u00e1z\u00e1ban \u00fcnnepl\u00fcnk szentmis\u00e9t. Aki szeretne csatlakozni, f\u00e9l 6-ra j\u00f6jj\u00f6n a templom el\u0151tti parkol\u00f3ba.<\/li>\n\n\n\n<li>A <strong>F\u00e9rfi-k\u00f6r<\/strong> k\u00f6vetkez\u0151 tal\u00e1lkoz\u00f3ja szerd\u00e1n 18:00-kor, a <strong>feln\u0151tt<\/strong>eknek sz\u00f3l\u00f3 <strong>hittan<\/strong> \u00e9s szents\u00e9gi felk\u00e9sz\u00edt\u0151 pedig cs\u00fct\u00f6rt\u00f6k\u00f6n 18:45-kor kezd\u0151dik az X-h\u00e1zban (D\u00f3zsa Gy. u. 3.).<\/li>\n\n\n\n<li>Az <strong>ifj\u00fas\u00e1gi csoport<\/strong> k\u00f6vetkez\u0151 tal\u00e1lkoz\u00f3ja szombaton 19 \u00f3rakor kezd\u0151dik a pl\u00e9b\u00e1ni\u00e1n.<\/li>\n\n\n\n<li>J\u00falius 9-\u00e9n, kedden lesz pl\u00e9b\u00e1niatemplomunk <strong>szents\u00e9gim\u00e1d\u00e1si nap<\/strong>ja. Aki v\u00e1llal 12 \u00e9s 18 \u00f3ra k\u00f6zt valamelyik \u00f3r\u00e1ban szents\u00e9gim\u00e1d\u00e1st, k\u00e9rj\u00fck, jelezze a sekresty\u00e9ben a szentmise ut\u00e1n, vagy az irod\u00e1ban.<\/li>\n<\/ol>\n","protected":false},"excerpt":{"rendered":"<p>\u00c9vk\u00f6zi 13. vas\u00e1rnap<\/p>\n","protected":false},"author":1,"featured_media":0,"comment_status":"closed","ping_status":"open","sticky":false,"template":"","format":"standard","meta":{"footnotes":""},"categories":[1],"tags":[],"class_list":["post-5929","post","type-post","status-publish","format-standard","hentry","category-egyeb"],"_links":{"self":[{"href":"https:\/\/marcali.plebania.hu\/index.php?rest_route=\/wp\/v2\/posts\/5929","targetHints":{"allow":["GET"]}}],"collection":[{"href":"https:\/\/marcali.plebania.hu\/index.php?rest_route=\/wp\/v2\/posts"}],"about":[{"href":"https:\/\/marcali.plebania.hu\/index.php?rest_route=\/wp\/v2\/types\/post"}],"author":[{"embeddable":true,"href":"https:\/\/marcali.plebania.hu\/index.php?rest_route=\/wp\/v2\/users\/1"}],"replies":[{"embeddable":true,"href":"https:\/\/marcali.plebania.hu\/index.php?rest_route=%2Fwp%2Fv2%2Fcomments&post=5929"}],"version-history":[{"count":1,"href":"https:\/\/marcali.plebania.hu\/index.php?rest_route=\/wp\/v2\/posts\/5929\/revisions"}],"predecessor-version":[{"id":5930,"href":"https:\/\/marcali.plebania.hu\/index.php?rest_route=\/wp\/v2\/posts\/5929\/revisions\/5930"}],"wp:attachment":[{"href":"https:\/\/marcali.plebania.hu\/index.php?rest_route=%2Fwp%2Fv2%2Fmedia&parent=5929"}],"wp:term":[{"taxonomy":"category","embeddable":true,"href":"https:\/\/marcali.plebania.hu\/index.php?rest_route=%2Fwp%2Fv2%2Fcategories&post=5929"},{"taxonomy":"post_tag","embeddable":true,"href":"https:\/\/marcali.plebania.hu\/index.php?rest_route=%2Fwp%2Fv2%2Ftags&post=5929"}],"curies":[{"name":"wp","href":"https:\/\/api.w.org\/{rel}","templated":true}]}}