{"id":5931,"date":"2024-07-06T20:41:45","date_gmt":"2024-07-06T20:41:45","guid":{"rendered":"https:\/\/marcali.plebania.hu\/?p=5931"},"modified":"2024-07-06T20:42:54","modified_gmt":"2024-07-06T20:42:54","slug":"hirdetesek-2024-junius-30-an-2","status":"publish","type":"post","link":"https:\/\/marcali.plebania.hu\/?p=5931","title":{"rendered":"Hirdet\u00e9sek 2024. j\u00falius 7-\u00e9n"},"content":{"rendered":"\n<p><strong><a href=\"https:\/\/igenaptar.katolikus.hu\/2024\/nap\/index.php?holnap=2024-07-07\" target=\"_blank\" rel=\"noreferrer noopener\"><u>\u00c9vk\u00f6zi 14. vas\u00e1rnap<\/u><\/a><\/strong><\/p>\n\n\n\n<ol class=\"wp-block-list\" start=\"1\">\n<li>K\u00f6sz\u00f6nj\u00fck a m\u00falt vas\u00e1rnapi <strong>p\u00e9terfill\u00e9r<\/strong>t. A p\u00fcsp\u00f6ks\u00e9gen kereszt\u00fcl tov\u00e1bb\u00edtottuk azt a Szentatya karitat\u00edv c\u00e9ljaira.<\/li>\n\n\n\n<li>Kedden lesz pl\u00e9b\u00e1niatemplomunk <strong>szents\u00e9gim\u00e1d\u00e1si nap<\/strong>ja. K\u00f6sz\u00f6nj\u00fck a jelentkez\u00e9st a szents\u00e9gim\u00e1d\u00e1sra. Biztatunk mindenkit, hogy t\u00e9rjen be a templomba im\u00e1dkozni az Olt\u00e1riszents\u00e9g el\u0151tt, lehet\u0151s\u00e9geihez m\u00e9rten, 12 \u00e9s 18 \u00f3ra k\u00f6zt.<\/li>\n\n\n\n<li>Ezen a h\u00e9ten lesz a <strong>pl\u00e9b\u00e1niai t\u00e1bor<\/strong>unk, melynek <strong>z\u00e1r\u00f3mis\u00e9je<\/strong> p\u00e9nteken 16:30-kor kezd\u0151dik. Ezen k\u00edv\u00fcl nem lesz m\u00e1sik szentmise azon a napon.<\/li>\n\n\n\n<li>J\u00f6v\u0151 h\u00e9tv\u00e9g\u00e9n eml\u00e9kez\u00fcnk meg <strong>Iv\u00e1n aty\u00e1r\u00f3l<\/strong>, papp\u00e1 szentel\u00e9s\u00e9nek 50. \u00e9vfordul\u00f3ja alkalm\u00e1b\u00f3l. A szombat esti ima\u00f3r\u00e1ban (17 \u00f3r\u00e1t\u00f3l) im\u00e1dkozunk \u00e9rte, \u00e9s vas\u00e1rnap az esti szentmise ut\u00e1n a s\u00edrj\u00e1n\u00e1l meg\u00e1ldjuk az eml\u00e9kt\u00e1bl\u00e1t.<\/li>\n<\/ol>\n","protected":false},"excerpt":{"rendered":"<p>\u00c9vk\u00f6zi 14. vas\u00e1rnap<\/p>\n","protected":false},"author":1,"featured_media":0,"comment_status":"closed","ping_status":"open","sticky":false,"template":"","format":"standard","meta":{"footnotes":""},"categories":[1],"tags":[],"class_list":["post-5931","post","type-post","status-publish","format-standard","hentry","category-egyeb"],"_links":{"self":[{"href":"https:\/\/marcali.plebania.hu\/index.php?rest_route=\/wp\/v2\/posts\/5931","targetHints":{"allow":["GET"]}}],"collection":[{"href":"https:\/\/marcali.plebania.hu\/index.php?rest_route=\/wp\/v2\/posts"}],"about":[{"href":"https:\/\/marcali.plebania.hu\/index.php?rest_route=\/wp\/v2\/types\/post"}],"author":[{"embeddable":true,"href":"https:\/\/marcali.plebania.hu\/index.php?rest_route=\/wp\/v2\/users\/1"}],"replies":[{"embeddable":true,"href":"https:\/\/marcali.plebania.hu\/index.php?rest_route=%2Fwp%2Fv2%2Fcomments&post=5931"}],"version-history":[{"count":3,"href":"https:\/\/marcali.plebania.hu\/index.php?rest_route=\/wp\/v2\/posts\/5931\/revisions"}],"predecessor-version":[{"id":5934,"href":"https:\/\/marcali.plebania.hu\/index.php?rest_route=\/wp\/v2\/posts\/5931\/revisions\/5934"}],"wp:attachment":[{"href":"https:\/\/marcali.plebania.hu\/index.php?rest_route=%2Fwp%2Fv2%2Fmedia&parent=5931"}],"wp:term":[{"taxonomy":"category","embeddable":true,"href":"https:\/\/marcali.plebania.hu\/index.php?rest_route=%2Fwp%2Fv2%2Fcategories&post=5931"},{"taxonomy":"post_tag","embeddable":true,"href":"https:\/\/marcali.plebania.hu\/index.php?rest_route=%2Fwp%2Fv2%2Ftags&post=5931"}],"curies":[{"name":"wp","href":"https:\/\/api.w.org\/{rel}","templated":true}]}}