{"id":5936,"date":"2024-07-16T07:38:12","date_gmt":"2024-07-16T07:38:12","guid":{"rendered":"https:\/\/marcali.plebania.hu\/?p=5936"},"modified":"2024-07-16T07:38:12","modified_gmt":"2024-07-16T07:38:12","slug":"hirdetesek-2024-julius-14-en","status":"publish","type":"post","link":"https:\/\/marcali.plebania.hu\/?p=5936","title":{"rendered":"Hirdet\u00e9sek 2024. j\u00falius 14-\u00e9n"},"content":{"rendered":"\n<p><strong><a href=\"https:\/\/igenaptar.katolikus.hu\/2024\/nap\/index.php?holnap=2024-07-14\" target=\"_blank\" rel=\"noreferrer noopener\"><u>\u00c9vk\u00f6zi 15. vas\u00e1rnap<\/u><\/a><\/strong><strong><\/strong><\/p>\n\n\n\n<ol class=\"wp-block-list\" start=\"1\">\n<li>K\u00f6sz\u00f6nj\u00fck a jelenl\u00e9tet, az im\u00e1ds\u00e1got \u00e9s a szolg\u00e1latot mindazoknak, akik r\u00e9szt vettek pl\u00e9b\u00e1niatemplomunk <strong>szents\u00e9gim\u00e1d\u00e1si nap<\/strong>j\u00e1n.<\/li>\n\n\n\n<li>V\u00e9get \u00e9rt a <strong>pl\u00e9b\u00e1niai t\u00e1bor<\/strong>unk, k\u00f6sz\u00f6nj\u00fck a r\u00e9szv\u00e9telt, a sz\u00fcl\u0151i t\u00e1mogat\u00e1st, a szervez\u0151k \u00e9s seg\u00edt\u0151k munk\u00e1j\u00e1t, valamint minden felaj\u00e1nlott t\u00e1mogat\u00e1st.<\/li>\n\n\n\n<li>Ezen a h\u00e9tv\u00e9g\u00e9n eml\u00e9kez\u00fcnk meg <strong>Iv\u00e1n aty\u00e1r\u00f3l<\/strong>, papp\u00e1 szentel\u00e9s\u00e9nek 50. \u00e9vfordul\u00f3ja alkalm\u00e1b\u00f3l. Vas\u00e1rnap (j\u00fal. 14.) az esti szentmise ut\u00e1n a s\u00edrj\u00e1n\u00e1l meg\u00e1ldjuk az eml\u00e9kt\u00e1bl\u00e1t.<\/li>\n\n\n\n<li>A p\u00e9nteki szents\u00e9gim\u00e1d\u00e1s ut\u00e1n igeliturgia lesz a templomban.<\/li>\n\n\n\n<li>A F\u00e9rfik\u00f6r kezdem\u00e9nyez\u00e9s\u00e9re p\u00e9ntekenk\u00e9nt 22 \u00f3rakor <strong>r\u00f3zsaf\u00fcz\u00e9r<\/strong>t im\u00e1dkozunk a b\u00e9k\u00e9\u00e9rt a pl\u00e9b\u00e1niatemplomban. B\u00e1rki bekapcsol\u00f3dhat a k\u00f6z\u00f6s im\u00e1ds\u00e1gba, aki szeretne.<\/li>\n\n\n\n<li>J\u00f6v\u0151 vas\u00e1rnap nem lesz 11 \u00f3rakor szentmise.<\/li>\n<\/ol>\n","protected":false},"excerpt":{"rendered":"<p>\u00c9vk\u00f6zi 15. vas\u00e1rnap<\/p>\n","protected":false},"author":2,"featured_media":0,"comment_status":"closed","ping_status":"open","sticky":false,"template":"","format":"standard","meta":{"footnotes":""},"categories":[1],"tags":[],"class_list":["post-5936","post","type-post","status-publish","format-standard","hentry","category-egyeb"],"_links":{"self":[{"href":"https:\/\/marcali.plebania.hu\/index.php?rest_route=\/wp\/v2\/posts\/5936","targetHints":{"allow":["GET"]}}],"collection":[{"href":"https:\/\/marcali.plebania.hu\/index.php?rest_route=\/wp\/v2\/posts"}],"about":[{"href":"https:\/\/marcali.plebania.hu\/index.php?rest_route=\/wp\/v2\/types\/post"}],"author":[{"embeddable":true,"href":"https:\/\/marcali.plebania.hu\/index.php?rest_route=\/wp\/v2\/users\/2"}],"replies":[{"embeddable":true,"href":"https:\/\/marcali.plebania.hu\/index.php?rest_route=%2Fwp%2Fv2%2Fcomments&post=5936"}],"version-history":[{"count":1,"href":"https:\/\/marcali.plebania.hu\/index.php?rest_route=\/wp\/v2\/posts\/5936\/revisions"}],"predecessor-version":[{"id":5937,"href":"https:\/\/marcali.plebania.hu\/index.php?rest_route=\/wp\/v2\/posts\/5936\/revisions\/5937"}],"wp:attachment":[{"href":"https:\/\/marcali.plebania.hu\/index.php?rest_route=%2Fwp%2Fv2%2Fmedia&parent=5936"}],"wp:term":[{"taxonomy":"category","embeddable":true,"href":"https:\/\/marcali.plebania.hu\/index.php?rest_route=%2Fwp%2Fv2%2Fcategories&post=5936"},{"taxonomy":"post_tag","embeddable":true,"href":"https:\/\/marcali.plebania.hu\/index.php?rest_route=%2Fwp%2Fv2%2Ftags&post=5936"}],"curies":[{"name":"wp","href":"https:\/\/api.w.org\/{rel}","templated":true}]}}