{"id":5938,"date":"2024-07-16T07:53:51","date_gmt":"2024-07-16T07:53:51","guid":{"rendered":"https:\/\/marcali.plebania.hu\/?p=5938"},"modified":"2024-07-16T07:53:51","modified_gmt":"2024-07-16T07:53:51","slug":"nagy-erdeklodes-kiserte-a-2024-evi-marcali-hittantabort","status":"publish","type":"post","link":"https:\/\/marcali.plebania.hu\/?p=5938","title":{"rendered":"Nagy \u00e9rdekl\u0151d\u00e9s k\u00eds\u00e9rte a 2024. \u00e9vi marcali hittant\u00e1bort"},"content":{"rendered":"\n<p>2024. j\u00falius 8\u201312. k\u00f6z\u00f6tt szervezt\u00e9k meg a Marcali R\u00f3mai Katolikus Egyh\u00e1zk\u00f6zs\u00e9g hagyom\u00e1nyos napk\u00f6zis hittanos t\u00e1bor\u00e1t az X-h\u00e1zban. A nagy \u00e9rdekl\u0151d\u00e9sre sz\u00e1mot tart\u00f3 k\u00f6zel egy hetes rendezv\u00e9nyen a szervez\u0151k v\u00e1ltozatos programokkal v\u00e1rt\u00e1k az iskol\u00e1sokat.<\/p>\n\n\n\n<figure class=\"wp-block-gallery has-nested-images columns-default is-cropped wp-block-gallery-1 is-layout-flex wp-block-gallery-is-layout-flex\">\n<figure class=\"wp-block-image size-large\"><img loading=\"lazy\" decoding=\"async\" width=\"1024\" height=\"683\" data-id=\"5939\" src=\"https:\/\/marcali.plebania.hu\/wp-content\/uploads\/2024\/07\/02-1024x683.jpg\" alt=\"\" class=\"wp-image-5939\" srcset=\"https:\/\/marcali.plebania.hu\/wp-content\/uploads\/2024\/07\/02-1024x683.jpg 1024w, https:\/\/marcali.plebania.hu\/wp-content\/uploads\/2024\/07\/02-300x200.jpg 300w, https:\/\/marcali.plebania.hu\/wp-content\/uploads\/2024\/07\/02-768x512.jpg 768w, https:\/\/marcali.plebania.hu\/wp-content\/uploads\/2024\/07\/02-1536x1024.jpg 1536w, https:\/\/marcali.plebania.hu\/wp-content\/uploads\/2024\/07\/02-2048x1365.jpg 2048w, https:\/\/marcali.plebania.hu\/wp-content\/uploads\/2024\/07\/02-405x270.jpg 405w\" sizes=\"auto, (max-width: 1024px) 100vw, 1024px\" \/><\/figure>\n\n\n\n<figure class=\"wp-block-image size-large\"><img loading=\"lazy\" decoding=\"async\" width=\"1024\" height=\"683\" data-id=\"5941\" src=\"https:\/\/marcali.plebania.hu\/wp-content\/uploads\/2024\/07\/05-1024x683.jpg\" alt=\"\" class=\"wp-image-5941\" srcset=\"https:\/\/marcali.plebania.hu\/wp-content\/uploads\/2024\/07\/05-1024x683.jpg 1024w, https:\/\/marcali.plebania.hu\/wp-content\/uploads\/2024\/07\/05-300x200.jpg 300w, https:\/\/marcali.plebania.hu\/wp-content\/uploads\/2024\/07\/05-768x512.jpg 768w, https:\/\/marcali.plebania.hu\/wp-content\/uploads\/2024\/07\/05-1536x1024.jpg 1536w, https:\/\/marcali.plebania.hu\/wp-content\/uploads\/2024\/07\/05-2048x1365.jpg 2048w, https:\/\/marcali.plebania.hu\/wp-content\/uploads\/2024\/07\/05-405x270.jpg 405w\" sizes=\"auto, (max-width: 1024px) 100vw, 1024px\" \/><\/figure>\n\n\n\n<figure class=\"wp-block-image size-large\"><img loading=\"lazy\" decoding=\"async\" width=\"1024\" height=\"683\" data-id=\"5943\" src=\"https:\/\/marcali.plebania.hu\/wp-content\/uploads\/2024\/07\/07-1024x683.jpg\" alt=\"\" class=\"wp-image-5943\" srcset=\"https:\/\/marcali.plebania.hu\/wp-content\/uploads\/2024\/07\/07-1024x683.jpg 1024w, https:\/\/marcali.plebania.hu\/wp-content\/uploads\/2024\/07\/07-300x200.jpg 300w, https:\/\/marcali.plebania.hu\/wp-content\/uploads\/2024\/07\/07-768x512.jpg 768w, https:\/\/marcali.plebania.hu\/wp-content\/uploads\/2024\/07\/07-1536x1024.jpg 1536w, https:\/\/marcali.plebania.hu\/wp-content\/uploads\/2024\/07\/07-2048x1365.jpg 2048w, https:\/\/marcali.plebania.hu\/wp-content\/uploads\/2024\/07\/07-405x270.jpg 405w\" sizes=\"auto, (max-width: 1024px) 100vw, 1024px\" \/><\/figure>\n\n\n\n<figure class=\"wp-block-image size-large\"><img loading=\"lazy\" decoding=\"async\" width=\"1024\" height=\"683\" data-id=\"5944\" src=\"https:\/\/marcali.plebania.hu\/wp-content\/uploads\/2024\/07\/13-1024x683.jpg\" alt=\"\" class=\"wp-image-5944\" srcset=\"https:\/\/marcali.plebania.hu\/wp-content\/uploads\/2024\/07\/13-1024x683.jpg 1024w, https:\/\/marcali.plebania.hu\/wp-content\/uploads\/2024\/07\/13-300x200.jpg 300w, https:\/\/marcali.plebania.hu\/wp-content\/uploads\/2024\/07\/13-768x512.jpg 768w, https:\/\/marcali.plebania.hu\/wp-content\/uploads\/2024\/07\/13-1536x1024.jpg 1536w, https:\/\/marcali.plebania.hu\/wp-content\/uploads\/2024\/07\/13-2048x1365.jpg 2048w, https:\/\/marcali.plebania.hu\/wp-content\/uploads\/2024\/07\/13-405x270.jpg 405w\" sizes=\"auto, (max-width: 1024px) 100vw, 1024px\" \/><\/figure>\n<\/figure>\n\n\n\n<p><strong>Tomanek Ferenc \u00c1ron <\/strong>marcali pl\u00e9b\u00e1nos elmondta, hogy els\u0151sorban a pl\u00e9b\u00e1nia \u00e9let\u00e9hez k\u00f6t\u0151d\u0151 csal\u00e1doknak, iskol\u00e1soknak szervezt\u00e9k a t\u00e1bort. A l\u00e9tsz\u00e1m a t\u00faljelentkez\u00e9s miatt m\u00e1r hamar betelt. Az id\u00e9n \u00f6sszesen 40 gyermeket tudtak fogadni, ehhez j\u00f6ttek m\u00e9g a k\u00f6z\u00e9piskol\u00e1s \u00e9s a feln\u0151tt seg\u00edt\u0151k, akikkel egy\u00fctt m\u00e1r \u00edgy is t\u00f6bb mint \u00f6tvenen voltak. Ebben az \u00e9vben a szerzetess\u00e9g t\u00e9mak\u00f6r\u00e9t j\u00e1rt\u00e1k k\u00f6r\u00fcl a hittant\u00e1bor r\u00e9sztvev\u0151i. Egy kicsit megismerkedhettek \u2013 t\u00f6bbf\u00e9le form\u00e1ban \u2013 a szerzetesek Istennek odaadott \u00e9let\u00e9r\u0151l, p\u00e9ld\u00e1j\u00e1r\u00f3l. Mint fogalmazott Ferenc atya, ezzel pr\u00f3b\u00e1lj\u00e1k a hit\u00fcket kicsit k\u00f6z\u00f6ss\u00e9gben, j\u00e1t\u00e9kos form\u00e1ban meg\u00e9lni, megismertetni. Ezen k\u00edv\u00fcl k\u00fcl\u00f6nf\u00e9le el\u0151ad\u00e1sok sor\u00e1n besz\u00e9ltek a szerzetess\u00e9g kialakul\u00e1s\u00e1r\u00f3l is. A szerdai napon Tihanyba is kir\u00e1ndultak, ahol a benc\u00e9s k\u00f6z\u00f6ss\u00e9ggel \u00e9s \u00e9letter\u00e9vel ismerkedtek meg: megn\u00e9zt\u00e9k hol im\u00e1dkoznak, hol dolgoznak, hogyan \u00e9lnek a bar\u00e1tok.<\/p>\n\n\n\n<figure class=\"wp-block-gallery has-nested-images columns-default is-cropped wp-block-gallery-2 is-layout-flex wp-block-gallery-is-layout-flex\">\n<figure class=\"wp-block-image size-large\"><img loading=\"lazy\" decoding=\"async\" width=\"1024\" height=\"683\" data-id=\"5949\" src=\"https:\/\/marcali.plebania.hu\/wp-content\/uploads\/2024\/07\/10-1024x683.jpg\" alt=\"\" class=\"wp-image-5949\" srcset=\"https:\/\/marcali.plebania.hu\/wp-content\/uploads\/2024\/07\/10-1024x683.jpg 1024w, https:\/\/marcali.plebania.hu\/wp-content\/uploads\/2024\/07\/10-300x200.jpg 300w, https:\/\/marcali.plebania.hu\/wp-content\/uploads\/2024\/07\/10-768x512.jpg 768w, https:\/\/marcali.plebania.hu\/wp-content\/uploads\/2024\/07\/10-1536x1024.jpg 1536w, https:\/\/marcali.plebania.hu\/wp-content\/uploads\/2024\/07\/10-2048x1365.jpg 2048w, https:\/\/marcali.plebania.hu\/wp-content\/uploads\/2024\/07\/10-405x270.jpg 405w\" sizes=\"auto, (max-width: 1024px) 100vw, 1024px\" \/><\/figure>\n\n\n\n<figure class=\"wp-block-image size-large\"><img loading=\"lazy\" decoding=\"async\" width=\"1024\" height=\"683\" data-id=\"5945\" src=\"https:\/\/marcali.plebania.hu\/wp-content\/uploads\/2024\/07\/35-1024x683.jpg\" alt=\"\" class=\"wp-image-5945\" srcset=\"https:\/\/marcali.plebania.hu\/wp-content\/uploads\/2024\/07\/35-1024x683.jpg 1024w, https:\/\/marcali.plebania.hu\/wp-content\/uploads\/2024\/07\/35-300x200.jpg 300w, https:\/\/marcali.plebania.hu\/wp-content\/uploads\/2024\/07\/35-768x512.jpg 768w, https:\/\/marcali.plebania.hu\/wp-content\/uploads\/2024\/07\/35-1536x1024.jpg 1536w, https:\/\/marcali.plebania.hu\/wp-content\/uploads\/2024\/07\/35-2048x1365.jpg 2048w, https:\/\/marcali.plebania.hu\/wp-content\/uploads\/2024\/07\/35-405x270.jpg 405w\" sizes=\"auto, (max-width: 1024px) 100vw, 1024px\" \/><\/figure>\n\n\n\n<figure class=\"wp-block-image size-large\"><img loading=\"lazy\" decoding=\"async\" width=\"1024\" height=\"683\" data-id=\"5950\" src=\"https:\/\/marcali.plebania.hu\/wp-content\/uploads\/2024\/07\/39-1024x683.jpg\" alt=\"\" class=\"wp-image-5950\" srcset=\"https:\/\/marcali.plebania.hu\/wp-content\/uploads\/2024\/07\/39-1024x683.jpg 1024w, https:\/\/marcali.plebania.hu\/wp-content\/uploads\/2024\/07\/39-300x200.jpg 300w, https:\/\/marcali.plebania.hu\/wp-content\/uploads\/2024\/07\/39-768x512.jpg 768w, https:\/\/marcali.plebania.hu\/wp-content\/uploads\/2024\/07\/39-1536x1024.jpg 1536w, https:\/\/marcali.plebania.hu\/wp-content\/uploads\/2024\/07\/39-2048x1365.jpg 2048w, https:\/\/marcali.plebania.hu\/wp-content\/uploads\/2024\/07\/39-405x270.jpg 405w\" sizes=\"auto, (max-width: 1024px) 100vw, 1024px\" \/><\/figure>\n\n\n\n<figure class=\"wp-block-image size-large\"><img loading=\"lazy\" decoding=\"async\" width=\"1024\" height=\"683\" data-id=\"5948\" src=\"https:\/\/marcali.plebania.hu\/wp-content\/uploads\/2024\/07\/32-1024x683.jpg\" alt=\"\" class=\"wp-image-5948\" srcset=\"https:\/\/marcali.plebania.hu\/wp-content\/uploads\/2024\/07\/32-1024x683.jpg 1024w, https:\/\/marcali.plebania.hu\/wp-content\/uploads\/2024\/07\/32-300x200.jpg 300w, https:\/\/marcali.plebania.hu\/wp-content\/uploads\/2024\/07\/32-768x512.jpg 768w, https:\/\/marcali.plebania.hu\/wp-content\/uploads\/2024\/07\/32-1536x1024.jpg 1536w, https:\/\/marcali.plebania.hu\/wp-content\/uploads\/2024\/07\/32-2048x1365.jpg 2048w, https:\/\/marcali.plebania.hu\/wp-content\/uploads\/2024\/07\/32-405x270.jpg 405w\" sizes=\"auto, (max-width: 1024px) 100vw, 1024px\" \/><\/figure>\n<\/figure>\n\n\n\n<p>A t\u00e1bort ezen k\u00edv\u00fcl k\u00f6z\u00f6s im\u00e1ds\u00e1gok, j\u00e1t\u00e9kok, csapatmunk\u00e1k, sportol\u00e1si lehet\u0151s\u00e9gek, k\u00e9zm\u0171ves foglalkoz\u00e1sok sz\u00ednes\u00edtett\u00e9k, \u00e9s term\u00e9szetesen a gyermekek tud\u00e1st\u00e1ra is b\u0151v\u00fclt ezek \u00e1ltal. <strong>Tombor Erzs\u00e9bet<\/strong> nyugd\u00edjas hitoktat\u00f3n\u0151 p\u00e9ld\u00e1ul <em>Assisi Szent Ferenc<\/em> \u00e9let\u00e9r\u0151l tartott vet\u00edtett-k\u00e9pes el\u0151ad\u00e1st; m\u00edg <strong>S\u00e1gv\u00e1ri R\u00f3bert <\/strong>\u2013 a <em>Marcali F\u00e9ny Gyermekei Katolikus Zenekar<\/em> alap\u00edt\u00f3ja \u2013 pedig ehhez kapcsol\u00f3d\u00f3 git\u00e1ros \u00e9nekekkel dics\u0151\u00edtette Istent \u00e9s vonta be egy vid\u00e1m hangulat\u00fa k\u00f6z\u00f6s \u00e9nekl\u00e9sbe \u0151ket.<\/p>\n\n\n\n<figure class=\"wp-block-gallery has-nested-images columns-default is-cropped wp-block-gallery-3 is-layout-flex wp-block-gallery-is-layout-flex\">\n<figure class=\"wp-block-image size-large\"><img loading=\"lazy\" decoding=\"async\" width=\"1024\" height=\"683\" data-id=\"5955\" src=\"https:\/\/marcali.plebania.hu\/wp-content\/uploads\/2024\/07\/37-1024x683.jpg\" alt=\"\" class=\"wp-image-5955\" srcset=\"https:\/\/marcali.plebania.hu\/wp-content\/uploads\/2024\/07\/37-1024x683.jpg 1024w, https:\/\/marcali.plebania.hu\/wp-content\/uploads\/2024\/07\/37-300x200.jpg 300w, https:\/\/marcali.plebania.hu\/wp-content\/uploads\/2024\/07\/37-768x512.jpg 768w, https:\/\/marcali.plebania.hu\/wp-content\/uploads\/2024\/07\/37-1536x1024.jpg 1536w, https:\/\/marcali.plebania.hu\/wp-content\/uploads\/2024\/07\/37-2048x1365.jpg 2048w, https:\/\/marcali.plebania.hu\/wp-content\/uploads\/2024\/07\/37-405x270.jpg 405w\" sizes=\"auto, (max-width: 1024px) 100vw, 1024px\" \/><\/figure>\n\n\n\n<figure class=\"wp-block-image size-large\"><img loading=\"lazy\" decoding=\"async\" width=\"1024\" height=\"683\" data-id=\"5952\" src=\"https:\/\/marcali.plebania.hu\/wp-content\/uploads\/2024\/07\/48-1024x683.jpg\" alt=\"\" class=\"wp-image-5952\" srcset=\"https:\/\/marcali.plebania.hu\/wp-content\/uploads\/2024\/07\/48-1024x683.jpg 1024w, https:\/\/marcali.plebania.hu\/wp-content\/uploads\/2024\/07\/48-300x200.jpg 300w, https:\/\/marcali.plebania.hu\/wp-content\/uploads\/2024\/07\/48-768x512.jpg 768w, https:\/\/marcali.plebania.hu\/wp-content\/uploads\/2024\/07\/48-1536x1024.jpg 1536w, https:\/\/marcali.plebania.hu\/wp-content\/uploads\/2024\/07\/48-2048x1365.jpg 2048w, https:\/\/marcali.plebania.hu\/wp-content\/uploads\/2024\/07\/48-405x270.jpg 405w\" sizes=\"auto, (max-width: 1024px) 100vw, 1024px\" \/><\/figure>\n\n\n\n<figure class=\"wp-block-image size-large\"><img loading=\"lazy\" decoding=\"async\" width=\"1024\" height=\"683\" data-id=\"5956\" src=\"https:\/\/marcali.plebania.hu\/wp-content\/uploads\/2024\/07\/46-1024x683.jpg\" alt=\"\" class=\"wp-image-5956\" srcset=\"https:\/\/marcali.plebania.hu\/wp-content\/uploads\/2024\/07\/46-1024x683.jpg 1024w, https:\/\/marcali.plebania.hu\/wp-content\/uploads\/2024\/07\/46-300x200.jpg 300w, https:\/\/marcali.plebania.hu\/wp-content\/uploads\/2024\/07\/46-768x512.jpg 768w, https:\/\/marcali.plebania.hu\/wp-content\/uploads\/2024\/07\/46-1536x1024.jpg 1536w, https:\/\/marcali.plebania.hu\/wp-content\/uploads\/2024\/07\/46-2048x1365.jpg 2048w, https:\/\/marcali.plebania.hu\/wp-content\/uploads\/2024\/07\/46-405x270.jpg 405w\" sizes=\"auto, (max-width: 1024px) 100vw, 1024px\" \/><\/figure>\n\n\n\n<figure class=\"wp-block-image size-large\"><img loading=\"lazy\" decoding=\"async\" width=\"1024\" height=\"683\" data-id=\"5954\" src=\"https:\/\/marcali.plebania.hu\/wp-content\/uploads\/2024\/07\/49-1024x683.jpg\" alt=\"\" class=\"wp-image-5954\" srcset=\"https:\/\/marcali.plebania.hu\/wp-content\/uploads\/2024\/07\/49-1024x683.jpg 1024w, https:\/\/marcali.plebania.hu\/wp-content\/uploads\/2024\/07\/49-300x200.jpg 300w, https:\/\/marcali.plebania.hu\/wp-content\/uploads\/2024\/07\/49-768x512.jpg 768w, https:\/\/marcali.plebania.hu\/wp-content\/uploads\/2024\/07\/49-1536x1024.jpg 1536w, https:\/\/marcali.plebania.hu\/wp-content\/uploads\/2024\/07\/49-2048x1365.jpg 2048w, https:\/\/marcali.plebania.hu\/wp-content\/uploads\/2024\/07\/49-405x270.jpg 405w\" sizes=\"auto, (max-width: 1024px) 100vw, 1024px\" \/><\/figure>\n<\/figure>\n\n\n\n<p>A r\u00e9sztvev\u0151 hittanosok lubickoltak egyet a v\u00e1rosi f\u00fcrd\u0151ben; j\u00e1rtak a kultur\u00e1lis korz\u00f3ban, ahol k\u00fcl\u00f6nf\u00e9le t\u00e1rsasj\u00e1t\u00e9kokat pr\u00f3b\u00e1lhattak ki, valamint egy mozifilmet n\u00e9ztek meg.<\/p>\n\n\n\n<p>A t\u00e1borz\u00e1r\u00f3 szentmise p\u00e9nteken, 16.30 \u00f3rakor kezd\u0151d\u00f6tt a Gy\u00fcm\u00f6lcsolt\u00f3 Boldogasszony Pl\u00e9b\u00e1niatemplomban, melyet <strong>Ferenc atya <\/strong>celebr\u00e1lt \u00e9s adott h\u00e1l\u00e1t Istennek az elm\u00falt h\u00e9t\u00e9rt. V\u00e9g\u00fcl az X-h\u00e1zban egy j\u00f3 hangulat\u00fa csal\u00e1di kv\u00edzj\u00e1t\u00e9kkal fejez\u0151d\u00f6tt be a tartalmas program.<\/p>\n\n\n\n<figure class=\"wp-block-gallery has-nested-images columns-default is-cropped wp-block-gallery-4 is-layout-flex wp-block-gallery-is-layout-flex\">\n<figure class=\"wp-block-image size-large\"><img loading=\"lazy\" decoding=\"async\" width=\"1024\" height=\"683\" data-id=\"5957\" src=\"https:\/\/marcali.plebania.hu\/wp-content\/uploads\/2024\/07\/66-1024x683.jpg\" alt=\"\" class=\"wp-image-5957\" srcset=\"https:\/\/marcali.plebania.hu\/wp-content\/uploads\/2024\/07\/66-1024x683.jpg 1024w, https:\/\/marcali.plebania.hu\/wp-content\/uploads\/2024\/07\/66-300x200.jpg 300w, https:\/\/marcali.plebania.hu\/wp-content\/uploads\/2024\/07\/66-768x512.jpg 768w, https:\/\/marcali.plebania.hu\/wp-content\/uploads\/2024\/07\/66-1536x1024.jpg 1536w, https:\/\/marcali.plebania.hu\/wp-content\/uploads\/2024\/07\/66-2048x1365.jpg 2048w, https:\/\/marcali.plebania.hu\/wp-content\/uploads\/2024\/07\/66-405x270.jpg 405w\" sizes=\"auto, (max-width: 1024px) 100vw, 1024px\" \/><\/figure>\n\n\n\n<figure class=\"wp-block-image size-large\"><img loading=\"lazy\" decoding=\"async\" width=\"1024\" height=\"683\" data-id=\"5962\" src=\"https:\/\/marcali.plebania.hu\/wp-content\/uploads\/2024\/07\/61-1024x683.jpg\" alt=\"\" class=\"wp-image-5962\" srcset=\"https:\/\/marcali.plebania.hu\/wp-content\/uploads\/2024\/07\/61-1024x683.jpg 1024w, https:\/\/marcali.plebania.hu\/wp-content\/uploads\/2024\/07\/61-300x200.jpg 300w, https:\/\/marcali.plebania.hu\/wp-content\/uploads\/2024\/07\/61-768x512.jpg 768w, https:\/\/marcali.plebania.hu\/wp-content\/uploads\/2024\/07\/61-1536x1024.jpg 1536w, https:\/\/marcali.plebania.hu\/wp-content\/uploads\/2024\/07\/61-2048x1365.jpg 2048w, https:\/\/marcali.plebania.hu\/wp-content\/uploads\/2024\/07\/61-405x270.jpg 405w\" sizes=\"auto, (max-width: 1024px) 100vw, 1024px\" \/><\/figure>\n\n\n\n<figure class=\"wp-block-image size-large\"><img loading=\"lazy\" decoding=\"async\" width=\"1024\" height=\"683\" data-id=\"5958\" src=\"https:\/\/marcali.plebania.hu\/wp-content\/uploads\/2024\/07\/68-1024x683.jpg\" alt=\"\" class=\"wp-image-5958\" srcset=\"https:\/\/marcali.plebania.hu\/wp-content\/uploads\/2024\/07\/68-1024x683.jpg 1024w, https:\/\/marcali.plebania.hu\/wp-content\/uploads\/2024\/07\/68-300x200.jpg 300w, https:\/\/marcali.plebania.hu\/wp-content\/uploads\/2024\/07\/68-768x512.jpg 768w, https:\/\/marcali.plebania.hu\/wp-content\/uploads\/2024\/07\/68-1536x1024.jpg 1536w, https:\/\/marcali.plebania.hu\/wp-content\/uploads\/2024\/07\/68-2048x1365.jpg 2048w, https:\/\/marcali.plebania.hu\/wp-content\/uploads\/2024\/07\/68-405x270.jpg 405w\" sizes=\"auto, (max-width: 1024px) 100vw, 1024px\" \/><\/figure>\n\n\n\n<figure class=\"wp-block-image size-large\"><img loading=\"lazy\" decoding=\"async\" width=\"1024\" height=\"683\" data-id=\"5961\" src=\"https:\/\/marcali.plebania.hu\/wp-content\/uploads\/2024\/07\/65-1024x683.jpg\" alt=\"\" class=\"wp-image-5961\" srcset=\"https:\/\/marcali.plebania.hu\/wp-content\/uploads\/2024\/07\/65-1024x683.jpg 1024w, https:\/\/marcali.plebania.hu\/wp-content\/uploads\/2024\/07\/65-300x200.jpg 300w, https:\/\/marcali.plebania.hu\/wp-content\/uploads\/2024\/07\/65-768x512.jpg 768w, https:\/\/marcali.plebania.hu\/wp-content\/uploads\/2024\/07\/65-1536x1024.jpg 1536w, https:\/\/marcali.plebania.hu\/wp-content\/uploads\/2024\/07\/65-2048x1365.jpg 2048w, https:\/\/marcali.plebania.hu\/wp-content\/uploads\/2024\/07\/65-405x270.jpg 405w\" sizes=\"auto, (max-width: 1024px) 100vw, 1024px\" \/><\/figure>\n<\/figure>\n\n\n\n<p>A t\u00e1bor f\u0151 szervez\u0151je \u00e9s lebonyol\u00edt\u00f3ja <strong>dr. Gyulain\u00e9 Domj\u00e1n Zsuzsanna<\/strong> hitoktat\u00f3n\u0151 volt, akit pedag\u00f3gus t\u00e1rsai: <strong>Bojtorn\u00e9 Kir\u00e1ly M\u00e1rta, Deiszingern\u00e9 Kiss Anna, Ga\u00e1ln\u00e9 V\u00e9gh Edit, Kocza Anita, Pozsonyin\u00e9 Kiss M\u00e1ria, Suszter Mikl\u00f3s<\/strong> \u00e9s <strong>Tombor Erzs\u00e9bet<\/strong>, valamint k\u00f6z\u00e9piskol\u00e1s fiatalok \u00e9s a <em>Karit\u00e1sz Marcali Csoport <\/em>egyik \u00f6nk\u00e9ntes aktivist\u00e1ja seg\u00edtettek.<\/p>\n\n\n\n<figure class=\"wp-block-gallery has-nested-images columns-default is-cropped wp-block-gallery-5 is-layout-flex wp-block-gallery-is-layout-flex\">\n<figure class=\"wp-block-image size-large\"><img loading=\"lazy\" decoding=\"async\" width=\"1024\" height=\"683\" data-id=\"5963\" src=\"https:\/\/marcali.plebania.hu\/wp-content\/uploads\/2024\/07\/55-1024x683.jpg\" alt=\"\" class=\"wp-image-5963\" srcset=\"https:\/\/marcali.plebania.hu\/wp-content\/uploads\/2024\/07\/55-1024x683.jpg 1024w, https:\/\/marcali.plebania.hu\/wp-content\/uploads\/2024\/07\/55-300x200.jpg 300w, https:\/\/marcali.plebania.hu\/wp-content\/uploads\/2024\/07\/55-768x512.jpg 768w, https:\/\/marcali.plebania.hu\/wp-content\/uploads\/2024\/07\/55-1536x1024.jpg 1536w, https:\/\/marcali.plebania.hu\/wp-content\/uploads\/2024\/07\/55-2048x1365.jpg 2048w, https:\/\/marcali.plebania.hu\/wp-content\/uploads\/2024\/07\/55-405x270.jpg 405w\" sizes=\"auto, (max-width: 1024px) 100vw, 1024px\" \/><\/figure>\n\n\n\n<figure class=\"wp-block-image size-large\"><img loading=\"lazy\" decoding=\"async\" width=\"1024\" height=\"683\" data-id=\"5968\" src=\"https:\/\/marcali.plebania.hu\/wp-content\/uploads\/2024\/07\/26-1024x683.jpg\" alt=\"\" class=\"wp-image-5968\" srcset=\"https:\/\/marcali.plebania.hu\/wp-content\/uploads\/2024\/07\/26-1024x683.jpg 1024w, https:\/\/marcali.plebania.hu\/wp-content\/uploads\/2024\/07\/26-300x200.jpg 300w, https:\/\/marcali.plebania.hu\/wp-content\/uploads\/2024\/07\/26-768x512.jpg 768w, https:\/\/marcali.plebania.hu\/wp-content\/uploads\/2024\/07\/26-1536x1024.jpg 1536w, https:\/\/marcali.plebania.hu\/wp-content\/uploads\/2024\/07\/26-2048x1365.jpg 2048w, https:\/\/marcali.plebania.hu\/wp-content\/uploads\/2024\/07\/26-405x270.jpg 405w\" sizes=\"auto, (max-width: 1024px) 100vw, 1024px\" \/><\/figure>\n\n\n\n<figure class=\"wp-block-image size-large\"><img loading=\"lazy\" decoding=\"async\" width=\"1024\" height=\"683\" data-id=\"5967\" src=\"https:\/\/marcali.plebania.hu\/wp-content\/uploads\/2024\/07\/01-1024x683.jpg\" alt=\"\" class=\"wp-image-5967\" srcset=\"https:\/\/marcali.plebania.hu\/wp-content\/uploads\/2024\/07\/01-1024x683.jpg 1024w, https:\/\/marcali.plebania.hu\/wp-content\/uploads\/2024\/07\/01-300x200.jpg 300w, https:\/\/marcali.plebania.hu\/wp-content\/uploads\/2024\/07\/01-768x512.jpg 768w, https:\/\/marcali.plebania.hu\/wp-content\/uploads\/2024\/07\/01-1536x1024.jpg 1536w, https:\/\/marcali.plebania.hu\/wp-content\/uploads\/2024\/07\/01-2048x1365.jpg 2048w, https:\/\/marcali.plebania.hu\/wp-content\/uploads\/2024\/07\/01-405x270.jpg 405w\" sizes=\"auto, (max-width: 1024px) 100vw, 1024px\" \/><\/figure>\n\n\n\n<figure class=\"wp-block-image size-large\"><img loading=\"lazy\" decoding=\"async\" width=\"1024\" height=\"683\" data-id=\"5965\" src=\"https:\/\/marcali.plebania.hu\/wp-content\/uploads\/2024\/07\/58-1024x683.jpg\" alt=\"\" class=\"wp-image-5965\" srcset=\"https:\/\/marcali.plebania.hu\/wp-content\/uploads\/2024\/07\/58-1024x683.jpg 1024w, https:\/\/marcali.plebania.hu\/wp-content\/uploads\/2024\/07\/58-300x200.jpg 300w, https:\/\/marcali.plebania.hu\/wp-content\/uploads\/2024\/07\/58-768x512.jpg 768w, https:\/\/marcali.plebania.hu\/wp-content\/uploads\/2024\/07\/58-1536x1024.jpg 1536w, https:\/\/marcali.plebania.hu\/wp-content\/uploads\/2024\/07\/58-2048x1365.jpg 2048w, https:\/\/marcali.plebania.hu\/wp-content\/uploads\/2024\/07\/58-405x270.jpg 405w\" sizes=\"auto, (max-width: 1024px) 100vw, 1024px\" \/><\/figure>\n<\/figure>\n\n\n\n<p>A hittanos t\u00e1bort a <em>Kaposv\u00e1ri P\u00fcsp\u00f6ks\u00e9g<\/em>, valamint <em>Marcali V\u00e1ros \u00d6nkorm\u00e1nyzat\u00e1nak Civil Kapcsolatok, Kultur\u00e1lis, Idegenforgalmi, Sport \u00e9s Ifj\u00fas\u00e1gi Bizotts\u00e1ga<\/em> is t\u00e1mogatta; az <em>egyh\u00e1zk\u00f6zs\u00e9g, valamint a sz\u00fcl\u00f6k \u00e9s t\u00f6bb mag\u00e1nszem\u00e9ly<\/em> nagylelk\u0171 felaj\u00e1nl\u00e1saival kieg\u00e9sz\u00fclve. K\u00f6sz\u00f6net mindenkinek a seg\u00edts\u00e9g\u00e9rt \u00e9s a felaj\u00e1nl\u00e1sok\u00e9rt!<\/p>\n\n\n\n<p>\u00cdrta \u00e9s fot\u00f3k: Kiss K\u00e1lm\u00e1n<\/p>\n","protected":false},"excerpt":{"rendered":"<p>2024. j\u00falius 8\u201312. k\u00f6z\u00f6tt szervezt\u00e9k meg a Marcali R\u00f3mai Katolikus Egyh\u00e1zk\u00f6zs\u00e9g hagyom\u00e1nyos napk\u00f6zis hittanos t\u00e1bor\u00e1t az X-h\u00e1zban. A nagy \u00e9rdekl\u0151d\u00e9sre sz\u00e1mot tart\u00f3 k\u00f6zel egy hetes rendezv\u00e9nyen a szervez\u0151k v\u00e1ltozatos programokkal v\u00e1rt\u00e1k az iskol\u00e1sokat. Tomanek Ferenc \u00c1ron marcali pl\u00e9b\u00e1nos elmondta, hogy els\u0151sorban a pl\u00e9b\u00e1nia \u00e9let\u00e9hez k\u00f6t\u0151d\u0151 csal\u00e1doknak, iskol\u00e1soknak szervezt\u00e9k a t\u00e1bort. A l\u00e9tsz\u00e1m a t\u00faljelentkez\u00e9s miatt m\u00e1r hamar betelt. Az id\u00e9n \u00f6sszesen 40 gyermeket tudtak fogadni, ehhez j\u00f6ttek m\u00e9g a k\u00f6z\u00e9piskol\u00e1s \u00e9s a feln\u0151tt seg\u00edt\u0151k, akikkel egy\u00fctt m\u00e1r \u00edgy is t\u00f6bb&#8230;<\/p>\n<p class=\"read-more\"><a class=\"btn btn-default\" href=\"https:\/\/marcali.plebania.hu\/?p=5938\"> Read More<span class=\"screen-reader-text\">  Read More<\/span><\/a><\/p>\n","protected":false},"author":2,"featured_media":0,"comment_status":"closed","ping_status":"open","sticky":false,"template":"","format":"standard","meta":{"footnotes":""},"categories":[1],"tags":[],"class_list":["post-5938","post","type-post","status-publish","format-standard","hentry","category-egyeb"],"_links":{"self":[{"href":"https:\/\/marcali.plebania.hu\/index.php?rest_route=\/wp\/v2\/posts\/5938","targetHints":{"allow":["GET"]}}],"collection":[{"href":"https:\/\/marcali.plebania.hu\/index.php?rest_route=\/wp\/v2\/posts"}],"about":[{"href":"https:\/\/marcali.plebania.hu\/index.php?rest_route=\/wp\/v2\/types\/post"}],"author":[{"embeddable":true,"href":"https:\/\/marcali.plebania.hu\/index.php?rest_route=\/wp\/v2\/users\/2"}],"replies":[{"embeddable":true,"href":"https:\/\/marcali.plebania.hu\/index.php?rest_route=%2Fwp%2Fv2%2Fcomments&post=5938"}],"version-history":[{"count":1,"href":"https:\/\/marcali.plebania.hu\/index.php?rest_route=\/wp\/v2\/posts\/5938\/revisions"}],"predecessor-version":[{"id":5969,"href":"https:\/\/marcali.plebania.hu\/index.php?rest_route=\/wp\/v2\/posts\/5938\/revisions\/5969"}],"wp:attachment":[{"href":"https:\/\/marcali.plebania.hu\/index.php?rest_route=%2Fwp%2Fv2%2Fmedia&parent=5938"}],"wp:term":[{"taxonomy":"category","embeddable":true,"href":"https:\/\/marcali.plebania.hu\/index.php?rest_route=%2Fwp%2Fv2%2Fcategories&post=5938"},{"taxonomy":"post_tag","embeddable":true,"href":"https:\/\/marcali.plebania.hu\/index.php?rest_route=%2Fwp%2Fv2%2Ftags&post=5938"}],"curies":[{"name":"wp","href":"https:\/\/api.w.org\/{rel}","templated":true}]}}