{"id":597,"date":"2019-01-25T10:29:48","date_gmt":"2019-01-25T10:29:48","guid":{"rendered":"https:\/\/marcali.plebania.hu\/?p=597"},"modified":"2019-01-25T10:29:48","modified_gmt":"2019-01-25T10:29:48","slug":"hirdetesek-2019-01-27","status":"publish","type":"post","link":"https:\/\/marcali.plebania.hu\/?p=597","title":{"rendered":"Hirdet\u00e9sek, 2019. 01. 27."},"content":{"rendered":"\n<ol class=\"wp-block-list\"><li>Ma\nvan az \u00e9vk\u00f6zi 3. vas\u00e1rnap. Ma este 17 \u00f3rakor a reform\u00e1tus-evang\u00e9likus\ntemplomban \u00f6kumenikus istentisztelet lesz.<\/li><li>Szerd\u00e1n\n17.30 \u00f3rakor az X-h\u00e1z nagyterm\u00e9ben tartja \u00e9vi rendes \u00fcl\u00e9s\u00e9t az Egyh\u00e1zk\u00f6zs\u00e9g\nK\u00e9pvisel\u0151 Test\u00fclete, el\u0151tte 16 \u00f3rakor a pl\u00e9b\u00e1ni\u00e1n a Sz\u00e1mvizsg\u00e1l\u00f3 Bizotts\u00e1g\n\u00fcl\u00e9se.<\/li><li>A\nj\u00f6v\u0151 h\u00e9ten, p\u00e9nteken els\u0151 p\u00e9ntek, 16.30-t\u00f3l gy\u00f3ntat\u00e1s \u00e9s szents\u00e9gim\u00e1d\u00e1s.<\/li><li>Szombaton,\nfebru\u00e1r 2-\u00e1n Gyertyaszentel\u0151 Boldogasszony \u00fcnnepe, 17 \u00f3rakor szentmise\ngyertyaszentel\u00e9ssel.<\/li><li>J\u00f6v\u0151 vas\u00e1rnap szent Bal\u00e1zs napja, a\nszentmis\u00e9ken bal\u00e1zsol\u00e1s.<\/li><li>A hittanos farsang id\u0151pontja febru\u00e1r 23. d\u00e9lut\u00e1n 13\n\u00f3rakor lesz. A r\u00e9szleteket a hittan\u00f3r\u00e1kon hirdetik a hitoktat\u00f3k.<\/li><li>A feln\u0151tt Katolikus B\u00e1l m\u00e1rcius 2-\u00e1n a gimn\u00e1zium\neb\u00e9dl\u0151j\u00e9ben lesz megtartva. Jegyeket Gelencs\u00e9r R\u00f3bertn\u00e9l, S\u00e1voly Andre\u00e1n\u00e1l \u00e9s a\npl\u00e9b\u00e1ni\u00e1n lehet v\u00e1s\u00e1rolni, 4.000- Ft\/f\u0151 \u00e1ron (mely mag\u00e1ba foglalja a b\u00fcf\u00e9\nasztalos vacsor\u00e1t, a bel\u00e9p\u0151t \u00e9s a j\u00f3t\u00e9konys\u00e1gi c\u00e9lt). Ezen k\u00edv\u00fcl t\u00e1mogat\u00f3i\njegyek is v\u00e1s\u00e1rolhat\u00f3k.<\/li><li>Megk\u00f6sz\u00f6nj\u00fck a Polg\u00e1ri B\u00e1lb\u00f3l befolyt \u00f6sszegb\u0151l azt a 100.000\nFt t\u00e1mogat\u00e1st, melyet a gombai templom fel\u00faj\u00edt\u00e1s\u00e1ra aj\u00e1nlottak fel.<\/li><\/ol>\n","protected":false},"excerpt":{"rendered":"<p>Ma van az \u00e9vk\u00f6zi 3. vas\u00e1rnap. Ma este 17 \u00f3rakor a reform\u00e1tus-evang\u00e9likus templomban \u00f6kumenikus istentisztelet lesz. Szerd\u00e1n 17.30 \u00f3rakor az X-h\u00e1z nagyterm\u00e9ben tartja \u00e9vi rendes \u00fcl\u00e9s\u00e9t az Egyh\u00e1zk\u00f6zs\u00e9g K\u00e9pvisel\u0151 Test\u00fclete, el\u0151tte 16 \u00f3rakor a pl\u00e9b\u00e1ni\u00e1n a Sz\u00e1mvizsg\u00e1l\u00f3 Bizotts\u00e1g \u00fcl\u00e9se. A j\u00f6v\u0151 h\u00e9ten, p\u00e9nteken els\u0151 p\u00e9ntek, 16.30-t\u00f3l gy\u00f3ntat\u00e1s \u00e9s szents\u00e9gim\u00e1d\u00e1s. Szombaton, febru\u00e1r 2-\u00e1n Gyertyaszentel\u0151 Boldogasszony \u00fcnnepe, 17 \u00f3rakor szentmise gyertyaszentel\u00e9ssel. J\u00f6v\u0151 vas\u00e1rnap szent Bal\u00e1zs napja, a szentmis\u00e9ken bal\u00e1zsol\u00e1s. A hittanos farsang id\u0151pontja febru\u00e1r 23. d\u00e9lut\u00e1n 13 \u00f3rakor lesz. A r\u00e9szleteket a&#8230;<\/p>\n<p class=\"read-more\"><a class=\"btn btn-default\" href=\"https:\/\/marcali.plebania.hu\/?p=597\"> Read More<span class=\"screen-reader-text\">  Read More<\/span><\/a><\/p>\n","protected":false},"author":2,"featured_media":0,"comment_status":"closed","ping_status":"open","sticky":false,"template":"","format":"standard","meta":{"footnotes":""},"categories":[1],"tags":[],"class_list":["post-597","post","type-post","status-publish","format-standard","hentry","category-egyeb"],"_links":{"self":[{"href":"https:\/\/marcali.plebania.hu\/index.php?rest_route=\/wp\/v2\/posts\/597","targetHints":{"allow":["GET"]}}],"collection":[{"href":"https:\/\/marcali.plebania.hu\/index.php?rest_route=\/wp\/v2\/posts"}],"about":[{"href":"https:\/\/marcali.plebania.hu\/index.php?rest_route=\/wp\/v2\/types\/post"}],"author":[{"embeddable":true,"href":"https:\/\/marcali.plebania.hu\/index.php?rest_route=\/wp\/v2\/users\/2"}],"replies":[{"embeddable":true,"href":"https:\/\/marcali.plebania.hu\/index.php?rest_route=%2Fwp%2Fv2%2Fcomments&post=597"}],"version-history":[{"count":1,"href":"https:\/\/marcali.plebania.hu\/index.php?rest_route=\/wp\/v2\/posts\/597\/revisions"}],"predecessor-version":[{"id":598,"href":"https:\/\/marcali.plebania.hu\/index.php?rest_route=\/wp\/v2\/posts\/597\/revisions\/598"}],"wp:attachment":[{"href":"https:\/\/marcali.plebania.hu\/index.php?rest_route=%2Fwp%2Fv2%2Fmedia&parent=597"}],"wp:term":[{"taxonomy":"category","embeddable":true,"href":"https:\/\/marcali.plebania.hu\/index.php?rest_route=%2Fwp%2Fv2%2Fcategories&post=597"},{"taxonomy":"post_tag","embeddable":true,"href":"https:\/\/marcali.plebania.hu\/index.php?rest_route=%2Fwp%2Fv2%2Ftags&post=597"}],"curies":[{"name":"wp","href":"https:\/\/api.w.org\/{rel}","templated":true}]}}