{"id":5970,"date":"2024-07-16T07:57:15","date_gmt":"2024-07-16T07:57:15","guid":{"rendered":"https:\/\/marcali.plebania.hu\/?p=5970"},"modified":"2024-07-16T07:57:15","modified_gmt":"2024-07-16T07:57:15","slug":"megaldottak-kiss-ivan-volt-marcali-plebanos-emlektablajat","status":"publish","type":"post","link":"https:\/\/marcali.plebania.hu\/?p=5970","title":{"rendered":"Meg\u00e1ldott\u00e1k Kiss Iv\u00e1n volt marcali pl\u00e9b\u00e1nos eml\u00e9kt\u00e1bl\u00e1j\u00e1t"},"content":{"rendered":"\n<p>2024. j\u00falius 13-\u00e1n, szombaton, 18 \u00f3rakor Tomanek Ferenc \u00c1ron pl\u00e9b\u00e1nos a Gy\u00fcm\u00f6lcsolt\u00f3 Boldogasszony Pl\u00e9b\u00e1niatemplomban \u00fcnnepi szentmis\u00e9t mutatott be a mintegy 30 \u00e9vig Marcaliban szolg\u00e1l\u00f3 el\u0151dje, Kiss Iv\u00e1n c. pr\u00e9post- pl\u00e9b\u00e1nos papp\u00e1 szentel\u00e9s\u00e9nek 50. \u00e9vfordul\u00f3ja alkalm\u00e1b\u00f3l.<\/p>\n\n\n\n<figure class=\"wp-block-gallery has-nested-images columns-default is-cropped wp-block-gallery-1 is-layout-flex wp-block-gallery-is-layout-flex\">\n<figure class=\"wp-block-image size-large\"><img loading=\"lazy\" decoding=\"async\" width=\"1024\" height=\"683\" data-id=\"5972\" src=\"https:\/\/marcali.plebania.hu\/wp-content\/uploads\/2024\/07\/01-2-1024x683.jpg\" alt=\"\" class=\"wp-image-5972\" srcset=\"https:\/\/marcali.plebania.hu\/wp-content\/uploads\/2024\/07\/01-2-1024x683.jpg 1024w, https:\/\/marcali.plebania.hu\/wp-content\/uploads\/2024\/07\/01-2-300x200.jpg 300w, https:\/\/marcali.plebania.hu\/wp-content\/uploads\/2024\/07\/01-2-768x512.jpg 768w, https:\/\/marcali.plebania.hu\/wp-content\/uploads\/2024\/07\/01-2-1536x1024.jpg 1536w, https:\/\/marcali.plebania.hu\/wp-content\/uploads\/2024\/07\/01-2-2048x1365.jpg 2048w, https:\/\/marcali.plebania.hu\/wp-content\/uploads\/2024\/07\/01-2-405x270.jpg 405w\" sizes=\"auto, (max-width: 1024px) 100vw, 1024px\" \/><\/figure>\n\n\n\n<figure class=\"wp-block-image size-large\"><img loading=\"lazy\" decoding=\"async\" width=\"1024\" height=\"683\" data-id=\"5973\" src=\"https:\/\/marcali.plebania.hu\/wp-content\/uploads\/2024\/07\/02-1-1024x683.jpg\" alt=\"\" class=\"wp-image-5973\" srcset=\"https:\/\/marcali.plebania.hu\/wp-content\/uploads\/2024\/07\/02-1-1024x683.jpg 1024w, https:\/\/marcali.plebania.hu\/wp-content\/uploads\/2024\/07\/02-1-300x200.jpg 300w, https:\/\/marcali.plebania.hu\/wp-content\/uploads\/2024\/07\/02-1-768x512.jpg 768w, https:\/\/marcali.plebania.hu\/wp-content\/uploads\/2024\/07\/02-1-1536x1024.jpg 1536w, https:\/\/marcali.plebania.hu\/wp-content\/uploads\/2024\/07\/02-1-2048x1365.jpg 2048w, https:\/\/marcali.plebania.hu\/wp-content\/uploads\/2024\/07\/02-1-405x270.jpg 405w\" sizes=\"auto, (max-width: 1024px) 100vw, 1024px\" \/><\/figure>\n\n\n\n<figure class=\"wp-block-image size-large\"><img loading=\"lazy\" decoding=\"async\" width=\"1024\" height=\"683\" data-id=\"5975\" src=\"https:\/\/marcali.plebania.hu\/wp-content\/uploads\/2024\/07\/04-1-1024x683.jpg\" alt=\"\" class=\"wp-image-5975\" srcset=\"https:\/\/marcali.plebania.hu\/wp-content\/uploads\/2024\/07\/04-1-1024x683.jpg 1024w, https:\/\/marcali.plebania.hu\/wp-content\/uploads\/2024\/07\/04-1-300x200.jpg 300w, https:\/\/marcali.plebania.hu\/wp-content\/uploads\/2024\/07\/04-1-768x512.jpg 768w, https:\/\/marcali.plebania.hu\/wp-content\/uploads\/2024\/07\/04-1-1536x1024.jpg 1536w, https:\/\/marcali.plebania.hu\/wp-content\/uploads\/2024\/07\/04-1-2048x1365.jpg 2048w, https:\/\/marcali.plebania.hu\/wp-content\/uploads\/2024\/07\/04-1-405x270.jpg 405w\" sizes=\"auto, (max-width: 1024px) 100vw, 1024px\" \/><\/figure>\n\n\n\n<figure class=\"wp-block-image size-large\"><img loading=\"lazy\" decoding=\"async\" width=\"1024\" height=\"683\" data-id=\"5974\" src=\"https:\/\/marcali.plebania.hu\/wp-content\/uploads\/2024\/07\/03-1-1024x683.jpg\" alt=\"\" class=\"wp-image-5974\" srcset=\"https:\/\/marcali.plebania.hu\/wp-content\/uploads\/2024\/07\/03-1-1024x683.jpg 1024w, https:\/\/marcali.plebania.hu\/wp-content\/uploads\/2024\/07\/03-1-300x200.jpg 300w, https:\/\/marcali.plebania.hu\/wp-content\/uploads\/2024\/07\/03-1-768x512.jpg 768w, https:\/\/marcali.plebania.hu\/wp-content\/uploads\/2024\/07\/03-1-1536x1024.jpg 1536w, https:\/\/marcali.plebania.hu\/wp-content\/uploads\/2024\/07\/03-1-2048x1365.jpg 2048w, https:\/\/marcali.plebania.hu\/wp-content\/uploads\/2024\/07\/03-1-405x270.jpg 405w\" sizes=\"auto, (max-width: 1024px) 100vw, 1024px\" \/><\/figure>\n<\/figure>\n\n\n\n<p>Ezt k\u00f6vet\u0151en 14-\u00e9n, vas\u00e1rnap a 18 \u00f3r\u00e1s szentmis\u00e9t k\u00f6vet\u0151en pedig a Boldog Gizella-templom altemplom\u00e1ban meg\u00e1ldotta az id\u00e9n janu\u00e1r 10-\u00e9n elhunyt Iv\u00e1n atya eml\u00e9kt\u00e1bl\u00e1j\u00e1t, melyet a Marcali R\u00f3mai Katolikus Egyh\u00e1zk\u00f6zs\u00e9g K\u00e9pvisel\u0151 Test\u00fclete k\u00e9sz\u00edttetett k\u00f6sz\u00f6netk\u00e9ppen \u00e9s h\u00e1l\u00e1b\u00f3l a hossz\u00fa lelkip\u00e1sztori szolg\u00e1lat\u00e9rt. A m\u00e1rv\u00e1nyb\u00f3l k\u00e9sz\u00fclt t\u00e1bl\u00e1t, rajta az \u00e1ld\u00e1st ad\u00f3 Krisztussal \u00e9s a volt pl\u00e9b\u00e1nos jelmondat\u00e1val, Vida Szil\u00e1rd k\u0151farag\u00f3 k\u00e9sz\u00edtette el erre a jubileumi alkalomra, melyet a volt pr\u00e9post m\u00e1r nem \u00e9rhetett meg.<\/p>\n\n\n\n<figure class=\"wp-block-gallery has-nested-images columns-default is-cropped wp-block-gallery-2 is-layout-flex wp-block-gallery-is-layout-flex\">\n<figure class=\"wp-block-image size-large\"><img loading=\"lazy\" decoding=\"async\" width=\"1024\" height=\"683\" data-id=\"5976\" src=\"https:\/\/marcali.plebania.hu\/wp-content\/uploads\/2024\/07\/05-1-1024x683.jpg\" alt=\"\" class=\"wp-image-5976\" srcset=\"https:\/\/marcali.plebania.hu\/wp-content\/uploads\/2024\/07\/05-1-1024x683.jpg 1024w, https:\/\/marcali.plebania.hu\/wp-content\/uploads\/2024\/07\/05-1-300x200.jpg 300w, https:\/\/marcali.plebania.hu\/wp-content\/uploads\/2024\/07\/05-1-768x512.jpg 768w, https:\/\/marcali.plebania.hu\/wp-content\/uploads\/2024\/07\/05-1-1536x1024.jpg 1536w, https:\/\/marcali.plebania.hu\/wp-content\/uploads\/2024\/07\/05-1-2048x1365.jpg 2048w, https:\/\/marcali.plebania.hu\/wp-content\/uploads\/2024\/07\/05-1-405x270.jpg 405w\" sizes=\"auto, (max-width: 1024px) 100vw, 1024px\" \/><\/figure>\n\n\n\n<figure class=\"wp-block-image size-large\"><img loading=\"lazy\" decoding=\"async\" width=\"1024\" height=\"683\" data-id=\"5977\" src=\"https:\/\/marcali.plebania.hu\/wp-content\/uploads\/2024\/07\/06-1024x683.jpg\" alt=\"\" class=\"wp-image-5977\" srcset=\"https:\/\/marcali.plebania.hu\/wp-content\/uploads\/2024\/07\/06-1024x683.jpg 1024w, https:\/\/marcali.plebania.hu\/wp-content\/uploads\/2024\/07\/06-300x200.jpg 300w, https:\/\/marcali.plebania.hu\/wp-content\/uploads\/2024\/07\/06-768x512.jpg 768w, https:\/\/marcali.plebania.hu\/wp-content\/uploads\/2024\/07\/06-1536x1024.jpg 1536w, https:\/\/marcali.plebania.hu\/wp-content\/uploads\/2024\/07\/06-2048x1365.jpg 2048w, https:\/\/marcali.plebania.hu\/wp-content\/uploads\/2024\/07\/06-405x270.jpg 405w\" sizes=\"auto, (max-width: 1024px) 100vw, 1024px\" \/><\/figure>\n\n\n\n<figure class=\"wp-block-image size-large\"><img loading=\"lazy\" decoding=\"async\" width=\"1024\" height=\"683\" data-id=\"5978\" src=\"https:\/\/marcali.plebania.hu\/wp-content\/uploads\/2024\/07\/08-1024x683.jpg\" alt=\"\" class=\"wp-image-5978\" srcset=\"https:\/\/marcali.plebania.hu\/wp-content\/uploads\/2024\/07\/08-1024x683.jpg 1024w, https:\/\/marcali.plebania.hu\/wp-content\/uploads\/2024\/07\/08-300x200.jpg 300w, https:\/\/marcali.plebania.hu\/wp-content\/uploads\/2024\/07\/08-768x512.jpg 768w, https:\/\/marcali.plebania.hu\/wp-content\/uploads\/2024\/07\/08-1536x1024.jpg 1536w, https:\/\/marcali.plebania.hu\/wp-content\/uploads\/2024\/07\/08-2048x1365.jpg 2048w, https:\/\/marcali.plebania.hu\/wp-content\/uploads\/2024\/07\/08-405x270.jpg 405w\" sizes=\"auto, (max-width: 1024px) 100vw, 1024px\" \/><\/figure>\n\n\n\n<figure class=\"wp-block-image size-large\"><img loading=\"lazy\" decoding=\"async\" width=\"1024\" height=\"683\" data-id=\"5980\" src=\"https:\/\/marcali.plebania.hu\/wp-content\/uploads\/2024\/07\/11-1024x683.jpg\" alt=\"\" class=\"wp-image-5980\" srcset=\"https:\/\/marcali.plebania.hu\/wp-content\/uploads\/2024\/07\/11-1024x683.jpg 1024w, https:\/\/marcali.plebania.hu\/wp-content\/uploads\/2024\/07\/11-300x200.jpg 300w, https:\/\/marcali.plebania.hu\/wp-content\/uploads\/2024\/07\/11-768x512.jpg 768w, https:\/\/marcali.plebania.hu\/wp-content\/uploads\/2024\/07\/11-1536x1024.jpg 1536w, https:\/\/marcali.plebania.hu\/wp-content\/uploads\/2024\/07\/11-2048x1365.jpg 2048w, https:\/\/marcali.plebania.hu\/wp-content\/uploads\/2024\/07\/11-405x270.jpg 405w\" sizes=\"auto, (max-width: 1024px) 100vw, 1024px\" \/><\/figure>\n<\/figure>\n\n\n\n<p>Ferenc atya a jelenl\u00e9v\u0151 h\u00edvekkel egy\u00fctt im\u00e1dkozott az elhunyt lelkip\u00e1sztor lelki \u00fcdv\u00e9\u00e9rt, a marcali egyh\u00e1zk\u00f6zs\u00e9g pedig 50 sz\u00e1l feh\u00e9r r\u00f3zs\u00e1b\u00f3l \u00e1ll\u00f3 \u201evir\u00e1g-csokorral\u201d fejezte ki tisztelet\u00e9t.<\/p>\n\n\n\n<p>\u00cdrta \u00e9s fot\u00f3k: Kiss K\u00e1lm\u00e1n<\/p>\n","protected":false},"excerpt":{"rendered":"<p>2024. j\u00falius 13-\u00e1n, szombaton, 18 \u00f3rakor Tomanek Ferenc \u00c1ron pl\u00e9b\u00e1nos a Gy\u00fcm\u00f6lcsolt\u00f3 Boldogasszony Pl\u00e9b\u00e1niatemplomban \u00fcnnepi szentmis\u00e9t mutatott be a mintegy 30 \u00e9vig Marcaliban szolg\u00e1l\u00f3 el\u0151dje, Kiss Iv\u00e1n c. pr\u00e9post- pl\u00e9b\u00e1nos papp\u00e1 szentel\u00e9s\u00e9nek 50. \u00e9vfordul\u00f3ja alkalm\u00e1b\u00f3l. Ezt k\u00f6vet\u0151en 14-\u00e9n, vas\u00e1rnap a 18 \u00f3r\u00e1s szentmis\u00e9t k\u00f6vet\u0151en pedig a Boldog Gizella-templom altemplom\u00e1ban meg\u00e1ldotta az id\u00e9n janu\u00e1r 10-\u00e9n elhunyt Iv\u00e1n atya eml\u00e9kt\u00e1bl\u00e1j\u00e1t, melyet a Marcali R\u00f3mai Katolikus Egyh\u00e1zk\u00f6zs\u00e9g K\u00e9pvisel\u0151 Test\u00fclete k\u00e9sz\u00edttetett k\u00f6sz\u00f6netk\u00e9ppen \u00e9s h\u00e1l\u00e1b\u00f3l a hossz\u00fa lelkip\u00e1sztori szolg\u00e1lat\u00e9rt. A m\u00e1rv\u00e1nyb\u00f3l k\u00e9sz\u00fclt t\u00e1bl\u00e1t, rajta az&#8230;<\/p>\n<p class=\"read-more\"><a class=\"btn btn-default\" href=\"https:\/\/marcali.plebania.hu\/?p=5970\"> Read More<span class=\"screen-reader-text\">  Read More<\/span><\/a><\/p>\n","protected":false},"author":2,"featured_media":0,"comment_status":"closed","ping_status":"open","sticky":false,"template":"","format":"standard","meta":{"footnotes":""},"categories":[1],"tags":[],"class_list":["post-5970","post","type-post","status-publish","format-standard","hentry","category-egyeb"],"_links":{"self":[{"href":"https:\/\/marcali.plebania.hu\/index.php?rest_route=\/wp\/v2\/posts\/5970","targetHints":{"allow":["GET"]}}],"collection":[{"href":"https:\/\/marcali.plebania.hu\/index.php?rest_route=\/wp\/v2\/posts"}],"about":[{"href":"https:\/\/marcali.plebania.hu\/index.php?rest_route=\/wp\/v2\/types\/post"}],"author":[{"embeddable":true,"href":"https:\/\/marcali.plebania.hu\/index.php?rest_route=\/wp\/v2\/users\/2"}],"replies":[{"embeddable":true,"href":"https:\/\/marcali.plebania.hu\/index.php?rest_route=%2Fwp%2Fv2%2Fcomments&post=5970"}],"version-history":[{"count":1,"href":"https:\/\/marcali.plebania.hu\/index.php?rest_route=\/wp\/v2\/posts\/5970\/revisions"}],"predecessor-version":[{"id":5981,"href":"https:\/\/marcali.plebania.hu\/index.php?rest_route=\/wp\/v2\/posts\/5970\/revisions\/5981"}],"wp:attachment":[{"href":"https:\/\/marcali.plebania.hu\/index.php?rest_route=%2Fwp%2Fv2%2Fmedia&parent=5970"}],"wp:term":[{"taxonomy":"category","embeddable":true,"href":"https:\/\/marcali.plebania.hu\/index.php?rest_route=%2Fwp%2Fv2%2Fcategories&post=5970"},{"taxonomy":"post_tag","embeddable":true,"href":"https:\/\/marcali.plebania.hu\/index.php?rest_route=%2Fwp%2Fv2%2Ftags&post=5970"}],"curies":[{"name":"wp","href":"https:\/\/api.w.org\/{rel}","templated":true}]}}