{"id":5983,"date":"2024-07-24T08:07:02","date_gmt":"2024-07-24T08:07:02","guid":{"rendered":"https:\/\/marcali.plebania.hu\/?p=5983"},"modified":"2024-07-24T08:07:02","modified_gmt":"2024-07-24T08:07:02","slug":"hirdetesek-2024-julius-21-en","status":"publish","type":"post","link":"https:\/\/marcali.plebania.hu\/?p=5983","title":{"rendered":"Hirdet\u00e9sek 2024. j\u00falius 21-\u00e9n"},"content":{"rendered":"\n<p><strong><a href=\"https:\/\/igenaptar.katolikus.hu\/2024\/nap\/index.php?holnap=2024-07-14\" target=\"_blank\" rel=\"noreferrer noopener\"><u>\u00c9vk\u00f6zi 16. vas\u00e1rnap<\/u><\/a><\/strong><strong><\/strong><\/p>\n\n\n\n<ol class=\"wp-block-list\" start=\"1\">\n<li>A h\u00e9ten h\u00e9tf\u0151t\u0151l-cs\u00fct\u00f6rt\u00f6kig az esti szentmis\u00e9k elmaradnak.<\/li>\n\n\n\n<li>A p\u00e9nteki szents\u00e9gim\u00e1d\u00e1s ut\u00e1n igeliturgia lesz a templomban.<\/li>\n\n\n\n<li>A F\u00e9rfik\u00f6r kezdem\u00e9nyez\u00e9s\u00e9re p\u00e9ntekenk\u00e9nt 22 \u00f3rakor <strong>r\u00f3zsaf\u00fcz\u00e9r<\/strong>t im\u00e1dkozunk a b\u00e9k\u00e9\u00e9rt a pl\u00e9b\u00e1niatemplomban. B\u00e1rki bekapcsol\u00f3dhat a k\u00f6z\u00f6s im\u00e1ds\u00e1gba, aki szeretne.<\/li>\n\n\n\n<li>Szombaton 18 \u00f3rakor kezd\u0151dik a szentmise.<\/li>\n\n\n\n<li>J\u00f6v\u0151 vas\u00e1rnap a 9 \u00f3r\u00e1s szentmise ut\u00e1n lesz a g\u00e9pj\u00e1rm\u0171vek meg\u00e1ld\u00e1sa a pl\u00e9b\u00e1niatemplom el\u0151tti parkol\u00f3ban.<\/li>\n<\/ol>\n","protected":false},"excerpt":{"rendered":"<p>\u00c9vk\u00f6zi 16. vas\u00e1rnap<\/p>\n","protected":false},"author":2,"featured_media":0,"comment_status":"closed","ping_status":"open","sticky":false,"template":"","format":"standard","meta":{"footnotes":""},"categories":[1],"tags":[],"class_list":["post-5983","post","type-post","status-publish","format-standard","hentry","category-egyeb"],"_links":{"self":[{"href":"https:\/\/marcali.plebania.hu\/index.php?rest_route=\/wp\/v2\/posts\/5983","targetHints":{"allow":["GET"]}}],"collection":[{"href":"https:\/\/marcali.plebania.hu\/index.php?rest_route=\/wp\/v2\/posts"}],"about":[{"href":"https:\/\/marcali.plebania.hu\/index.php?rest_route=\/wp\/v2\/types\/post"}],"author":[{"embeddable":true,"href":"https:\/\/marcali.plebania.hu\/index.php?rest_route=\/wp\/v2\/users\/2"}],"replies":[{"embeddable":true,"href":"https:\/\/marcali.plebania.hu\/index.php?rest_route=%2Fwp%2Fv2%2Fcomments&post=5983"}],"version-history":[{"count":1,"href":"https:\/\/marcali.plebania.hu\/index.php?rest_route=\/wp\/v2\/posts\/5983\/revisions"}],"predecessor-version":[{"id":5984,"href":"https:\/\/marcali.plebania.hu\/index.php?rest_route=\/wp\/v2\/posts\/5983\/revisions\/5984"}],"wp:attachment":[{"href":"https:\/\/marcali.plebania.hu\/index.php?rest_route=%2Fwp%2Fv2%2Fmedia&parent=5983"}],"wp:term":[{"taxonomy":"category","embeddable":true,"href":"https:\/\/marcali.plebania.hu\/index.php?rest_route=%2Fwp%2Fv2%2Fcategories&post=5983"},{"taxonomy":"post_tag","embeddable":true,"href":"https:\/\/marcali.plebania.hu\/index.php?rest_route=%2Fwp%2Fv2%2Ftags&post=5983"}],"curies":[{"name":"wp","href":"https:\/\/api.w.org\/{rel}","templated":true}]}}