{"id":5985,"date":"2024-07-31T07:20:46","date_gmt":"2024-07-31T07:20:46","guid":{"rendered":"https:\/\/marcali.plebania.hu\/?p=5985"},"modified":"2024-07-31T07:20:46","modified_gmt":"2024-07-31T07:20:46","slug":"hirdetesek-2024-julius-28-an","status":"publish","type":"post","link":"https:\/\/marcali.plebania.hu\/?p=5985","title":{"rendered":"Hirdet\u00e9sek 2024. j\u00falius 28-\u00e1n"},"content":{"rendered":"\n<p><strong><a href=\"https:\/\/igenaptar.katolikus.hu\/2024\/nap\/index.php?holnap=2024-07-14\" target=\"_blank\" rel=\"noreferrer noopener\"><u>\u00c9vk\u00f6zi 17. vas\u00e1rnap<\/u><\/a><\/strong><strong><\/strong><\/p>\n\n\n\n<ol class=\"wp-block-list\" start=\"1\">\n<li>A <strong>F\u00e9rfi-k\u00f6r<\/strong> k\u00f6vetkez\u0151 tal\u00e1lkoz\u00f3ja szerd\u00e1n 18:00-kor, a <strong>feln\u0151tt<\/strong>eknek sz\u00f3l\u00f3 <strong>hittan<\/strong> \u00e9s szents\u00e9gi felk\u00e9sz\u00edt\u0151 pedig cs\u00fct\u00f6rt\u00f6k\u00f6n 18:45-kor kezd\u0151dik az X-h\u00e1zban (D\u00f3zsa Gy. u. 3.).<\/li>\n\n\n\n<li>A p\u00e9nteki szents\u00e9gim\u00e1d\u00e1s ut\u00e1n, 18 \u00f3rakor szentmise lesz a templomban.<\/li>\n\n\n\n<li>A F\u00e9rfik\u00f6r kezdem\u00e9nyez\u00e9s\u00e9re p\u00e9ntekenk\u00e9nt 22 \u00f3rakor <strong>r\u00f3zsaf\u00fcz\u00e9r<\/strong>t im\u00e1dkozunk a b\u00e9k\u00e9\u00e9rt a pl\u00e9b\u00e1niatemplomban. B\u00e1rki bekapcsol\u00f3dhat a k\u00f6z\u00f6s im\u00e1ds\u00e1gba, aki szeretne.<\/li>\n\n\n\n<li>Szombaton 17 \u00f3r\u00e1t\u00f3l <strong>els\u0151 szombati ima\u00f3ra<\/strong>, majd 18 \u00f3rakor szentmise lesz a templomban.<\/li>\n\n\n\n<li>Az <strong>ifj\u00fas\u00e1gi csoport<\/strong> k\u00f6vetkez\u0151 tal\u00e1lkoz\u00f3ja szombaton 19 \u00f3rakor kezd\u0151dik az X-h\u00e1zban.<\/li>\n<\/ol>\n","protected":false},"excerpt":{"rendered":"<p>\u00c9vk\u00f6zi 17. vas\u00e1rnap<\/p>\n","protected":false},"author":2,"featured_media":0,"comment_status":"closed","ping_status":"open","sticky":false,"template":"","format":"standard","meta":{"footnotes":""},"categories":[1],"tags":[],"class_list":["post-5985","post","type-post","status-publish","format-standard","hentry","category-egyeb"],"_links":{"self":[{"href":"https:\/\/marcali.plebania.hu\/index.php?rest_route=\/wp\/v2\/posts\/5985","targetHints":{"allow":["GET"]}}],"collection":[{"href":"https:\/\/marcali.plebania.hu\/index.php?rest_route=\/wp\/v2\/posts"}],"about":[{"href":"https:\/\/marcali.plebania.hu\/index.php?rest_route=\/wp\/v2\/types\/post"}],"author":[{"embeddable":true,"href":"https:\/\/marcali.plebania.hu\/index.php?rest_route=\/wp\/v2\/users\/2"}],"replies":[{"embeddable":true,"href":"https:\/\/marcali.plebania.hu\/index.php?rest_route=%2Fwp%2Fv2%2Fcomments&post=5985"}],"version-history":[{"count":1,"href":"https:\/\/marcali.plebania.hu\/index.php?rest_route=\/wp\/v2\/posts\/5985\/revisions"}],"predecessor-version":[{"id":5986,"href":"https:\/\/marcali.plebania.hu\/index.php?rest_route=\/wp\/v2\/posts\/5985\/revisions\/5986"}],"wp:attachment":[{"href":"https:\/\/marcali.plebania.hu\/index.php?rest_route=%2Fwp%2Fv2%2Fmedia&parent=5985"}],"wp:term":[{"taxonomy":"category","embeddable":true,"href":"https:\/\/marcali.plebania.hu\/index.php?rest_route=%2Fwp%2Fv2%2Fcategories&post=5985"},{"taxonomy":"post_tag","embeddable":true,"href":"https:\/\/marcali.plebania.hu\/index.php?rest_route=%2Fwp%2Fv2%2Ftags&post=5985"}],"curies":[{"name":"wp","href":"https:\/\/api.w.org\/{rel}","templated":true}]}}