{"id":5987,"date":"2024-07-31T07:24:28","date_gmt":"2024-07-31T07:24:28","guid":{"rendered":"https:\/\/marcali.plebania.hu\/?p=5987"},"modified":"2024-07-31T07:24:28","modified_gmt":"2024-07-31T07:24:28","slug":"2024-evi-jarmumegaldas-marcaliban","status":"publish","type":"post","link":"https:\/\/marcali.plebania.hu\/?p=5987","title":{"rendered":"2024. \u00e9vi j\u00e1rm\u0171meg\u00e1ld\u00e1s Marcaliban"},"content":{"rendered":"\n<p>2024. j\u00falius 28-\u00e1n, vas\u00e1rnap, a 9 \u00f3r\u00e1s szentmise ut\u00e1n Tomanek Ferenc \u00c1ron pl\u00e9b\u00e1nos a j\u00e1rm\u0171vek patr\u00f3nus\u00e1nak, Szent Krist\u00f3fnak a k\u00f6zbenj\u00e1r\u00e1s\u00e1val meg\u00e1ldotta a pl\u00e9b\u00e1niatemplom el\u0151tti t\u00e9ren az elhozott j\u00e1rm\u0171veket.<\/p>\n\n\n\n<figure class=\"wp-block-gallery has-nested-images columns-default is-cropped wp-block-gallery-1 is-layout-flex wp-block-gallery-is-layout-flex\">\n<figure class=\"wp-block-image size-large\"><img loading=\"lazy\" decoding=\"async\" width=\"1024\" height=\"683\" data-id=\"5991\" src=\"https:\/\/marcali.plebania.hu\/wp-content\/uploads\/2024\/07\/01-3-1024x683.jpg\" alt=\"\" class=\"wp-image-5991\" srcset=\"https:\/\/marcali.plebania.hu\/wp-content\/uploads\/2024\/07\/01-3-1024x683.jpg 1024w, https:\/\/marcali.plebania.hu\/wp-content\/uploads\/2024\/07\/01-3-300x200.jpg 300w, https:\/\/marcali.plebania.hu\/wp-content\/uploads\/2024\/07\/01-3-768x512.jpg 768w, https:\/\/marcali.plebania.hu\/wp-content\/uploads\/2024\/07\/01-3-1536x1024.jpg 1536w, https:\/\/marcali.plebania.hu\/wp-content\/uploads\/2024\/07\/01-3-2048x1365.jpg 2048w, https:\/\/marcali.plebania.hu\/wp-content\/uploads\/2024\/07\/01-3-405x270.jpg 405w\" sizes=\"auto, (max-width: 1024px) 100vw, 1024px\" \/><\/figure>\n\n\n\n<figure class=\"wp-block-image size-large\"><img loading=\"lazy\" decoding=\"async\" width=\"1024\" height=\"683\" data-id=\"5990\" src=\"https:\/\/marcali.plebania.hu\/wp-content\/uploads\/2024\/07\/02-2-1024x683.jpg\" alt=\"\" class=\"wp-image-5990\" srcset=\"https:\/\/marcali.plebania.hu\/wp-content\/uploads\/2024\/07\/02-2-1024x683.jpg 1024w, https:\/\/marcali.plebania.hu\/wp-content\/uploads\/2024\/07\/02-2-300x200.jpg 300w, https:\/\/marcali.plebania.hu\/wp-content\/uploads\/2024\/07\/02-2-768x512.jpg 768w, https:\/\/marcali.plebania.hu\/wp-content\/uploads\/2024\/07\/02-2-1536x1024.jpg 1536w, https:\/\/marcali.plebania.hu\/wp-content\/uploads\/2024\/07\/02-2-2048x1365.jpg 2048w, https:\/\/marcali.plebania.hu\/wp-content\/uploads\/2024\/07\/02-2-405x270.jpg 405w\" sizes=\"auto, (max-width: 1024px) 100vw, 1024px\" \/><\/figure>\n\n\n\n<figure class=\"wp-block-image size-large\"><img loading=\"lazy\" decoding=\"async\" width=\"1024\" height=\"683\" data-id=\"5989\" src=\"https:\/\/marcali.plebania.hu\/wp-content\/uploads\/2024\/07\/03-2-1024x683.jpg\" alt=\"\" class=\"wp-image-5989\" srcset=\"https:\/\/marcali.plebania.hu\/wp-content\/uploads\/2024\/07\/03-2-1024x683.jpg 1024w, https:\/\/marcali.plebania.hu\/wp-content\/uploads\/2024\/07\/03-2-300x200.jpg 300w, https:\/\/marcali.plebania.hu\/wp-content\/uploads\/2024\/07\/03-2-768x512.jpg 768w, https:\/\/marcali.plebania.hu\/wp-content\/uploads\/2024\/07\/03-2-1536x1024.jpg 1536w, https:\/\/marcali.plebania.hu\/wp-content\/uploads\/2024\/07\/03-2-2048x1365.jpg 2048w, https:\/\/marcali.plebania.hu\/wp-content\/uploads\/2024\/07\/03-2-405x270.jpg 405w\" sizes=\"auto, (max-width: 1024px) 100vw, 1024px\" \/><\/figure>\n\n\n\n<figure class=\"wp-block-image size-large\"><img loading=\"lazy\" decoding=\"async\" width=\"1024\" height=\"683\" data-id=\"5988\" src=\"https:\/\/marcali.plebania.hu\/wp-content\/uploads\/2024\/07\/04-2-1024x683.jpg\" alt=\"\" class=\"wp-image-5988\" srcset=\"https:\/\/marcali.plebania.hu\/wp-content\/uploads\/2024\/07\/04-2-1024x683.jpg 1024w, https:\/\/marcali.plebania.hu\/wp-content\/uploads\/2024\/07\/04-2-300x200.jpg 300w, https:\/\/marcali.plebania.hu\/wp-content\/uploads\/2024\/07\/04-2-768x512.jpg 768w, https:\/\/marcali.plebania.hu\/wp-content\/uploads\/2024\/07\/04-2-1536x1024.jpg 1536w, https:\/\/marcali.plebania.hu\/wp-content\/uploads\/2024\/07\/04-2-2048x1365.jpg 2048w, https:\/\/marcali.plebania.hu\/wp-content\/uploads\/2024\/07\/04-2-405x270.jpg 405w\" sizes=\"auto, (max-width: 1024px) 100vw, 1024px\" \/><\/figure>\n<\/figure>\n\n\n\n<p>Szent Krist\u00f3f a 14 seg\u00edt\u0151 szent egyike \u00e9s a n\u00e9pies vall\u00e1soss\u00e1g tal\u00e1n m\u00e1ig legn\u00e9pszer\u0171bb alakja. Krist\u00f3f az utasok, v\u00e1ndorok, haj\u00f3sok v\u00e9d\u0151szentje, de a g\u00e9pj\u00e1rm\u0171vek megjelen\u00e9se \u00f3ta m\u00e1r az aut\u00f3sok \u00e9s motorosok is maguk\u00e9nak vallj\u00e1k.<\/p>\n\n\n\n<figure class=\"wp-block-gallery has-nested-images columns-default is-cropped wp-block-gallery-2 is-layout-flex wp-block-gallery-is-layout-flex\">\n<figure class=\"wp-block-image size-large\"><img loading=\"lazy\" decoding=\"async\" width=\"1024\" height=\"683\" data-id=\"5992\" src=\"https:\/\/marcali.plebania.hu\/wp-content\/uploads\/2024\/07\/05-2-1024x683.jpg\" alt=\"\" class=\"wp-image-5992\" srcset=\"https:\/\/marcali.plebania.hu\/wp-content\/uploads\/2024\/07\/05-2-1024x683.jpg 1024w, https:\/\/marcali.plebania.hu\/wp-content\/uploads\/2024\/07\/05-2-300x200.jpg 300w, https:\/\/marcali.plebania.hu\/wp-content\/uploads\/2024\/07\/05-2-768x512.jpg 768w, https:\/\/marcali.plebania.hu\/wp-content\/uploads\/2024\/07\/05-2-1536x1024.jpg 1536w, https:\/\/marcali.plebania.hu\/wp-content\/uploads\/2024\/07\/05-2-2048x1365.jpg 2048w, https:\/\/marcali.plebania.hu\/wp-content\/uploads\/2024\/07\/05-2-405x270.jpg 405w\" sizes=\"auto, (max-width: 1024px) 100vw, 1024px\" \/><\/figure>\n\n\n\n<figure class=\"wp-block-image size-large\"><img loading=\"lazy\" decoding=\"async\" width=\"1024\" height=\"683\" data-id=\"5994\" src=\"https:\/\/marcali.plebania.hu\/wp-content\/uploads\/2024\/07\/06-1-1024x683.jpg\" alt=\"\" class=\"wp-image-5994\" srcset=\"https:\/\/marcali.plebania.hu\/wp-content\/uploads\/2024\/07\/06-1-1024x683.jpg 1024w, https:\/\/marcali.plebania.hu\/wp-content\/uploads\/2024\/07\/06-1-300x200.jpg 300w, https:\/\/marcali.plebania.hu\/wp-content\/uploads\/2024\/07\/06-1-768x512.jpg 768w, https:\/\/marcali.plebania.hu\/wp-content\/uploads\/2024\/07\/06-1-1536x1024.jpg 1536w, https:\/\/marcali.plebania.hu\/wp-content\/uploads\/2024\/07\/06-1-2048x1365.jpg 2048w, https:\/\/marcali.plebania.hu\/wp-content\/uploads\/2024\/07\/06-1-405x270.jpg 405w\" sizes=\"auto, (max-width: 1024px) 100vw, 1024px\" \/><\/figure>\n\n\n\n<figure class=\"wp-block-image size-large\"><img loading=\"lazy\" decoding=\"async\" width=\"1024\" height=\"683\" data-id=\"5996\" src=\"https:\/\/marcali.plebania.hu\/wp-content\/uploads\/2024\/07\/18-1024x683.jpg\" alt=\"\" class=\"wp-image-5996\" srcset=\"https:\/\/marcali.plebania.hu\/wp-content\/uploads\/2024\/07\/18-1024x683.jpg 1024w, https:\/\/marcali.plebania.hu\/wp-content\/uploads\/2024\/07\/18-300x200.jpg 300w, https:\/\/marcali.plebania.hu\/wp-content\/uploads\/2024\/07\/18-768x512.jpg 768w, https:\/\/marcali.plebania.hu\/wp-content\/uploads\/2024\/07\/18-1536x1024.jpg 1536w, https:\/\/marcali.plebania.hu\/wp-content\/uploads\/2024\/07\/18-2048x1365.jpg 2048w, https:\/\/marcali.plebania.hu\/wp-content\/uploads\/2024\/07\/18-405x270.jpg 405w\" sizes=\"auto, (max-width: 1024px) 100vw, 1024px\" \/><\/figure>\n\n\n\n<figure class=\"wp-block-image size-large\"><img loading=\"lazy\" decoding=\"async\" width=\"1024\" height=\"683\" data-id=\"5993\" src=\"https:\/\/marcali.plebania.hu\/wp-content\/uploads\/2024\/07\/08-1-1024x683.jpg\" alt=\"\" class=\"wp-image-5993\" srcset=\"https:\/\/marcali.plebania.hu\/wp-content\/uploads\/2024\/07\/08-1-1024x683.jpg 1024w, https:\/\/marcali.plebania.hu\/wp-content\/uploads\/2024\/07\/08-1-300x200.jpg 300w, https:\/\/marcali.plebania.hu\/wp-content\/uploads\/2024\/07\/08-1-768x512.jpg 768w, https:\/\/marcali.plebania.hu\/wp-content\/uploads\/2024\/07\/08-1-1536x1024.jpg 1536w, https:\/\/marcali.plebania.hu\/wp-content\/uploads\/2024\/07\/08-1-2048x1365.jpg 2048w, https:\/\/marcali.plebania.hu\/wp-content\/uploads\/2024\/07\/08-1-405x270.jpg 405w\" sizes=\"auto, (max-width: 1024px) 100vw, 1024px\" \/><\/figure>\n<\/figure>\n\n\n\n<p>Az istentisztelet v\u00e9g\u00e9n Ferenc atya a pl\u00e9b\u00e1niatemplomban megtartotta az \u00e1ld\u00e1s \u00e1ltal\u00e1nos szertart\u00e1s\u00e1t, majd ezt k\u00f6vet\u0151en a parkol\u00f3ban egyes\u00e9vel, szenteltv\u00edzzel is meghintette a sz\u00e9p sz\u00e1mban elhozott j\u00e1rm\u0171veket \u00e9s vezet\u0151iket is. Az idei \u00e9vben \u2013 a r\u00e9gi hagyom\u00e1nyokat k\u00f6vetve \u2013 az id\u0151sek mellett a fiatalok is jelen voltak, hogy Szent Krist\u00f3f oltalm\u00e1t k\u00e9rj\u00e9k a balesetmentes k\u00f6zleked\u00e9s \u00e9rdek\u00e9ben.<\/p>\n\n\n\n<figure class=\"wp-block-gallery has-nested-images columns-default is-cropped wp-block-gallery-3 is-layout-flex wp-block-gallery-is-layout-flex\">\n<figure class=\"wp-block-image size-large\"><img loading=\"lazy\" decoding=\"async\" width=\"1024\" height=\"683\" data-id=\"5998\" src=\"https:\/\/marcali.plebania.hu\/wp-content\/uploads\/2024\/07\/21-1024x683.jpg\" alt=\"\" class=\"wp-image-5998\" srcset=\"https:\/\/marcali.plebania.hu\/wp-content\/uploads\/2024\/07\/21-1024x683.jpg 1024w, https:\/\/marcali.plebania.hu\/wp-content\/uploads\/2024\/07\/21-300x200.jpg 300w, https:\/\/marcali.plebania.hu\/wp-content\/uploads\/2024\/07\/21-768x512.jpg 768w, https:\/\/marcali.plebania.hu\/wp-content\/uploads\/2024\/07\/21-1536x1024.jpg 1536w, https:\/\/marcali.plebania.hu\/wp-content\/uploads\/2024\/07\/21-2048x1365.jpg 2048w, https:\/\/marcali.plebania.hu\/wp-content\/uploads\/2024\/07\/21-405x270.jpg 405w\" sizes=\"auto, (max-width: 1024px) 100vw, 1024px\" \/><\/figure>\n\n\n\n<figure class=\"wp-block-image size-large\"><img loading=\"lazy\" decoding=\"async\" width=\"1024\" height=\"683\" data-id=\"6000\" src=\"https:\/\/marcali.plebania.hu\/wp-content\/uploads\/2024\/07\/23-1024x683.jpg\" alt=\"\" class=\"wp-image-6000\" srcset=\"https:\/\/marcali.plebania.hu\/wp-content\/uploads\/2024\/07\/23-1024x683.jpg 1024w, https:\/\/marcali.plebania.hu\/wp-content\/uploads\/2024\/07\/23-300x200.jpg 300w, https:\/\/marcali.plebania.hu\/wp-content\/uploads\/2024\/07\/23-768x512.jpg 768w, https:\/\/marcali.plebania.hu\/wp-content\/uploads\/2024\/07\/23-1536x1024.jpg 1536w, https:\/\/marcali.plebania.hu\/wp-content\/uploads\/2024\/07\/23-2048x1365.jpg 2048w, https:\/\/marcali.plebania.hu\/wp-content\/uploads\/2024\/07\/23-405x270.jpg 405w\" sizes=\"auto, (max-width: 1024px) 100vw, 1024px\" \/><\/figure>\n\n\n\n<figure class=\"wp-block-image size-large\"><img loading=\"lazy\" decoding=\"async\" width=\"1024\" height=\"683\" data-id=\"5997\" src=\"https:\/\/marcali.plebania.hu\/wp-content\/uploads\/2024\/07\/24-1024x683.jpg\" alt=\"\" class=\"wp-image-5997\" srcset=\"https:\/\/marcali.plebania.hu\/wp-content\/uploads\/2024\/07\/24-1024x683.jpg 1024w, https:\/\/marcali.plebania.hu\/wp-content\/uploads\/2024\/07\/24-300x200.jpg 300w, https:\/\/marcali.plebania.hu\/wp-content\/uploads\/2024\/07\/24-768x512.jpg 768w, https:\/\/marcali.plebania.hu\/wp-content\/uploads\/2024\/07\/24-1536x1024.jpg 1536w, https:\/\/marcali.plebania.hu\/wp-content\/uploads\/2024\/07\/24-2048x1365.jpg 2048w, https:\/\/marcali.plebania.hu\/wp-content\/uploads\/2024\/07\/24-405x270.jpg 405w\" sizes=\"auto, (max-width: 1024px) 100vw, 1024px\" \/><\/figure>\n\n\n\n<figure class=\"wp-block-image size-large\"><img loading=\"lazy\" decoding=\"async\" width=\"1024\" height=\"683\" data-id=\"6001\" src=\"https:\/\/marcali.plebania.hu\/wp-content\/uploads\/2024\/07\/29-1024x683.jpg\" alt=\"\" class=\"wp-image-6001\" srcset=\"https:\/\/marcali.plebania.hu\/wp-content\/uploads\/2024\/07\/29-1024x683.jpg 1024w, https:\/\/marcali.plebania.hu\/wp-content\/uploads\/2024\/07\/29-300x200.jpg 300w, https:\/\/marcali.plebania.hu\/wp-content\/uploads\/2024\/07\/29-768x512.jpg 768w, https:\/\/marcali.plebania.hu\/wp-content\/uploads\/2024\/07\/29-1536x1024.jpg 1536w, https:\/\/marcali.plebania.hu\/wp-content\/uploads\/2024\/07\/29-2048x1365.jpg 2048w, https:\/\/marcali.plebania.hu\/wp-content\/uploads\/2024\/07\/29-405x270.jpg 405w\" sizes=\"auto, (max-width: 1024px) 100vw, 1024px\" \/><\/figure>\n<\/figure>\n\n\n\n<p>\u00cdrta \u00e9s fot\u00f3k: Kiss K\u00e1lm\u00e1n<\/p>\n","protected":false},"excerpt":{"rendered":"<p>2024. j\u00falius 28-\u00e1n, vas\u00e1rnap, a 9 \u00f3r\u00e1s szentmise ut\u00e1n Tomanek Ferenc \u00c1ron pl\u00e9b\u00e1nos a j\u00e1rm\u0171vek patr\u00f3nus\u00e1nak, Szent Krist\u00f3fnak a k\u00f6zbenj\u00e1r\u00e1s\u00e1val meg\u00e1ldotta a pl\u00e9b\u00e1niatemplom el\u0151tti t\u00e9ren az elhozott j\u00e1rm\u0171veket. Szent Krist\u00f3f a 14 seg\u00edt\u0151 szent egyike \u00e9s a n\u00e9pies vall\u00e1soss\u00e1g tal\u00e1n m\u00e1ig legn\u00e9pszer\u0171bb alakja. Krist\u00f3f az utasok, v\u00e1ndorok, haj\u00f3sok v\u00e9d\u0151szentje, de a g\u00e9pj\u00e1rm\u0171vek megjelen\u00e9se \u00f3ta m\u00e1r az aut\u00f3sok \u00e9s motorosok is maguk\u00e9nak vallj\u00e1k. Az istentisztelet v\u00e9g\u00e9n Ferenc atya a pl\u00e9b\u00e1niatemplomban megtartotta az \u00e1ld\u00e1s \u00e1ltal\u00e1nos szertart\u00e1s\u00e1t, majd ezt k\u00f6vet\u0151en a parkol\u00f3ban egyes\u00e9vel,&#8230;<\/p>\n<p class=\"read-more\"><a class=\"btn btn-default\" href=\"https:\/\/marcali.plebania.hu\/?p=5987\"> Read More<span class=\"screen-reader-text\">  Read More<\/span><\/a><\/p>\n","protected":false},"author":2,"featured_media":0,"comment_status":"closed","ping_status":"open","sticky":false,"template":"","format":"standard","meta":{"footnotes":""},"categories":[1],"tags":[],"class_list":["post-5987","post","type-post","status-publish","format-standard","hentry","category-egyeb"],"_links":{"self":[{"href":"https:\/\/marcali.plebania.hu\/index.php?rest_route=\/wp\/v2\/posts\/5987","targetHints":{"allow":["GET"]}}],"collection":[{"href":"https:\/\/marcali.plebania.hu\/index.php?rest_route=\/wp\/v2\/posts"}],"about":[{"href":"https:\/\/marcali.plebania.hu\/index.php?rest_route=\/wp\/v2\/types\/post"}],"author":[{"embeddable":true,"href":"https:\/\/marcali.plebania.hu\/index.php?rest_route=\/wp\/v2\/users\/2"}],"replies":[{"embeddable":true,"href":"https:\/\/marcali.plebania.hu\/index.php?rest_route=%2Fwp%2Fv2%2Fcomments&post=5987"}],"version-history":[{"count":1,"href":"https:\/\/marcali.plebania.hu\/index.php?rest_route=\/wp\/v2\/posts\/5987\/revisions"}],"predecessor-version":[{"id":6002,"href":"https:\/\/marcali.plebania.hu\/index.php?rest_route=\/wp\/v2\/posts\/5987\/revisions\/6002"}],"wp:attachment":[{"href":"https:\/\/marcali.plebania.hu\/index.php?rest_route=%2Fwp%2Fv2%2Fmedia&parent=5987"}],"wp:term":[{"taxonomy":"category","embeddable":true,"href":"https:\/\/marcali.plebania.hu\/index.php?rest_route=%2Fwp%2Fv2%2Fcategories&post=5987"},{"taxonomy":"post_tag","embeddable":true,"href":"https:\/\/marcali.plebania.hu\/index.php?rest_route=%2Fwp%2Fv2%2Ftags&post=5987"}],"curies":[{"name":"wp","href":"https:\/\/api.w.org\/{rel}","templated":true}]}}