{"id":600,"date":"2019-01-28T15:20:51","date_gmt":"2019-01-28T15:20:51","guid":{"rendered":"https:\/\/marcali.plebania.hu\/?p=600"},"modified":"2019-01-28T15:20:51","modified_gmt":"2019-01-28T15:20:51","slug":"istentisztelettel-zarult-az-okumenikus-imahet","status":"publish","type":"post","link":"https:\/\/marcali.plebania.hu\/?p=600","title":{"rendered":"Istentisztelettel z\u00e1rult az \u00f6kumenikus imah\u00e9t"},"content":{"rendered":"\n<p>2019. janu\u00e1r 27-\u00e9n, vas\u00e1rnap este 17 \u00f3rakor tartott\u00e1k az \u00f6kumenikus imah\u00e9t z\u00e1r\u00f3 rendezv\u00e9ny\u00e9t a marcali reform\u00e1tus-evang\u00e9likus templomban.<\/p>\n\n\n\n<figure class=\"wp-block-image\"><img loading=\"lazy\" decoding=\"async\" width=\"1024\" height=\"683\" src=\"https:\/\/marcali.plebania.hu\/wp-content\/uploads\/2019\/01\/19-1024x683.jpg\" alt=\"\" class=\"wp-image-601\" srcset=\"https:\/\/marcali.plebania.hu\/wp-content\/uploads\/2019\/01\/19-1024x683.jpg 1024w, https:\/\/marcali.plebania.hu\/wp-content\/uploads\/2019\/01\/19-300x200.jpg 300w, https:\/\/marcali.plebania.hu\/wp-content\/uploads\/2019\/01\/19-768x512.jpg 768w, https:\/\/marcali.plebania.hu\/wp-content\/uploads\/2019\/01\/19-405x270.jpg 405w\" sizes=\"auto, (max-width: 1024px) 100vw, 1024px\" \/><\/figure>\n\n\n\n<p>A Krisztus-h\u00edv\u0151k egys\u00e9g\u00e9\u00e9rt szervezett istentiszteletet Fazekas Kriszti\u00e1n reform\u00e1tus lelkip\u00e1sztor vezette, ig\u00e9t Kiss Iv\u00e1n c. pr\u00e9post, esperes-pl\u00e9b\u00e1nos hirdetett, melyre a helyi gy\u00fclekezet tagjain k\u00edv\u00fcl elj\u00f6ttek a katolikus h\u00edvek is. Az idei imah\u00e9t Bibli\u00e1b\u00f3l vett jelmondata: \u201eAz igazs\u00e1gra \u00e9s csakis az igazs\u00e1gra t\u00f6rekedj\u2026\u201d (MT\u00f6rv\/5M\u00f3z 16,18-20) volt.<\/p>\n\n\n\n<ul class=\"wp-block-gallery columns-3 is-cropped wp-block-gallery-1 is-layout-flex wp-block-gallery-is-layout-flex\"><li class=\"blocks-gallery-item\"><figure><img loading=\"lazy\" decoding=\"async\" width=\"1024\" height=\"683\" src=\"https:\/\/marcali.plebania.hu\/wp-content\/uploads\/2019\/01\/14-1024x683.jpg\" alt=\"\" data-id=\"602\" data-link=\"https:\/\/marcali.plebania.hu\/?attachment_id=602\" class=\"wp-image-602\" srcset=\"https:\/\/marcali.plebania.hu\/wp-content\/uploads\/2019\/01\/14-1024x683.jpg 1024w, https:\/\/marcali.plebania.hu\/wp-content\/uploads\/2019\/01\/14-300x200.jpg 300w, https:\/\/marcali.plebania.hu\/wp-content\/uploads\/2019\/01\/14-768x512.jpg 768w, https:\/\/marcali.plebania.hu\/wp-content\/uploads\/2019\/01\/14-405x270.jpg 405w\" sizes=\"auto, (max-width: 1024px) 100vw, 1024px\" \/><\/figure><\/li><li class=\"blocks-gallery-item\"><figure><img loading=\"lazy\" decoding=\"async\" width=\"1024\" height=\"683\" src=\"https:\/\/marcali.plebania.hu\/wp-content\/uploads\/2019\/01\/15-1-1024x683.jpg\" alt=\"\" data-id=\"603\" data-link=\"https:\/\/marcali.plebania.hu\/?attachment_id=603\" class=\"wp-image-603\" srcset=\"https:\/\/marcali.plebania.hu\/wp-content\/uploads\/2019\/01\/15-1-1024x683.jpg 1024w, https:\/\/marcali.plebania.hu\/wp-content\/uploads\/2019\/01\/15-1-300x200.jpg 300w, https:\/\/marcali.plebania.hu\/wp-content\/uploads\/2019\/01\/15-1-768x512.jpg 768w, https:\/\/marcali.plebania.hu\/wp-content\/uploads\/2019\/01\/15-1-405x270.jpg 405w\" sizes=\"auto, (max-width: 1024px) 100vw, 1024px\" \/><\/figure><\/li><li class=\"blocks-gallery-item\"><figure><img loading=\"lazy\" decoding=\"async\" width=\"1024\" height=\"683\" src=\"https:\/\/marcali.plebania.hu\/wp-content\/uploads\/2019\/01\/17-1-1024x683.jpg\" alt=\"\" data-id=\"605\" data-link=\"https:\/\/marcali.plebania.hu\/?attachment_id=605\" class=\"wp-image-605\" srcset=\"https:\/\/marcali.plebania.hu\/wp-content\/uploads\/2019\/01\/17-1-1024x683.jpg 1024w, https:\/\/marcali.plebania.hu\/wp-content\/uploads\/2019\/01\/17-1-300x200.jpg 300w, https:\/\/marcali.plebania.hu\/wp-content\/uploads\/2019\/01\/17-1-768x512.jpg 768w, https:\/\/marcali.plebania.hu\/wp-content\/uploads\/2019\/01\/17-1-405x270.jpg 405w\" sizes=\"auto, (max-width: 1024px) 100vw, 1024px\" \/><\/figure><\/li><li class=\"blocks-gallery-item\"><figure><img loading=\"lazy\" decoding=\"async\" width=\"1024\" height=\"683\" src=\"https:\/\/marcali.plebania.hu\/wp-content\/uploads\/2019\/01\/16-2-1024x683.jpg\" alt=\"\" data-id=\"616\" data-link=\"https:\/\/marcali.plebania.hu\/?attachment_id=616\" class=\"wp-image-616\" srcset=\"https:\/\/marcali.plebania.hu\/wp-content\/uploads\/2019\/01\/16-2-1024x683.jpg 1024w, https:\/\/marcali.plebania.hu\/wp-content\/uploads\/2019\/01\/16-2-300x200.jpg 300w, https:\/\/marcali.plebania.hu\/wp-content\/uploads\/2019\/01\/16-2-768x512.jpg 768w, https:\/\/marcali.plebania.hu\/wp-content\/uploads\/2019\/01\/16-2-405x270.jpg 405w\" sizes=\"auto, (max-width: 1024px) 100vw, 1024px\" \/><\/figure><\/li><\/ul>\n\n\n\n<p>Iv\u00e1n atya besz\u00e9d\u00e9ben az igazs\u00e1g keres\u00e9sr\u0151l besz\u00e9lt, a 100 \u00e9vvel ezel\u0151tt elhunyt Ady Endre k\u00f6lt\u0151 istenkeres\u00e9s\u00e9n kereszt\u00fcl Kalkuttai Ter\u00e9z anya; Gy\u00f6k\u00f6ssy Endre, Bandi b\u00e1csi reform\u00e1tus lelk\u00e9sz, pszichi\u00e1ter; Szent II. J\u00e1nos P\u00e1l p\u00e1pa \u00e9s Varga L\u00e1szl\u00f3 kaposv\u00e1ri p\u00fcsp\u00f6k p\u00e9ld\u00e1in kereszt\u00fcl. Kiemelte, hogy: \u201eB\u00edzni kell a Szentl\u00e9lek erej\u00e9ben, ami most is munk\u00e1lkodik k\u00f6z\u00f6tt\u00fcnk, amikor \u00f6sszej\u00f6tt\u00fcnk, hogy egy\u00fctt t\u00f6rekedj\u00fcnk az igazs\u00e1gra, mert szomj\u00fahozzuk az igazs\u00e1got. Tudjuk, hogy Krisztus az egyed\u00fcli igazs\u00e1g. Sok mindenben k\u00fcl\u00f6nb\u00f6znek a kereszt\u00e9ny felekezetek, de egyben nem, hiszen mindannyian az igazs\u00e1got keresik\u201d \u2013 fejezte be igehirdet\u00e9s\u00e9t Iv\u00e1n atya.<\/p>\n\n\n\n<ul class=\"wp-block-gallery columns-3 is-cropped wp-block-gallery-2 is-layout-flex wp-block-gallery-is-layout-flex\"><li class=\"blocks-gallery-item\"><figure><img loading=\"lazy\" decoding=\"async\" width=\"1024\" height=\"683\" src=\"https:\/\/marcali.plebania.hu\/wp-content\/uploads\/2019\/01\/06-1024x683.jpg\" alt=\"\" data-id=\"606\" data-link=\"https:\/\/marcali.plebania.hu\/?attachment_id=606\" class=\"wp-image-606\" srcset=\"https:\/\/marcali.plebania.hu\/wp-content\/uploads\/2019\/01\/06-1024x683.jpg 1024w, https:\/\/marcali.plebania.hu\/wp-content\/uploads\/2019\/01\/06-300x200.jpg 300w, https:\/\/marcali.plebania.hu\/wp-content\/uploads\/2019\/01\/06-768x512.jpg 768w, https:\/\/marcali.plebania.hu\/wp-content\/uploads\/2019\/01\/06-405x270.jpg 405w\" sizes=\"auto, (max-width: 1024px) 100vw, 1024px\" \/><\/figure><\/li><li class=\"blocks-gallery-item\"><figure><img loading=\"lazy\" decoding=\"async\" width=\"1024\" height=\"683\" src=\"https:\/\/marcali.plebania.hu\/wp-content\/uploads\/2019\/01\/07-1024x683.jpg\" alt=\"\" data-id=\"607\" data-link=\"https:\/\/marcali.plebania.hu\/?attachment_id=607\" class=\"wp-image-607\" srcset=\"https:\/\/marcali.plebania.hu\/wp-content\/uploads\/2019\/01\/07-1024x683.jpg 1024w, https:\/\/marcali.plebania.hu\/wp-content\/uploads\/2019\/01\/07-300x200.jpg 300w, https:\/\/marcali.plebania.hu\/wp-content\/uploads\/2019\/01\/07-768x512.jpg 768w, https:\/\/marcali.plebania.hu\/wp-content\/uploads\/2019\/01\/07-405x270.jpg 405w\" sizes=\"auto, (max-width: 1024px) 100vw, 1024px\" \/><\/figure><\/li><li class=\"blocks-gallery-item\"><figure><img loading=\"lazy\" decoding=\"async\" width=\"1024\" height=\"683\" src=\"https:\/\/marcali.plebania.hu\/wp-content\/uploads\/2019\/01\/08-1024x683.jpg\" alt=\"\" data-id=\"608\" data-link=\"https:\/\/marcali.plebania.hu\/?attachment_id=608\" class=\"wp-image-608\" srcset=\"https:\/\/marcali.plebania.hu\/wp-content\/uploads\/2019\/01\/08-1024x683.jpg 1024w, https:\/\/marcali.plebania.hu\/wp-content\/uploads\/2019\/01\/08-300x200.jpg 300w, https:\/\/marcali.plebania.hu\/wp-content\/uploads\/2019\/01\/08-768x512.jpg 768w, https:\/\/marcali.plebania.hu\/wp-content\/uploads\/2019\/01\/08-405x270.jpg 405w\" sizes=\"auto, (max-width: 1024px) 100vw, 1024px\" \/><\/figure><\/li><li class=\"blocks-gallery-item\"><figure><img loading=\"lazy\" decoding=\"async\" width=\"1024\" height=\"683\" src=\"https:\/\/marcali.plebania.hu\/wp-content\/uploads\/2019\/01\/09-1024x683.jpg\" alt=\"\" data-id=\"609\" data-link=\"https:\/\/marcali.plebania.hu\/?attachment_id=609\" class=\"wp-image-609\" srcset=\"https:\/\/marcali.plebania.hu\/wp-content\/uploads\/2019\/01\/09-1024x683.jpg 1024w, https:\/\/marcali.plebania.hu\/wp-content\/uploads\/2019\/01\/09-300x200.jpg 300w, https:\/\/marcali.plebania.hu\/wp-content\/uploads\/2019\/01\/09-768x512.jpg 768w, https:\/\/marcali.plebania.hu\/wp-content\/uploads\/2019\/01\/09-405x270.jpg 405w\" sizes=\"auto, (max-width: 1024px) 100vw, 1024px\" \/><\/figure><\/li><li class=\"blocks-gallery-item\"><figure><img loading=\"lazy\" decoding=\"async\" width=\"1024\" height=\"683\" src=\"https:\/\/marcali.plebania.hu\/wp-content\/uploads\/2019\/01\/10-1024x683.jpg\" alt=\"\" data-id=\"610\" data-link=\"https:\/\/marcali.plebania.hu\/?attachment_id=610\" class=\"wp-image-610\" srcset=\"https:\/\/marcali.plebania.hu\/wp-content\/uploads\/2019\/01\/10-1024x683.jpg 1024w, https:\/\/marcali.plebania.hu\/wp-content\/uploads\/2019\/01\/10-300x200.jpg 300w, https:\/\/marcali.plebania.hu\/wp-content\/uploads\/2019\/01\/10-768x512.jpg 768w, https:\/\/marcali.plebania.hu\/wp-content\/uploads\/2019\/01\/10-405x270.jpg 405w\" sizes=\"auto, (max-width: 1024px) 100vw, 1024px\" \/><\/figure><\/li><li class=\"blocks-gallery-item\"><figure><img loading=\"lazy\" decoding=\"async\" width=\"1024\" height=\"683\" src=\"https:\/\/marcali.plebania.hu\/wp-content\/uploads\/2019\/01\/11-1024x683.jpg\" alt=\"\" data-id=\"611\" data-link=\"https:\/\/marcali.plebania.hu\/?attachment_id=611\" class=\"wp-image-611\" srcset=\"https:\/\/marcali.plebania.hu\/wp-content\/uploads\/2019\/01\/11-1024x683.jpg 1024w, https:\/\/marcali.plebania.hu\/wp-content\/uploads\/2019\/01\/11-300x200.jpg 300w, https:\/\/marcali.plebania.hu\/wp-content\/uploads\/2019\/01\/11-768x512.jpg 768w, https:\/\/marcali.plebania.hu\/wp-content\/uploads\/2019\/01\/11-405x270.jpg 405w\" sizes=\"auto, (max-width: 1024px) 100vw, 1024px\" \/><\/figure><\/li><\/ul>\n\n\n\n<p>Az istentisztelet v\u00e9g\u00e9n a jelenl\u00e9v\u0151k el\u00e9nekelt\u00e9k a Himnuszt. Majd a lelkip\u00e1sztorok \u00e1ld\u00e1s\u00e1val t\u00e9rtek haza \u00e9s vitt\u00e9k magukkal az im\u00e1k, az \u00e9nekek \u00f6r\u00f6m\u00e9t, valamint az elhangzott gondolatokat.<\/p>\n\n\n\n<ul class=\"wp-block-gallery columns-3 is-cropped wp-block-gallery-3 is-layout-flex wp-block-gallery-is-layout-flex\"><li class=\"blocks-gallery-item\"><figure><img loading=\"lazy\" decoding=\"async\" width=\"1024\" height=\"683\" src=\"https:\/\/marcali.plebania.hu\/wp-content\/uploads\/2019\/01\/22-1-1024x683.jpg\" alt=\"\" data-id=\"612\" data-link=\"https:\/\/marcali.plebania.hu\/?attachment_id=612\" class=\"wp-image-612\" srcset=\"https:\/\/marcali.plebania.hu\/wp-content\/uploads\/2019\/01\/22-1-1024x683.jpg 1024w, https:\/\/marcali.plebania.hu\/wp-content\/uploads\/2019\/01\/22-1-300x200.jpg 300w, https:\/\/marcali.plebania.hu\/wp-content\/uploads\/2019\/01\/22-1-768x512.jpg 768w, https:\/\/marcali.plebania.hu\/wp-content\/uploads\/2019\/01\/22-1-405x270.jpg 405w\" sizes=\"auto, (max-width: 1024px) 100vw, 1024px\" \/><\/figure><\/li><li class=\"blocks-gallery-item\"><figure><img loading=\"lazy\" decoding=\"async\" width=\"1024\" height=\"683\" src=\"https:\/\/marcali.plebania.hu\/wp-content\/uploads\/2019\/01\/23-1024x683.jpg\" alt=\"\" data-id=\"613\" data-link=\"https:\/\/marcali.plebania.hu\/?attachment_id=613\" class=\"wp-image-613\" srcset=\"https:\/\/marcali.plebania.hu\/wp-content\/uploads\/2019\/01\/23-1024x683.jpg 1024w, https:\/\/marcali.plebania.hu\/wp-content\/uploads\/2019\/01\/23-300x200.jpg 300w, https:\/\/marcali.plebania.hu\/wp-content\/uploads\/2019\/01\/23-768x512.jpg 768w, https:\/\/marcali.plebania.hu\/wp-content\/uploads\/2019\/01\/23-405x270.jpg 405w\" sizes=\"auto, (max-width: 1024px) 100vw, 1024px\" \/><\/figure><\/li><li class=\"blocks-gallery-item\"><figure><img loading=\"lazy\" decoding=\"async\" width=\"1024\" height=\"683\" src=\"https:\/\/marcali.plebania.hu\/wp-content\/uploads\/2019\/01\/24-1024x683.jpg\" alt=\"\" data-id=\"614\" data-link=\"https:\/\/marcali.plebania.hu\/?attachment_id=614\" class=\"wp-image-614\" srcset=\"https:\/\/marcali.plebania.hu\/wp-content\/uploads\/2019\/01\/24-1024x683.jpg 1024w, https:\/\/marcali.plebania.hu\/wp-content\/uploads\/2019\/01\/24-300x200.jpg 300w, https:\/\/marcali.plebania.hu\/wp-content\/uploads\/2019\/01\/24-768x512.jpg 768w, https:\/\/marcali.plebania.hu\/wp-content\/uploads\/2019\/01\/24-405x270.jpg 405w\" sizes=\"auto, (max-width: 1024px) 100vw, 1024px\" \/><\/figure><\/li><li class=\"blocks-gallery-item\"><figure><img loading=\"lazy\" decoding=\"async\" width=\"1024\" height=\"683\" src=\"https:\/\/marcali.plebania.hu\/wp-content\/uploads\/2019\/01\/25-1024x683.jpg\" alt=\"\" data-id=\"615\" data-link=\"https:\/\/marcali.plebania.hu\/?attachment_id=615\" class=\"wp-image-615\" srcset=\"https:\/\/marcali.plebania.hu\/wp-content\/uploads\/2019\/01\/25-1024x683.jpg 1024w, https:\/\/marcali.plebania.hu\/wp-content\/uploads\/2019\/01\/25-300x200.jpg 300w, https:\/\/marcali.plebania.hu\/wp-content\/uploads\/2019\/01\/25-768x512.jpg 768w, https:\/\/marcali.plebania.hu\/wp-content\/uploads\/2019\/01\/25-405x270.jpg 405w\" sizes=\"auto, (max-width: 1024px) 100vw, 1024px\" \/><\/figure><\/li><\/ul>\n","protected":false},"excerpt":{"rendered":"<p>2019. janu\u00e1r 27-\u00e9n, vas\u00e1rnap este 17 \u00f3rakor tartott\u00e1k az \u00f6kumenikus imah\u00e9t z\u00e1r\u00f3 rendezv\u00e9ny\u00e9t a marcali reform\u00e1tus-evang\u00e9likus templomban. A Krisztus-h\u00edv\u0151k egys\u00e9g\u00e9\u00e9rt szervezett istentiszteletet Fazekas Kriszti\u00e1n reform\u00e1tus lelkip\u00e1sztor vezette, ig\u00e9t Kiss Iv\u00e1n c. pr\u00e9post, esperes-pl\u00e9b\u00e1nos hirdetett, melyre a helyi gy\u00fclekezet tagjain k\u00edv\u00fcl elj\u00f6ttek a katolikus h\u00edvek is. Az idei imah\u00e9t Bibli\u00e1b\u00f3l vett jelmondata: \u201eAz igazs\u00e1gra \u00e9s csakis az igazs\u00e1gra t\u00f6rekedj\u2026\u201d (MT\u00f6rv\/5M\u00f3z 16,18-20) volt. Iv\u00e1n atya besz\u00e9d\u00e9ben az igazs\u00e1g keres\u00e9sr\u0151l besz\u00e9lt, a 100 \u00e9vvel ezel\u0151tt elhunyt Ady Endre k\u00f6lt\u0151 istenkeres\u00e9s\u00e9n kereszt\u00fcl Kalkuttai Ter\u00e9z&#8230;<\/p>\n<p class=\"read-more\"><a class=\"btn btn-default\" href=\"https:\/\/marcali.plebania.hu\/?p=600\"> Read More<span class=\"screen-reader-text\">  Read More<\/span><\/a><\/p>\n","protected":false},"author":2,"featured_media":0,"comment_status":"closed","ping_status":"open","sticky":false,"template":"","format":"standard","meta":{"footnotes":""},"categories":[1],"tags":[],"class_list":["post-600","post","type-post","status-publish","format-standard","hentry","category-egyeb"],"_links":{"self":[{"href":"https:\/\/marcali.plebania.hu\/index.php?rest_route=\/wp\/v2\/posts\/600","targetHints":{"allow":["GET"]}}],"collection":[{"href":"https:\/\/marcali.plebania.hu\/index.php?rest_route=\/wp\/v2\/posts"}],"about":[{"href":"https:\/\/marcali.plebania.hu\/index.php?rest_route=\/wp\/v2\/types\/post"}],"author":[{"embeddable":true,"href":"https:\/\/marcali.plebania.hu\/index.php?rest_route=\/wp\/v2\/users\/2"}],"replies":[{"embeddable":true,"href":"https:\/\/marcali.plebania.hu\/index.php?rest_route=%2Fwp%2Fv2%2Fcomments&post=600"}],"version-history":[{"count":1,"href":"https:\/\/marcali.plebania.hu\/index.php?rest_route=\/wp\/v2\/posts\/600\/revisions"}],"predecessor-version":[{"id":617,"href":"https:\/\/marcali.plebania.hu\/index.php?rest_route=\/wp\/v2\/posts\/600\/revisions\/617"}],"wp:attachment":[{"href":"https:\/\/marcali.plebania.hu\/index.php?rest_route=%2Fwp%2Fv2%2Fmedia&parent=600"}],"wp:term":[{"taxonomy":"category","embeddable":true,"href":"https:\/\/marcali.plebania.hu\/index.php?rest_route=%2Fwp%2Fv2%2Fcategories&post=600"},{"taxonomy":"post_tag","embeddable":true,"href":"https:\/\/marcali.plebania.hu\/index.php?rest_route=%2Fwp%2Fv2%2Ftags&post=600"}],"curies":[{"name":"wp","href":"https:\/\/api.w.org\/{rel}","templated":true}]}}