{"id":6007,"date":"2024-08-06T07:01:58","date_gmt":"2024-08-06T07:01:58","guid":{"rendered":"https:\/\/marcali.plebania.hu\/?p=6007"},"modified":"2024-08-06T07:01:58","modified_gmt":"2024-08-06T07:01:58","slug":"hirdetesek-2024-augusztus-4-en","status":"publish","type":"post","link":"https:\/\/marcali.plebania.hu\/?p=6007","title":{"rendered":"Hirdet\u00e9sek 2024. augusztus 4-\u00e9n"},"content":{"rendered":"\n<p><strong><a href=\"https:\/\/igenaptar.katolikus.hu\/2024\/nap\/index.php?holnap=2024-08-04\" target=\"_blank\" rel=\"noreferrer noopener\"><u>\u00c9vk\u00f6zi 18. vas\u00e1rnap<\/u><\/a><\/strong><strong><\/strong><\/p>\n\n\n\n<ol class=\"wp-block-list\" start=\"1\">\n<li>Kedden, Urunk sz\u00ednev\u00e1ltoz\u00e1s\u00e1nak \u00fcnnep\u00e9n nem a pl\u00e9b\u00e1niatemplomban, hanem <strong>Cs\u00e1k\u00e1nyban<\/strong>, a Fazenda k\u00f6z\u00f6ss\u00e9gn\u00e9l \u00fcnnepl\u00fcnk <strong>szentmis\u00e9<\/strong>t. Aki szeretne csatlakozni, 17:30-ra j\u00f6jj\u00f6n a templom el\u0151tti parkol\u00f3ba.<\/li>\n\n\n\n<li>P\u00e9nteken 11 \u00f3r\u00e1t\u00f3l kezd\u0151d\u0151en pakolunk vissza b\u00fatorokat \u00e9s k\u00f6nyveket a fel\u00faj\u00edtott pl\u00e9b\u00e1nia\u00e9p\u00fcletbe. K\u00e9rj\u00fck, aki tud seg\u00edteni a pakol\u00e1sban p\u00e9nteken 11 \u00f3r\u00e1t\u00f3l kezd\u0151d\u0151en b\u00e1rmikor, j\u00f6jj\u00f6n az X-h\u00e1zhoz. A h\u00e9t kor\u00e1bbi napjain pedig az iroda \u00e9s a k\u00f6z\u00f6ss\u00e9gi terek takar\u00edt\u00e1s\u00e1ban k\u00e9r\u00fcnk seg\u00edts\u00e9get. Aki ebben tud seg\u00edteni, k\u00e9rj\u00fck, jelezze ezt Rit\u00e1nak a sekresty\u00e9ben. K\u00f6sz\u00f6n\u00fcnk el\u0151re is minden seg\u00edts\u00e9get.<\/li>\n\n\n\n<li>P\u00e9nteken 22 \u00f3rakor <strong>r\u00f3zsaf\u00fcz\u00e9r<\/strong>t im\u00e1dkozunk a b\u00e9k\u00e9\u00e9rt a pl\u00e9b\u00e1niatemplomban, melyre szeretettel h\u00edvunk mindenkit.<\/li>\n\n\n\n<li>A <strong>K\u00c9SZ<\/strong> Marcali Csoportja szeptember 21-\u00e9n <strong>zar\u00e1ndoklat<\/strong>ot szervez Bonyh\u00e1d &#8211; Grab\u00f3c &#8211; B\u00e1tasz\u00e9k &#8211; B\u00e1ta &#8211; Szeksz\u00e1rd &#8211; Domb\u00f3v\u00e1r szakr\u00e1lis \u00e9rt\u00e9keinek megtekint\u00e9s\u00e9re. A zar\u00e1ndoklatra b\u00e1rki jelentkezhet, az \u00fatik\u00f6lts\u00e9g: 8.000- Ft\/f\u0151, a K\u00c9SZ tagoknak 5000 Ft. Jelentkezni S\u00e1voly Andre\u00e1n\u00e1l \u00e9s Kiss K\u00e1lm\u00e1nn\u00e1l lehet.<\/li>\n<\/ol>\n","protected":false},"excerpt":{"rendered":"<p>\u00c9vk\u00f6zi 18. vas\u00e1rnap<\/p>\n","protected":false},"author":2,"featured_media":0,"comment_status":"closed","ping_status":"open","sticky":false,"template":"","format":"standard","meta":{"footnotes":""},"categories":[1],"tags":[],"class_list":["post-6007","post","type-post","status-publish","format-standard","hentry","category-egyeb"],"_links":{"self":[{"href":"https:\/\/marcali.plebania.hu\/index.php?rest_route=\/wp\/v2\/posts\/6007","targetHints":{"allow":["GET"]}}],"collection":[{"href":"https:\/\/marcali.plebania.hu\/index.php?rest_route=\/wp\/v2\/posts"}],"about":[{"href":"https:\/\/marcali.plebania.hu\/index.php?rest_route=\/wp\/v2\/types\/post"}],"author":[{"embeddable":true,"href":"https:\/\/marcali.plebania.hu\/index.php?rest_route=\/wp\/v2\/users\/2"}],"replies":[{"embeddable":true,"href":"https:\/\/marcali.plebania.hu\/index.php?rest_route=%2Fwp%2Fv2%2Fcomments&post=6007"}],"version-history":[{"count":1,"href":"https:\/\/marcali.plebania.hu\/index.php?rest_route=\/wp\/v2\/posts\/6007\/revisions"}],"predecessor-version":[{"id":6008,"href":"https:\/\/marcali.plebania.hu\/index.php?rest_route=\/wp\/v2\/posts\/6007\/revisions\/6008"}],"wp:attachment":[{"href":"https:\/\/marcali.plebania.hu\/index.php?rest_route=%2Fwp%2Fv2%2Fmedia&parent=6007"}],"wp:term":[{"taxonomy":"category","embeddable":true,"href":"https:\/\/marcali.plebania.hu\/index.php?rest_route=%2Fwp%2Fv2%2Fcategories&post=6007"},{"taxonomy":"post_tag","embeddable":true,"href":"https:\/\/marcali.plebania.hu\/index.php?rest_route=%2Fwp%2Fv2%2Ftags&post=6007"}],"curies":[{"name":"wp","href":"https:\/\/api.w.org\/{rel}","templated":true}]}}