{"id":6009,"date":"2024-08-13T13:48:40","date_gmt":"2024-08-13T13:48:40","guid":{"rendered":"https:\/\/marcali.plebania.hu\/?p=6009"},"modified":"2024-08-13T13:48:40","modified_gmt":"2024-08-13T13:48:40","slug":"hirdetesek-2024-augusztus-11-en","status":"publish","type":"post","link":"https:\/\/marcali.plebania.hu\/?p=6009","title":{"rendered":"Hirdet\u00e9sek 2024. augusztus 11-\u00e9n"},"content":{"rendered":"\n<p><strong><a href=\"https:\/\/igenaptar.katolikus.hu\/2024\/nap\/index.php?holnap=2024-08-11\" target=\"_blank\" rel=\"noreferrer noopener\"><u>\u00c9vk\u00f6zi 19. vas\u00e1rnap<\/u><\/a><\/strong><strong><\/strong><\/p>\n\n\n\n<ol class=\"wp-block-list\" start=\"1\">\n<li>H\u00e1l\u00e1san <strong>k\u00f6sz\u00f6nj\u00fck a<\/strong> k\u00f6lt\u00f6z\u00e9sben \u00e9s a pl\u00e9b\u00e1nia\u00e9p\u00fclet takar\u00edt\u00e1s\u00e1ban ny\u00fajtott <strong>seg\u00edts\u00e9get<\/strong>.<\/li>\n\n\n\n<li>Az <strong>iroda<\/strong> tov\u00e1bbra is a D\u00f3zsa Gy. utc\u00e1ban m\u0171k\u00f6dik.<\/li>\n\n\n\n<li>A <strong>Fatimai ima\u00f3ra<\/strong> kedden 17 \u00f3rakor kezd\u0151dik a pl\u00e9b\u00e1niatemplomban.<\/li>\n\n\n\n<li>A <strong>F\u00e9rfi-k\u00f6r<\/strong> k\u00f6vetkez\u0151 tal\u00e1lkoz\u00f3ja szerd\u00e1n 18 \u00f3rakor kezd\u0151dik az X-h\u00e1zban.<\/li>\n\n\n\n<li>Cs\u00fct\u00f6rt\u00f6k\u00f6n (aug. 15-\u00e9n) \u00fcnnepelj\u00fck Sz\u0171z M\u00e1ria mennybev\u00e9tel\u00e9t. <strong>Nagyboldogasszony \u00fcnnepe<\/strong> a vas\u00e1rnappal egyenrang\u00fa, parancsolt \u00fcnnep\u00fcnk: 18 \u00f3rakor lesz szentmise a pl\u00e9b\u00e1niatemplomban. A szerda esti mise is m\u00e1r az \u00fcnnephez tartozik.<\/li>\n\n\n\n<li>P\u00e9nteken 22 \u00f3rakor <strong>r\u00f3zsaf\u00fcz\u00e9r<\/strong>t im\u00e1dkozunk a b\u00e9k\u00e9\u00e9rt a pl\u00e9b\u00e1niatemplomban, melyre szeretettel h\u00edvunk mindenkit.<\/li>\n\n\n\n<li>A <strong>K\u00c9SZ<\/strong> Marcali Csoportja szeptember 21-\u00e9n <strong>zar\u00e1ndoklat<\/strong>ot szervez Bonyh\u00e1d &#8211; Grab\u00f3c &#8211; B\u00e1tasz\u00e9k &#8211; B\u00e1ta &#8211; Szeksz\u00e1rd &#8211; Domb\u00f3v\u00e1r szakr\u00e1lis \u00e9rt\u00e9keinek megtekint\u00e9s\u00e9re. Jelentkezni S\u00e1voly Andre\u00e1n\u00e1l \u00e9s Kiss K\u00e1lm\u00e1nn\u00e1l lehet.<\/li>\n<\/ol>\n","protected":false},"excerpt":{"rendered":"<p>\u00c9vk\u00f6zi 19. vas\u00e1rnap<\/p>\n","protected":false},"author":2,"featured_media":0,"comment_status":"closed","ping_status":"open","sticky":false,"template":"","format":"standard","meta":{"footnotes":""},"categories":[1],"tags":[],"class_list":["post-6009","post","type-post","status-publish","format-standard","hentry","category-egyeb"],"_links":{"self":[{"href":"https:\/\/marcali.plebania.hu\/index.php?rest_route=\/wp\/v2\/posts\/6009","targetHints":{"allow":["GET"]}}],"collection":[{"href":"https:\/\/marcali.plebania.hu\/index.php?rest_route=\/wp\/v2\/posts"}],"about":[{"href":"https:\/\/marcali.plebania.hu\/index.php?rest_route=\/wp\/v2\/types\/post"}],"author":[{"embeddable":true,"href":"https:\/\/marcali.plebania.hu\/index.php?rest_route=\/wp\/v2\/users\/2"}],"replies":[{"embeddable":true,"href":"https:\/\/marcali.plebania.hu\/index.php?rest_route=%2Fwp%2Fv2%2Fcomments&post=6009"}],"version-history":[{"count":1,"href":"https:\/\/marcali.plebania.hu\/index.php?rest_route=\/wp\/v2\/posts\/6009\/revisions"}],"predecessor-version":[{"id":6010,"href":"https:\/\/marcali.plebania.hu\/index.php?rest_route=\/wp\/v2\/posts\/6009\/revisions\/6010"}],"wp:attachment":[{"href":"https:\/\/marcali.plebania.hu\/index.php?rest_route=%2Fwp%2Fv2%2Fmedia&parent=6009"}],"wp:term":[{"taxonomy":"category","embeddable":true,"href":"https:\/\/marcali.plebania.hu\/index.php?rest_route=%2Fwp%2Fv2%2Fcategories&post=6009"},{"taxonomy":"post_tag","embeddable":true,"href":"https:\/\/marcali.plebania.hu\/index.php?rest_route=%2Fwp%2Fv2%2Ftags&post=6009"}],"curies":[{"name":"wp","href":"https:\/\/api.w.org\/{rel}","templated":true}]}}