{"id":6012,"date":"2024-08-23T07:22:32","date_gmt":"2024-08-23T07:22:32","guid":{"rendered":"https:\/\/marcali.plebania.hu\/?p=6012"},"modified":"2024-08-30T07:50:14","modified_gmt":"2024-08-30T07:50:14","slug":"hirdetesek-2024-augusztus-18-an","status":"publish","type":"post","link":"https:\/\/marcali.plebania.hu\/?p=6012","title":{"rendered":"Hirdet\u00e9sek 2024. augusztus 18-\u00e1n"},"content":{"rendered":"\n<p><strong><a href=\"https:\/\/igenaptar.katolikus.hu\/2024\/nap\/index.php?holnap=2024-08-18\" target=\"_blank\" rel=\"noreferrer noopener\"><u>\u00c9vk\u00f6zi 20. vas\u00e1rnap<\/u><\/a><\/strong><\/p>\n\n\n\n<ol class=\"wp-block-list\" start=\"1\">\n<li>Kedden, Szent Istv\u00e1n kir\u00e1ly, Magyarorsz\u00e1g f\u0151v\u00e9d\u0151szentj\u00e9nek \u00fcnnep\u00e9n 9 \u00f3rakor kezd\u0151dik a szentmise a pl\u00e9b\u00e1niatemplomban. A szentmise v\u00e9g\u00e9n Isten \u00e1ld\u00e1s\u00e1t k\u00e9rj\u00fck a keny\u00e9rre, munk\u00e1nkra, \u00e9let\u00fcnkre.<\/li>\n\n\n\n<li>Szerd\u00e1t\u00f3l p\u00e9ntekig <strong>igeliturgia<\/strong> lesz a templomban a szentmise idej\u00e9n.<\/li>\n\n\n\n<li>Cs\u00fct\u00f6rt\u00f6kt\u0151l az <strong>iroda<\/strong> \u00fajra a templom melletti pl\u00e9b\u00e1nia\u00e9p\u00fcletben kereshet\u0151 fel.<\/li>\n\n\n\n<li>P\u00e9nteken 22 \u00f3rakor <strong>r\u00f3zsaf\u00fcz\u00e9r<\/strong>t im\u00e1dkozunk a b\u00e9k\u00e9\u00e9rt a pl\u00e9b\u00e1niatemplomban, melyre szeretettel h\u00edvunk mindenkit.<\/li>\n<\/ol>\n\n\n\n<p><\/p>\n","protected":false},"excerpt":{"rendered":"<p>\u00c9vk\u00f6zi 20. vas\u00e1rnap<\/p>\n","protected":false},"author":2,"featured_media":0,"comment_status":"closed","ping_status":"open","sticky":false,"template":"","format":"standard","meta":{"footnotes":""},"categories":[1],"tags":[],"class_list":["post-6012","post","type-post","status-publish","format-standard","hentry","category-egyeb"],"_links":{"self":[{"href":"https:\/\/marcali.plebania.hu\/index.php?rest_route=\/wp\/v2\/posts\/6012","targetHints":{"allow":["GET"]}}],"collection":[{"href":"https:\/\/marcali.plebania.hu\/index.php?rest_route=\/wp\/v2\/posts"}],"about":[{"href":"https:\/\/marcali.plebania.hu\/index.php?rest_route=\/wp\/v2\/types\/post"}],"author":[{"embeddable":true,"href":"https:\/\/marcali.plebania.hu\/index.php?rest_route=\/wp\/v2\/users\/2"}],"replies":[{"embeddable":true,"href":"https:\/\/marcali.plebania.hu\/index.php?rest_route=%2Fwp%2Fv2%2Fcomments&post=6012"}],"version-history":[{"count":2,"href":"https:\/\/marcali.plebania.hu\/index.php?rest_route=\/wp\/v2\/posts\/6012\/revisions"}],"predecessor-version":[{"id":6017,"href":"https:\/\/marcali.plebania.hu\/index.php?rest_route=\/wp\/v2\/posts\/6012\/revisions\/6017"}],"wp:attachment":[{"href":"https:\/\/marcali.plebania.hu\/index.php?rest_route=%2Fwp%2Fv2%2Fmedia&parent=6012"}],"wp:term":[{"taxonomy":"category","embeddable":true,"href":"https:\/\/marcali.plebania.hu\/index.php?rest_route=%2Fwp%2Fv2%2Fcategories&post=6012"},{"taxonomy":"post_tag","embeddable":true,"href":"https:\/\/marcali.plebania.hu\/index.php?rest_route=%2Fwp%2Fv2%2Ftags&post=6012"}],"curies":[{"name":"wp","href":"https:\/\/api.w.org\/{rel}","templated":true}]}}