{"id":6015,"date":"2024-08-30T07:49:33","date_gmt":"2024-08-30T07:49:33","guid":{"rendered":"https:\/\/marcali.plebania.hu\/?p=6015"},"modified":"2024-08-30T07:49:33","modified_gmt":"2024-08-30T07:49:33","slug":"hirdetesek-2024-augusztus-25-en","status":"publish","type":"post","link":"https:\/\/marcali.plebania.hu\/?p=6015","title":{"rendered":"Hirdet\u00e9sek 2024. augusztus 25-\u00e9n"},"content":{"rendered":"\n<p><strong><br><\/strong><strong><a href=\"https:\/\/igenaptar.katolikus.hu\/2024\/nap\/index.php?holnap=2024-08-25\" target=\"_blank\" rel=\"noreferrer noopener\"><u>\u00c9vk\u00f6zi 21. vas\u00e1rnap<\/u><\/a><\/strong><\/p>\n\n\n\n<ol class=\"wp-block-list\" start=\"1\">\n<li><strong>Irod\u00e1nk<\/strong> \u00fajra a templom melletti pl\u00e9b\u00e1nia\u00e9p\u00fcletben kereshet\u0151 fel a nyitvatart\u00e1si id\u0151ben: minden h\u00e9tk\u00f6znap 10 \u00e9s 12 \u00f3ra k\u00f6zt, valamint h\u00e9tf\u0151t\u0151l cs\u00fct\u00f6rt\u00f6kig 15:30-t\u00f3l 17:30-ig.<\/li>\n\n\n\n<li>Kedden <strong>igeliturgia<\/strong> lesz a templomban a szentmise idej\u00e9n.<\/li>\n\n\n\n<li>A <strong>F\u00e9rfi-k\u00f6r<\/strong> k\u00f6vetkez\u0151 tal\u00e1lkoz\u00f3ja szerd\u00e1n 18:00-kor kezd\u0151dik az X-h\u00e1zban. Szeretettel v\u00e1rjuk a tagokat \u00e9s az \u00e9rdekl\u0151d\u0151ket.<\/li>\n\n\n\n<li>A <strong>feln\u0151tt<\/strong>eknek sz\u00f3l\u00f3 <strong>hittan<\/strong> \u00e9s szents\u00e9gi felk\u00e9sz\u00edt\u0151 cs\u00fct\u00f6rt\u00f6k\u00f6n 18:45-kor kezd\u0151dik a pl\u00e9b\u00e1ni\u00e1n.<br><\/li>\n<\/ol>\n","protected":false},"excerpt":{"rendered":"<p>\u00c9vk\u00f6zi 21. vas\u00e1rnap<\/p>\n","protected":false},"author":1,"featured_media":0,"comment_status":"closed","ping_status":"open","sticky":false,"template":"","format":"standard","meta":{"footnotes":""},"categories":[1],"tags":[],"class_list":["post-6015","post","type-post","status-publish","format-standard","hentry","category-egyeb"],"_links":{"self":[{"href":"https:\/\/marcali.plebania.hu\/index.php?rest_route=\/wp\/v2\/posts\/6015","targetHints":{"allow":["GET"]}}],"collection":[{"href":"https:\/\/marcali.plebania.hu\/index.php?rest_route=\/wp\/v2\/posts"}],"about":[{"href":"https:\/\/marcali.plebania.hu\/index.php?rest_route=\/wp\/v2\/types\/post"}],"author":[{"embeddable":true,"href":"https:\/\/marcali.plebania.hu\/index.php?rest_route=\/wp\/v2\/users\/1"}],"replies":[{"embeddable":true,"href":"https:\/\/marcali.plebania.hu\/index.php?rest_route=%2Fwp%2Fv2%2Fcomments&post=6015"}],"version-history":[{"count":1,"href":"https:\/\/marcali.plebania.hu\/index.php?rest_route=\/wp\/v2\/posts\/6015\/revisions"}],"predecessor-version":[{"id":6016,"href":"https:\/\/marcali.plebania.hu\/index.php?rest_route=\/wp\/v2\/posts\/6015\/revisions\/6016"}],"wp:attachment":[{"href":"https:\/\/marcali.plebania.hu\/index.php?rest_route=%2Fwp%2Fv2%2Fmedia&parent=6015"}],"wp:term":[{"taxonomy":"category","embeddable":true,"href":"https:\/\/marcali.plebania.hu\/index.php?rest_route=%2Fwp%2Fv2%2Fcategories&post=6015"},{"taxonomy":"post_tag","embeddable":true,"href":"https:\/\/marcali.plebania.hu\/index.php?rest_route=%2Fwp%2Fv2%2Ftags&post=6015"}],"curies":[{"name":"wp","href":"https:\/\/api.w.org\/{rel}","templated":true}]}}