{"id":6020,"date":"2024-09-03T12:30:50","date_gmt":"2024-09-03T12:30:50","guid":{"rendered":"https:\/\/marcali.plebania.hu\/?p=6020"},"modified":"2024-09-03T12:30:50","modified_gmt":"2024-09-03T12:30:50","slug":"2024-evi-szent-istvan-napi-unnepi-szentmise-es-kenyermegaldas-marcaliban","status":"publish","type":"post","link":"https:\/\/marcali.plebania.hu\/?p=6020","title":{"rendered":"2024. \u00e9vi Szent Istv\u00e1n-napi \u00fcnnepi szentmise \u00e9s keny\u00e9rmeg\u00e1ld\u00e1s Marcaliban"},"content":{"rendered":"\n<p>2024. augusztus 20-\u00e1n, kedden 9 \u00f3rakor tartott\u00e1k az \u00fcnnepi szentmis\u00e9t \u00e9s keny\u00e9rmeg\u00e1ld\u00e1st Szent Istv\u00e1n kir\u00e1ly \u00e9s az \u00e1llamalap\u00edt\u00e1s alkalm\u00e1b\u00f3l a Gy\u00fcm\u00f6lcsolt\u00f3 Boldogasszony Pl\u00e9b\u00e1niatemplomban.<\/p>\n\n\n\n<figure class=\"wp-block-gallery has-nested-images columns-default is-cropped wp-block-gallery-1 is-layout-flex wp-block-gallery-is-layout-flex\">\n<figure class=\"wp-block-image size-large\"><img loading=\"lazy\" decoding=\"async\" width=\"1024\" height=\"683\" data-id=\"6021\" src=\"https:\/\/marcali.plebania.hu\/wp-content\/uploads\/2024\/09\/01-1024x683.jpg\" alt=\"\" class=\"wp-image-6021\" srcset=\"https:\/\/marcali.plebania.hu\/wp-content\/uploads\/2024\/09\/01-1024x683.jpg 1024w, https:\/\/marcali.plebania.hu\/wp-content\/uploads\/2024\/09\/01-300x200.jpg 300w, https:\/\/marcali.plebania.hu\/wp-content\/uploads\/2024\/09\/01-768x512.jpg 768w, https:\/\/marcali.plebania.hu\/wp-content\/uploads\/2024\/09\/01-1536x1024.jpg 1536w, https:\/\/marcali.plebania.hu\/wp-content\/uploads\/2024\/09\/01-2048x1365.jpg 2048w, https:\/\/marcali.plebania.hu\/wp-content\/uploads\/2024\/09\/01-405x270.jpg 405w\" sizes=\"auto, (max-width: 1024px) 100vw, 1024px\" \/><\/figure>\n\n\n\n<figure class=\"wp-block-image size-large\"><img loading=\"lazy\" decoding=\"async\" width=\"1024\" height=\"683\" data-id=\"6023\" src=\"https:\/\/marcali.plebania.hu\/wp-content\/uploads\/2024\/09\/03-1024x683.jpg\" alt=\"\" class=\"wp-image-6023\" srcset=\"https:\/\/marcali.plebania.hu\/wp-content\/uploads\/2024\/09\/03-1024x683.jpg 1024w, https:\/\/marcali.plebania.hu\/wp-content\/uploads\/2024\/09\/03-300x200.jpg 300w, https:\/\/marcali.plebania.hu\/wp-content\/uploads\/2024\/09\/03-768x512.jpg 768w, https:\/\/marcali.plebania.hu\/wp-content\/uploads\/2024\/09\/03-1536x1024.jpg 1536w, https:\/\/marcali.plebania.hu\/wp-content\/uploads\/2024\/09\/03-2048x1365.jpg 2048w, https:\/\/marcali.plebania.hu\/wp-content\/uploads\/2024\/09\/03-405x270.jpg 405w\" sizes=\"auto, (max-width: 1024px) 100vw, 1024px\" \/><\/figure>\n\n\n\n<figure class=\"wp-block-image size-large\"><img loading=\"lazy\" decoding=\"async\" width=\"1024\" height=\"683\" data-id=\"6022\" src=\"https:\/\/marcali.plebania.hu\/wp-content\/uploads\/2024\/09\/04-1024x683.jpg\" alt=\"\" class=\"wp-image-6022\" srcset=\"https:\/\/marcali.plebania.hu\/wp-content\/uploads\/2024\/09\/04-1024x683.jpg 1024w, https:\/\/marcali.plebania.hu\/wp-content\/uploads\/2024\/09\/04-300x200.jpg 300w, https:\/\/marcali.plebania.hu\/wp-content\/uploads\/2024\/09\/04-768x512.jpg 768w, https:\/\/marcali.plebania.hu\/wp-content\/uploads\/2024\/09\/04-1536x1024.jpg 1536w, https:\/\/marcali.plebania.hu\/wp-content\/uploads\/2024\/09\/04-2048x1365.jpg 2048w, https:\/\/marcali.plebania.hu\/wp-content\/uploads\/2024\/09\/04-405x270.jpg 405w\" sizes=\"auto, (max-width: 1024px) 100vw, 1024px\" \/><\/figure>\n\n\n\n<figure class=\"wp-block-image size-large\"><img loading=\"lazy\" decoding=\"async\" width=\"1024\" height=\"683\" data-id=\"6025\" src=\"https:\/\/marcali.plebania.hu\/wp-content\/uploads\/2024\/09\/18-1024x683.jpg\" alt=\"\" class=\"wp-image-6025\" srcset=\"https:\/\/marcali.plebania.hu\/wp-content\/uploads\/2024\/09\/18-1024x683.jpg 1024w, https:\/\/marcali.plebania.hu\/wp-content\/uploads\/2024\/09\/18-300x200.jpg 300w, https:\/\/marcali.plebania.hu\/wp-content\/uploads\/2024\/09\/18-768x512.jpg 768w, https:\/\/marcali.plebania.hu\/wp-content\/uploads\/2024\/09\/18-1536x1024.jpg 1536w, https:\/\/marcali.plebania.hu\/wp-content\/uploads\/2024\/09\/18-2048x1365.jpg 2048w, https:\/\/marcali.plebania.hu\/wp-content\/uploads\/2024\/09\/18-405x270.jpg 405w\" sizes=\"auto, (max-width: 1024px) 100vw, 1024px\" \/><\/figure>\n<\/figure>\n\n\n\n<p>Az istentiszteletet Tomanek Ferenc \u00c1ron pl\u00e9b\u00e1nos celebr\u00e1lta, aki szentbesz\u00e9d\u00e9ben az \u00e1llamalap\u00edt\u00f3 kir\u00e1ly p\u00e9lda\u00e9rt\u00e9k\u0171 hitb\u00e9li \u00e9let\u00e9t, nagys\u00e1g\u00e1t, szem\u00e9lyis\u00e9g\u00e9t, t\u00f6rt\u00e9nelmi szerep\u00e9t m\u00e9ltatta, v\u00e9g\u00fcl meg\u00e1ldotta a kenyereket, \u00e9s dr. S\u00fct\u0151 L\u00e1szl\u00f3, Marcali v\u00e1ros polg\u00e1rmestere pedig megszegte \u00e9s kiosztotta az imak\u00f6ri tagok seg\u00edts\u00e9g\u00e9vel.<\/p>\n\n\n\n<figure class=\"wp-block-gallery has-nested-images columns-default is-cropped wp-block-gallery-2 is-layout-flex wp-block-gallery-is-layout-flex\">\n<figure class=\"wp-block-image size-large\"><img loading=\"lazy\" decoding=\"async\" width=\"1024\" height=\"683\" data-id=\"6027\" src=\"https:\/\/marcali.plebania.hu\/wp-content\/uploads\/2024\/09\/20-1024x683.jpg\" alt=\"\" class=\"wp-image-6027\" srcset=\"https:\/\/marcali.plebania.hu\/wp-content\/uploads\/2024\/09\/20-1024x683.jpg 1024w, https:\/\/marcali.plebania.hu\/wp-content\/uploads\/2024\/09\/20-300x200.jpg 300w, https:\/\/marcali.plebania.hu\/wp-content\/uploads\/2024\/09\/20-768x512.jpg 768w, https:\/\/marcali.plebania.hu\/wp-content\/uploads\/2024\/09\/20-1536x1024.jpg 1536w, https:\/\/marcali.plebania.hu\/wp-content\/uploads\/2024\/09\/20-2048x1365.jpg 2048w, https:\/\/marcali.plebania.hu\/wp-content\/uploads\/2024\/09\/20-405x270.jpg 405w\" sizes=\"auto, (max-width: 1024px) 100vw, 1024px\" \/><\/figure>\n\n\n\n<figure class=\"wp-block-image size-large\"><img loading=\"lazy\" decoding=\"async\" width=\"1024\" height=\"683\" data-id=\"6028\" src=\"https:\/\/marcali.plebania.hu\/wp-content\/uploads\/2024\/09\/22-1024x683.jpg\" alt=\"\" class=\"wp-image-6028\" srcset=\"https:\/\/marcali.plebania.hu\/wp-content\/uploads\/2024\/09\/22-1024x683.jpg 1024w, https:\/\/marcali.plebania.hu\/wp-content\/uploads\/2024\/09\/22-300x200.jpg 300w, https:\/\/marcali.plebania.hu\/wp-content\/uploads\/2024\/09\/22-768x512.jpg 768w, https:\/\/marcali.plebania.hu\/wp-content\/uploads\/2024\/09\/22-1536x1024.jpg 1536w, https:\/\/marcali.plebania.hu\/wp-content\/uploads\/2024\/09\/22-2048x1365.jpg 2048w, https:\/\/marcali.plebania.hu\/wp-content\/uploads\/2024\/09\/22-405x270.jpg 405w\" sizes=\"auto, (max-width: 1024px) 100vw, 1024px\" \/><\/figure>\n\n\n\n<figure class=\"wp-block-image size-large\"><img loading=\"lazy\" decoding=\"async\" width=\"1024\" height=\"683\" data-id=\"6031\" src=\"https:\/\/marcali.plebania.hu\/wp-content\/uploads\/2024\/09\/24-1024x683.jpg\" alt=\"\" class=\"wp-image-6031\" srcset=\"https:\/\/marcali.plebania.hu\/wp-content\/uploads\/2024\/09\/24-1024x683.jpg 1024w, https:\/\/marcali.plebania.hu\/wp-content\/uploads\/2024\/09\/24-300x200.jpg 300w, https:\/\/marcali.plebania.hu\/wp-content\/uploads\/2024\/09\/24-768x512.jpg 768w, https:\/\/marcali.plebania.hu\/wp-content\/uploads\/2024\/09\/24-1536x1024.jpg 1536w, https:\/\/marcali.plebania.hu\/wp-content\/uploads\/2024\/09\/24-2048x1365.jpg 2048w, https:\/\/marcali.plebania.hu\/wp-content\/uploads\/2024\/09\/24-405x270.jpg 405w\" sizes=\"auto, (max-width: 1024px) 100vw, 1024px\" \/><\/figure>\n\n\n\n<figure class=\"wp-block-image size-large\"><img loading=\"lazy\" decoding=\"async\" width=\"1024\" height=\"683\" data-id=\"6030\" src=\"https:\/\/marcali.plebania.hu\/wp-content\/uploads\/2024\/09\/26-1024x683.jpg\" alt=\"\" class=\"wp-image-6030\" srcset=\"https:\/\/marcali.plebania.hu\/wp-content\/uploads\/2024\/09\/26-1024x683.jpg 1024w, https:\/\/marcali.plebania.hu\/wp-content\/uploads\/2024\/09\/26-300x200.jpg 300w, https:\/\/marcali.plebania.hu\/wp-content\/uploads\/2024\/09\/26-768x512.jpg 768w, https:\/\/marcali.plebania.hu\/wp-content\/uploads\/2024\/09\/26-1536x1024.jpg 1536w, https:\/\/marcali.plebania.hu\/wp-content\/uploads\/2024\/09\/26-2048x1365.jpg 2048w, https:\/\/marcali.plebania.hu\/wp-content\/uploads\/2024\/09\/26-405x270.jpg 405w\" sizes=\"auto, (max-width: 1024px) 100vw, 1024px\" \/><\/figure>\n<\/figure>\n\n\n\n<p>Az istentiszteleten Balogh B\u00e1lint k\u00e1ntor \u00e9s a F\u00e9ny Gyermekei Katolikus Zenekar m\u0171k\u00f6d\u00f6tt k\u00f6zre.<\/p>\n\n\n\n<p>A kenyerekhez a b\u00faz\u00e1t a K\u00e9thelyi Gazdak\u00f6r\u00f6k adt\u00e1k, melyeket a Tak\u00e1cs S\u00fct\u00f6de s\u00fct\u00f6tte ki az \u00fcnnepre. K\u00f6sz\u00f6net \u00e9rte Mindenkinek!<\/p>\n\n\n\n<p>\u00cdrta \u00e9s fot\u00f3k: Kiss K\u00e1lm\u00e1n<\/p>\n","protected":false},"excerpt":{"rendered":"<p>2024. augusztus 20-\u00e1n, kedden 9 \u00f3rakor tartott\u00e1k az \u00fcnnepi szentmis\u00e9t \u00e9s keny\u00e9rmeg\u00e1ld\u00e1st Szent Istv\u00e1n kir\u00e1ly \u00e9s az \u00e1llamalap\u00edt\u00e1s alkalm\u00e1b\u00f3l a Gy\u00fcm\u00f6lcsolt\u00f3 Boldogasszony Pl\u00e9b\u00e1niatemplomban. Az istentiszteletet Tomanek Ferenc \u00c1ron pl\u00e9b\u00e1nos celebr\u00e1lta, aki szentbesz\u00e9d\u00e9ben az \u00e1llamalap\u00edt\u00f3 kir\u00e1ly p\u00e9lda\u00e9rt\u00e9k\u0171 hitb\u00e9li \u00e9let\u00e9t, nagys\u00e1g\u00e1t, szem\u00e9lyis\u00e9g\u00e9t, t\u00f6rt\u00e9nelmi szerep\u00e9t m\u00e9ltatta, v\u00e9g\u00fcl meg\u00e1ldotta a kenyereket, \u00e9s dr. S\u00fct\u0151 L\u00e1szl\u00f3, Marcali v\u00e1ros polg\u00e1rmestere pedig megszegte \u00e9s kiosztotta az imak\u00f6ri tagok seg\u00edts\u00e9g\u00e9vel. Az istentiszteleten Balogh B\u00e1lint k\u00e1ntor \u00e9s a F\u00e9ny Gyermekei Katolikus Zenekar m\u0171k\u00f6d\u00f6tt k\u00f6zre. A kenyerekhez a b\u00faz\u00e1t a&#8230;<\/p>\n<p class=\"read-more\"><a class=\"btn btn-default\" href=\"https:\/\/marcali.plebania.hu\/?p=6020\"> Read More<span class=\"screen-reader-text\">  Read More<\/span><\/a><\/p>\n","protected":false},"author":2,"featured_media":0,"comment_status":"closed","ping_status":"open","sticky":false,"template":"","format":"standard","meta":{"footnotes":""},"categories":[1],"tags":[],"class_list":["post-6020","post","type-post","status-publish","format-standard","hentry","category-egyeb"],"_links":{"self":[{"href":"https:\/\/marcali.plebania.hu\/index.php?rest_route=\/wp\/v2\/posts\/6020","targetHints":{"allow":["GET"]}}],"collection":[{"href":"https:\/\/marcali.plebania.hu\/index.php?rest_route=\/wp\/v2\/posts"}],"about":[{"href":"https:\/\/marcali.plebania.hu\/index.php?rest_route=\/wp\/v2\/types\/post"}],"author":[{"embeddable":true,"href":"https:\/\/marcali.plebania.hu\/index.php?rest_route=\/wp\/v2\/users\/2"}],"replies":[{"embeddable":true,"href":"https:\/\/marcali.plebania.hu\/index.php?rest_route=%2Fwp%2Fv2%2Fcomments&post=6020"}],"version-history":[{"count":1,"href":"https:\/\/marcali.plebania.hu\/index.php?rest_route=\/wp\/v2\/posts\/6020\/revisions"}],"predecessor-version":[{"id":6032,"href":"https:\/\/marcali.plebania.hu\/index.php?rest_route=\/wp\/v2\/posts\/6020\/revisions\/6032"}],"wp:attachment":[{"href":"https:\/\/marcali.plebania.hu\/index.php?rest_route=%2Fwp%2Fv2%2Fmedia&parent=6020"}],"wp:term":[{"taxonomy":"category","embeddable":true,"href":"https:\/\/marcali.plebania.hu\/index.php?rest_route=%2Fwp%2Fv2%2Fcategories&post=6020"},{"taxonomy":"post_tag","embeddable":true,"href":"https:\/\/marcali.plebania.hu\/index.php?rest_route=%2Fwp%2Fv2%2Ftags&post=6020"}],"curies":[{"name":"wp","href":"https:\/\/api.w.org\/{rel}","templated":true}]}}