{"id":6033,"date":"2024-09-03T12:32:28","date_gmt":"2024-09-03T12:32:28","guid":{"rendered":"https:\/\/marcali.plebania.hu\/?p=6033"},"modified":"2024-09-03T12:32:28","modified_gmt":"2024-09-03T12:32:28","slug":"hirdetesek-2024-szeptember-1-jen","status":"publish","type":"post","link":"https:\/\/marcali.plebania.hu\/?p=6033","title":{"rendered":"Hirdet\u00e9sek 2024. szeptember 1-j\u00e9n"},"content":{"rendered":"\n<p><strong><a href=\"https:\/\/igenaptar.katolikus.hu\/2024\/nap\/index.php?holnap=2024-09-01\" target=\"_blank\" rel=\"noreferrer noopener\"><u>\u00c9vk\u00f6zi 22. vas\u00e1rnap<\/u><\/a><\/strong><strong><\/strong><\/p>\n\n\n\n<ol class=\"wp-block-list\" start=\"1\">\n<li><strong>Irod\u00e1nk<\/strong> a templom melletti pl\u00e9b\u00e1nia\u00e9p\u00fcletben kereshet\u0151 fel a nyitvatart\u00e1si id\u0151ben: minden h\u00e9tk\u00f6znap 10 \u00e9s 12 \u00f3ra k\u00f6zt, valamint h\u00e9tf\u0151t\u0151l cs\u00fct\u00f6rt\u00f6kig 15:30-t\u00f3l 17:30-ig.<\/li>\n\n\n\n<li>Minden h\u00f3nap <strong>els\u0151 p\u00e9ntek<\/strong>\u00e9n megl\u00e1togatjuk otthonukban az id\u0151seket \u00e9s betegeket, akik nem tudnak elj\u00f6nni a templomba. Ez lehet\u0151s\u00e9g sz\u00e1mukra a szentgy\u00f3n\u00e1s elv\u00e9gz\u00e9s\u00e9re \u00e9s az \u00e1ldoz\u00e1sra is. Aki szeretne \u00e9lni a lehet\u0151s\u00e9ggel, de m\u00e9g nem jelentkezett, az irod\u00e1n b\u00e1rmikor megteheti.<\/li>\n\n\n\n<li>Az <strong>els\u0151 szombati ima\u00f3ra<\/strong> szombaton 17 \u00f3rakor kezd\u0151dik a templomban.<\/li>\n\n\n\n<li>J\u00f6v\u0151 vas\u00e1rnap a 9 \u00f3rai Veni Sancte <strong>tan\u00e9vkezd\u0151 szentmis\u00e9<\/strong>ben k\u00e9rj\u00fck a Szentl\u00e9lek seg\u00edts\u00e9g\u00e9t az \u00faj tan\u00e9vre \u00e9s ennek r\u00e9szek\u00e9nt meg\u00e1ldjuk az iskolat\u00e1sk\u00e1kat. Szeretettel h\u00edvjuk a di\u00e1kokat (iskolat\u00e1sk\u00e1jukkal egy\u00fctt), a sz\u00fcl\u0151ket, a tan\u00e1rokat \u00e9s k\u00f6z\u00f6ss\u00e9g\u00fcnk minden tagj\u00e1t.<\/li>\n\n\n\n<li>A <strong>k\u00e9pvisel\u0151-test\u00fclet<\/strong> tan\u00e9vkezd\u0151 \u00fcl\u00e9se szeptember 10-\u00e9n 18:45-kor kezd\u0151dik a pl\u00e9b\u00e1ni\u00e1n.<\/li>\n\n\n\n<li>J\u00f6v\u0151 vas\u00e1rnap lesz az <strong>andocsi<\/strong> ifj\u00fas\u00e1gi zar\u00e1ndoklat, 15:00-kor mutat be p\u00fcsp\u00f6k atya <strong>b\u00facs\u00fa<\/strong>i szentmis\u00e9t.<\/li>\n<\/ol>\n","protected":false},"excerpt":{"rendered":"<p>\u00c9vk\u00f6zi 22. vas\u00e1rnap<\/p>\n","protected":false},"author":2,"featured_media":0,"comment_status":"closed","ping_status":"open","sticky":false,"template":"","format":"standard","meta":{"footnotes":""},"categories":[1],"tags":[],"class_list":["post-6033","post","type-post","status-publish","format-standard","hentry","category-egyeb"],"_links":{"self":[{"href":"https:\/\/marcali.plebania.hu\/index.php?rest_route=\/wp\/v2\/posts\/6033","targetHints":{"allow":["GET"]}}],"collection":[{"href":"https:\/\/marcali.plebania.hu\/index.php?rest_route=\/wp\/v2\/posts"}],"about":[{"href":"https:\/\/marcali.plebania.hu\/index.php?rest_route=\/wp\/v2\/types\/post"}],"author":[{"embeddable":true,"href":"https:\/\/marcali.plebania.hu\/index.php?rest_route=\/wp\/v2\/users\/2"}],"replies":[{"embeddable":true,"href":"https:\/\/marcali.plebania.hu\/index.php?rest_route=%2Fwp%2Fv2%2Fcomments&post=6033"}],"version-history":[{"count":1,"href":"https:\/\/marcali.plebania.hu\/index.php?rest_route=\/wp\/v2\/posts\/6033\/revisions"}],"predecessor-version":[{"id":6034,"href":"https:\/\/marcali.plebania.hu\/index.php?rest_route=\/wp\/v2\/posts\/6033\/revisions\/6034"}],"wp:attachment":[{"href":"https:\/\/marcali.plebania.hu\/index.php?rest_route=%2Fwp%2Fv2%2Fmedia&parent=6033"}],"wp:term":[{"taxonomy":"category","embeddable":true,"href":"https:\/\/marcali.plebania.hu\/index.php?rest_route=%2Fwp%2Fv2%2Fcategories&post=6033"},{"taxonomy":"post_tag","embeddable":true,"href":"https:\/\/marcali.plebania.hu\/index.php?rest_route=%2Fwp%2Fv2%2Ftags&post=6033"}],"curies":[{"name":"wp","href":"https:\/\/api.w.org\/{rel}","templated":true}]}}