{"id":6036,"date":"2024-09-09T13:19:50","date_gmt":"2024-09-09T13:19:50","guid":{"rendered":"https:\/\/marcali.plebania.hu\/?p=6036"},"modified":"2024-09-09T13:19:50","modified_gmt":"2024-09-09T13:19:50","slug":"hirdetesek-2024-szeptember-8-an","status":"publish","type":"post","link":"https:\/\/marcali.plebania.hu\/?p=6036","title":{"rendered":"Hirdet\u00e9sek 2024. szeptember 8-\u00e1n"},"content":{"rendered":"\n<p><strong><a href=\"https:\/\/igenaptar.katolikus.hu\/2024\/nap\/index.php?holnap=2024-09-08\" target=\"_blank\" rel=\"noreferrer noopener\"><u>\u00c9vk\u00f6zi 23. vas\u00e1rnap<\/u><\/a><\/strong><strong><\/strong><\/p>\n\n\n\n<ol class=\"wp-block-list\" start=\"1\">\n<li>A 9 \u00f3rai Veni Sancte <strong>tan\u00e9vkezd\u0151 szentmis\u00e9<\/strong>ben k\u00e9rj\u00fck a Szentl\u00e9lek seg\u00edts\u00e9g\u00e9t az \u00faj tan\u00e9vre \u00e9s ennek r\u00e9szek\u00e9nt meg\u00e1ldjuk az iskolat\u00e1sk\u00e1kat. Szeretettel h\u00edvjuk a di\u00e1kokat (iskolat\u00e1sk\u00e1jukkal egy\u00fctt), a sz\u00fcl\u0151ket, a tan\u00e1rokat \u00e9s k\u00f6z\u00f6ss\u00e9g\u00fcnk minden tagj\u00e1t.<\/li>\n\n\n\n<li>A <strong>k\u00e9pvisel\u0151-test\u00fclet<\/strong> tan\u00e9vkezd\u0151 \u00fcl\u00e9se szeptember 10-\u00e9n 18:45-kor kezd\u0151dik a pl\u00e9b\u00e1ni\u00e1n.<\/li>\n\n\n\n<li>A <strong>b\u00e9rm\u00e1l\u00e1s<\/strong>ra jelentkez\u0151 nyolcadik oszt\u00e1lyos tanul\u00f3k sz\u00fcleit szerd\u00e1n 16:30-ra v\u00e1rjuk az X-h\u00e1zba <strong>sz\u00fcl\u0151i \u00e9rtekezlet<\/strong>re.<\/li>\n\n\n\n<li>A <strong>F\u00e9rfi-k\u00f6r<\/strong> k\u00f6vetkez\u0151 tal\u00e1lkoz\u00f3ja szerd\u00e1n 18:00-kor kezd\u0151dik a pl\u00e9b\u00e1ni\u00e1n. Szeretettel v\u00e1rjuk a tagokat \u00e9s az \u00e9rdekl\u0151d\u0151ket.<\/li>\n\n\n\n<li>A <strong>fatimai ima\u00f3ra<\/strong> p\u00e9nteken 17:00-kor kezd\u0151dik a templomban.<\/li>\n\n\n\n<li>J\u00f6v\u0151 h\u00e9tt\u0151l kezdve a p\u00e9nteki, szentmise el\u0151tti <strong>gy\u00f3n\u00e1si lehet\u0151s\u00e9g<\/strong>en t\u00fal vas\u00e1rnaponk\u00e9nt 8:20 \u00e9s 8:40 k\u00f6z\u00f6tt is lesz lehet\u0151s\u00e9g r\u00e9szes\u00fclni a kiengesztel\u0151d\u00e9s szents\u00e9g\u00e9ben. Ha valakinek egyik id\u0151pont sem felel meg, szem\u00e9lyesen is egyeztethet id\u0151pontot.<\/li>\n<\/ol>\n","protected":false},"excerpt":{"rendered":"<p>\u00c9vk\u00f6zi 23. vas\u00e1rnap<\/p>\n","protected":false},"author":2,"featured_media":0,"comment_status":"closed","ping_status":"open","sticky":false,"template":"","format":"standard","meta":{"footnotes":""},"categories":[1],"tags":[],"class_list":["post-6036","post","type-post","status-publish","format-standard","hentry","category-egyeb"],"_links":{"self":[{"href":"https:\/\/marcali.plebania.hu\/index.php?rest_route=\/wp\/v2\/posts\/6036","targetHints":{"allow":["GET"]}}],"collection":[{"href":"https:\/\/marcali.plebania.hu\/index.php?rest_route=\/wp\/v2\/posts"}],"about":[{"href":"https:\/\/marcali.plebania.hu\/index.php?rest_route=\/wp\/v2\/types\/post"}],"author":[{"embeddable":true,"href":"https:\/\/marcali.plebania.hu\/index.php?rest_route=\/wp\/v2\/users\/2"}],"replies":[{"embeddable":true,"href":"https:\/\/marcali.plebania.hu\/index.php?rest_route=%2Fwp%2Fv2%2Fcomments&post=6036"}],"version-history":[{"count":1,"href":"https:\/\/marcali.plebania.hu\/index.php?rest_route=\/wp\/v2\/posts\/6036\/revisions"}],"predecessor-version":[{"id":6037,"href":"https:\/\/marcali.plebania.hu\/index.php?rest_route=\/wp\/v2\/posts\/6036\/revisions\/6037"}],"wp:attachment":[{"href":"https:\/\/marcali.plebania.hu\/index.php?rest_route=%2Fwp%2Fv2%2Fmedia&parent=6036"}],"wp:term":[{"taxonomy":"category","embeddable":true,"href":"https:\/\/marcali.plebania.hu\/index.php?rest_route=%2Fwp%2Fv2%2Fcategories&post=6036"},{"taxonomy":"post_tag","embeddable":true,"href":"https:\/\/marcali.plebania.hu\/index.php?rest_route=%2Fwp%2Fv2%2Ftags&post=6036"}],"curies":[{"name":"wp","href":"https:\/\/api.w.org\/{rel}","templated":true}]}}