{"id":6038,"date":"2024-09-09T13:25:24","date_gmt":"2024-09-09T13:25:24","guid":{"rendered":"https:\/\/marcali.plebania.hu\/?p=6038"},"modified":"2024-09-09T13:25:24","modified_gmt":"2024-09-09T13:25:24","slug":"2024-ben-is-tanevkezdo-szentmisevel-indult-az-uj-oktatasi-ev-marcaliban-a-plebaniatemplomban","status":"publish","type":"post","link":"https:\/\/marcali.plebania.hu\/?p=6038","title":{"rendered":"2024-ben is tan\u00e9vkezd\u0151 szentmis\u00e9vel indult az \u00faj oktat\u00e1si \u00e9v Marcaliban, a pl\u00e9b\u00e1niatemplomban"},"content":{"rendered":"\n<p>2024. szeptember 8-\u00e1n vas\u00e1rnap, 9 \u00f3rakor tan\u00e9vkezd\u0151 szentmis\u00e9t (Veni Sancte-t) tartottak, melyet Tomanek Ferenc \u00c1ron pl\u00e9b\u00e1nos celebr\u00e1lt Marcaliban, a Gy\u00fcm\u00f6lcsolt\u00f3 Boldogasszony Pl\u00e9b\u00e1niatemplomban.<\/p>\n\n\n\n<figure class=\"wp-block-gallery has-nested-images columns-default is-cropped wp-block-gallery-1 is-layout-flex wp-block-gallery-is-layout-flex\">\n<figure class=\"wp-block-image size-large\"><img loading=\"lazy\" decoding=\"async\" width=\"1024\" height=\"683\" data-id=\"6042\" src=\"https:\/\/marcali.plebania.hu\/wp-content\/uploads\/2024\/09\/01-1-1024x683.jpg\" alt=\"\" class=\"wp-image-6042\" srcset=\"https:\/\/marcali.plebania.hu\/wp-content\/uploads\/2024\/09\/01-1-1024x683.jpg 1024w, https:\/\/marcali.plebania.hu\/wp-content\/uploads\/2024\/09\/01-1-300x200.jpg 300w, https:\/\/marcali.plebania.hu\/wp-content\/uploads\/2024\/09\/01-1-768x512.jpg 768w, https:\/\/marcali.plebania.hu\/wp-content\/uploads\/2024\/09\/01-1-1536x1024.jpg 1536w, https:\/\/marcali.plebania.hu\/wp-content\/uploads\/2024\/09\/01-1-2048x1365.jpg 2048w, https:\/\/marcali.plebania.hu\/wp-content\/uploads\/2024\/09\/01-1-405x270.jpg 405w\" sizes=\"auto, (max-width: 1024px) 100vw, 1024px\" \/><\/figure>\n\n\n\n<figure class=\"wp-block-image size-large\"><img loading=\"lazy\" decoding=\"async\" width=\"1024\" height=\"683\" data-id=\"6040\" src=\"https:\/\/marcali.plebania.hu\/wp-content\/uploads\/2024\/09\/03-1-1024x683.jpg\" alt=\"\" class=\"wp-image-6040\" srcset=\"https:\/\/marcali.plebania.hu\/wp-content\/uploads\/2024\/09\/03-1-1024x683.jpg 1024w, https:\/\/marcali.plebania.hu\/wp-content\/uploads\/2024\/09\/03-1-300x200.jpg 300w, https:\/\/marcali.plebania.hu\/wp-content\/uploads\/2024\/09\/03-1-768x512.jpg 768w, https:\/\/marcali.plebania.hu\/wp-content\/uploads\/2024\/09\/03-1-1536x1024.jpg 1536w, https:\/\/marcali.plebania.hu\/wp-content\/uploads\/2024\/09\/03-1-2048x1365.jpg 2048w, https:\/\/marcali.plebania.hu\/wp-content\/uploads\/2024\/09\/03-1-405x270.jpg 405w\" sizes=\"auto, (max-width: 1024px) 100vw, 1024px\" \/><\/figure>\n\n\n\n<figure class=\"wp-block-image size-large\"><img loading=\"lazy\" decoding=\"async\" width=\"1024\" height=\"683\" data-id=\"6039\" src=\"https:\/\/marcali.plebania.hu\/wp-content\/uploads\/2024\/09\/04-1-1024x683.jpg\" alt=\"\" class=\"wp-image-6039\" srcset=\"https:\/\/marcali.plebania.hu\/wp-content\/uploads\/2024\/09\/04-1-1024x683.jpg 1024w, https:\/\/marcali.plebania.hu\/wp-content\/uploads\/2024\/09\/04-1-300x200.jpg 300w, https:\/\/marcali.plebania.hu\/wp-content\/uploads\/2024\/09\/04-1-768x512.jpg 768w, https:\/\/marcali.plebania.hu\/wp-content\/uploads\/2024\/09\/04-1-1536x1024.jpg 1536w, https:\/\/marcali.plebania.hu\/wp-content\/uploads\/2024\/09\/04-1-2048x1365.jpg 2048w, https:\/\/marcali.plebania.hu\/wp-content\/uploads\/2024\/09\/04-1-405x270.jpg 405w\" sizes=\"auto, (max-width: 1024px) 100vw, 1024px\" \/><\/figure>\n\n\n\n<figure class=\"wp-block-image size-large\"><img loading=\"lazy\" decoding=\"async\" width=\"1024\" height=\"683\" data-id=\"6041\" src=\"https:\/\/marcali.plebania.hu\/wp-content\/uploads\/2024\/09\/05-1024x683.jpg\" alt=\"\" class=\"wp-image-6041\" srcset=\"https:\/\/marcali.plebania.hu\/wp-content\/uploads\/2024\/09\/05-1024x683.jpg 1024w, https:\/\/marcali.plebania.hu\/wp-content\/uploads\/2024\/09\/05-300x200.jpg 300w, https:\/\/marcali.plebania.hu\/wp-content\/uploads\/2024\/09\/05-768x512.jpg 768w, https:\/\/marcali.plebania.hu\/wp-content\/uploads\/2024\/09\/05-1536x1024.jpg 1536w, https:\/\/marcali.plebania.hu\/wp-content\/uploads\/2024\/09\/05-2048x1365.jpg 2048w, https:\/\/marcali.plebania.hu\/wp-content\/uploads\/2024\/09\/05-405x270.jpg 405w\" sizes=\"auto, (max-width: 1024px) 100vw, 1024px\" \/><\/figure>\n<\/figure>\n\n\n\n<p>A jelenl\u00e9v\u0151 hittanos di\u00e1kok k\u00f6z\u00f6sen im\u00e1dkoztak sz\u00fcleikkel, nagysz\u00fcleikkel, hitoktat\u00f3ikkal, valamint a h\u00edvekkel egy\u00fctt, \u00e9s k\u00e9rt\u00e9k a Szentl\u00e9lek k\u00f6zbenj\u00e1r\u00e1s\u00e1t az idei \u00faj tan\u00e9vre; tov\u00e1bb\u00e1 term\u00e9szetesen t\u00f6bbi di\u00e1kt\u00e1rsaikra \u00e9s tan\u00e1raikra is. Az istentiszteleten, a gyerekek k\u00e9pviselet\u00e9ben, ketten egy kis m\u0171sorral is kedveskedtek, \u00e9s v\u00e9g\u00fcl felk\u00e9rt\u00e9k Ferenc aty\u00e1t, hogy \u00e1ldja meg a gyermekeket \u00e9s az iskolat\u00e1sk\u00e1ikat is, aki \u00f6r\u00f6mmel tett eleget a k\u00e9r\u00e9s\u00fcknek.<\/p>\n\n\n\n<figure class=\"wp-block-gallery has-nested-images columns-default is-cropped wp-block-gallery-2 is-layout-flex wp-block-gallery-is-layout-flex\">\n<figure class=\"wp-block-image size-large\"><img loading=\"lazy\" decoding=\"async\" width=\"1024\" height=\"683\" data-id=\"6044\" src=\"https:\/\/marcali.plebania.hu\/wp-content\/uploads\/2024\/09\/07-1024x683.jpg\" alt=\"\" class=\"wp-image-6044\" srcset=\"https:\/\/marcali.plebania.hu\/wp-content\/uploads\/2024\/09\/07-1024x683.jpg 1024w, https:\/\/marcali.plebania.hu\/wp-content\/uploads\/2024\/09\/07-300x200.jpg 300w, https:\/\/marcali.plebania.hu\/wp-content\/uploads\/2024\/09\/07-768x512.jpg 768w, https:\/\/marcali.plebania.hu\/wp-content\/uploads\/2024\/09\/07-1536x1024.jpg 1536w, https:\/\/marcali.plebania.hu\/wp-content\/uploads\/2024\/09\/07-2048x1365.jpg 2048w, https:\/\/marcali.plebania.hu\/wp-content\/uploads\/2024\/09\/07-405x270.jpg 405w\" sizes=\"auto, (max-width: 1024px) 100vw, 1024px\" \/><\/figure>\n\n\n\n<figure class=\"wp-block-image size-large\"><img loading=\"lazy\" decoding=\"async\" width=\"1024\" height=\"683\" data-id=\"6045\" src=\"https:\/\/marcali.plebania.hu\/wp-content\/uploads\/2024\/09\/08-1024x683.jpg\" alt=\"\" class=\"wp-image-6045\" srcset=\"https:\/\/marcali.plebania.hu\/wp-content\/uploads\/2024\/09\/08-1024x683.jpg 1024w, https:\/\/marcali.plebania.hu\/wp-content\/uploads\/2024\/09\/08-300x200.jpg 300w, https:\/\/marcali.plebania.hu\/wp-content\/uploads\/2024\/09\/08-768x512.jpg 768w, https:\/\/marcali.plebania.hu\/wp-content\/uploads\/2024\/09\/08-1536x1024.jpg 1536w, https:\/\/marcali.plebania.hu\/wp-content\/uploads\/2024\/09\/08-2048x1365.jpg 2048w, https:\/\/marcali.plebania.hu\/wp-content\/uploads\/2024\/09\/08-405x270.jpg 405w\" sizes=\"auto, (max-width: 1024px) 100vw, 1024px\" \/><\/figure>\n\n\n\n<figure class=\"wp-block-image size-large\"><img loading=\"lazy\" decoding=\"async\" width=\"1024\" height=\"683\" data-id=\"6046\" src=\"https:\/\/marcali.plebania.hu\/wp-content\/uploads\/2024\/09\/09-1024x683.jpg\" alt=\"\" class=\"wp-image-6046\" srcset=\"https:\/\/marcali.plebania.hu\/wp-content\/uploads\/2024\/09\/09-1024x683.jpg 1024w, https:\/\/marcali.plebania.hu\/wp-content\/uploads\/2024\/09\/09-300x200.jpg 300w, https:\/\/marcali.plebania.hu\/wp-content\/uploads\/2024\/09\/09-768x512.jpg 768w, https:\/\/marcali.plebania.hu\/wp-content\/uploads\/2024\/09\/09-1536x1024.jpg 1536w, https:\/\/marcali.plebania.hu\/wp-content\/uploads\/2024\/09\/09-2048x1365.jpg 2048w, https:\/\/marcali.plebania.hu\/wp-content\/uploads\/2024\/09\/09-405x270.jpg 405w\" sizes=\"auto, (max-width: 1024px) 100vw, 1024px\" \/><\/figure>\n\n\n\n<figure class=\"wp-block-image size-large\"><img loading=\"lazy\" decoding=\"async\" width=\"1024\" height=\"683\" data-id=\"6047\" src=\"https:\/\/marcali.plebania.hu\/wp-content\/uploads\/2024\/09\/10-1024x683.jpg\" alt=\"\" class=\"wp-image-6047\" srcset=\"https:\/\/marcali.plebania.hu\/wp-content\/uploads\/2024\/09\/10-1024x683.jpg 1024w, https:\/\/marcali.plebania.hu\/wp-content\/uploads\/2024\/09\/10-300x200.jpg 300w, https:\/\/marcali.plebania.hu\/wp-content\/uploads\/2024\/09\/10-768x512.jpg 768w, https:\/\/marcali.plebania.hu\/wp-content\/uploads\/2024\/09\/10-1536x1024.jpg 1536w, https:\/\/marcali.plebania.hu\/wp-content\/uploads\/2024\/09\/10-2048x1365.jpg 2048w, https:\/\/marcali.plebania.hu\/wp-content\/uploads\/2024\/09\/10-405x270.jpg 405w\" sizes=\"auto, (max-width: 1024px) 100vw, 1024px\" \/><\/figure>\n<\/figure>\n\n\n\n<p>Az idei tan\u00e9vben, Marcali iskol\u00e1iban, szeptember 1-j\u00e9vel h\u00e1rom iskol\u00e1ban (Noszlopy, Miksz\u00e1th, H\u00e9tsz\u00ednvir\u00e1g) \u00f6sszesen t\u00f6bb mint 400 f\u0151vel kezd\u0151d\u00f6tt meg a katolikus hit- \u00e9s erk\u00f6lcstan oktat\u00e1s. A hitoktat\u00f3k Bojtorn\u00e9 Kir\u00e1ly M\u00e1rta (megb\u00edz\u00e1sos munkaviszony), Cservenyi-Jakabovits Eszter (megb\u00edz\u00e1sos munkaviszony), Cservenyi-Jakabovits Zolt\u00e1n (megb\u00edz\u00e1sos munkaviszony), dr. Gyulain\u00e9 Domj\u00e1n Zsuzsanna (f\u0151\u00e1ll\u00e1s\u00fa), Pozsonyin\u00e9 Kiss M\u00e1ria (r\u00e9szmunkaid\u0151s), \u00e9s Suszter Mikl\u00f3s (megb\u00edz\u00e1sos munkaviszony), akik a szentmise v\u00e9g\u00e9n megkapt\u00e1k a Varga L\u00e1szl\u00f3 kaposv\u00e1ri p\u00fcsp\u00f6kt\u0151l kapott megb\u00edz\u00f3level\u00fcket \u00e9s \u0151k is \u00e1ld\u00e1sban r\u00e9szes\u00fcltek. Rajtuk k\u00edv\u00fcl, sokr\u00e9t\u0171 lelkip\u00e1sztori munk\u00e1ja mellett, Ferenc atya is tart hittan\u00f3r\u00e1t a gyermekeknek. V\u00e9g\u00fcl a ny\u00e1ron is rendszeresen templomba j\u00e1r\u00f3 \u00e9s ministr\u00e1l\u00f3 di\u00e1kok kis aj\u00e1nd\u00e9kot kaptak; a jelenl\u00e9v\u0151 t\u00f6bbi tanul\u00f3knak pedig kiosztott\u00e1k a szentmisenapl\u00f3kat is.<\/p>\n\n\n\n<figure class=\"wp-block-gallery has-nested-images columns-default is-cropped wp-block-gallery-3 is-layout-flex wp-block-gallery-is-layout-flex\">\n<figure class=\"wp-block-image size-large\"><img loading=\"lazy\" decoding=\"async\" width=\"1024\" height=\"683\" data-id=\"6048\" src=\"https:\/\/marcali.plebania.hu\/wp-content\/uploads\/2024\/09\/14-1024x683.jpg\" alt=\"\" class=\"wp-image-6048\" srcset=\"https:\/\/marcali.plebania.hu\/wp-content\/uploads\/2024\/09\/14-1024x683.jpg 1024w, https:\/\/marcali.plebania.hu\/wp-content\/uploads\/2024\/09\/14-300x200.jpg 300w, https:\/\/marcali.plebania.hu\/wp-content\/uploads\/2024\/09\/14-768x512.jpg 768w, https:\/\/marcali.plebania.hu\/wp-content\/uploads\/2024\/09\/14-1536x1024.jpg 1536w, https:\/\/marcali.plebania.hu\/wp-content\/uploads\/2024\/09\/14-2048x1365.jpg 2048w, https:\/\/marcali.plebania.hu\/wp-content\/uploads\/2024\/09\/14-405x270.jpg 405w\" sizes=\"auto, (max-width: 1024px) 100vw, 1024px\" \/><\/figure>\n\n\n\n<figure class=\"wp-block-image size-large\"><img loading=\"lazy\" decoding=\"async\" width=\"1024\" height=\"683\" data-id=\"6051\" src=\"https:\/\/marcali.plebania.hu\/wp-content\/uploads\/2024\/09\/16-1024x683.jpg\" alt=\"\" class=\"wp-image-6051\" srcset=\"https:\/\/marcali.plebania.hu\/wp-content\/uploads\/2024\/09\/16-1024x683.jpg 1024w, https:\/\/marcali.plebania.hu\/wp-content\/uploads\/2024\/09\/16-300x200.jpg 300w, https:\/\/marcali.plebania.hu\/wp-content\/uploads\/2024\/09\/16-768x512.jpg 768w, https:\/\/marcali.plebania.hu\/wp-content\/uploads\/2024\/09\/16-1536x1024.jpg 1536w, https:\/\/marcali.plebania.hu\/wp-content\/uploads\/2024\/09\/16-2048x1365.jpg 2048w, https:\/\/marcali.plebania.hu\/wp-content\/uploads\/2024\/09\/16-405x270.jpg 405w\" sizes=\"auto, (max-width: 1024px) 100vw, 1024px\" \/><\/figure>\n\n\n\n<figure class=\"wp-block-image size-large\"><img loading=\"lazy\" decoding=\"async\" width=\"1024\" height=\"683\" data-id=\"6052\" src=\"https:\/\/marcali.plebania.hu\/wp-content\/uploads\/2024\/09\/25-1024x683.jpg\" alt=\"\" class=\"wp-image-6052\" srcset=\"https:\/\/marcali.plebania.hu\/wp-content\/uploads\/2024\/09\/25-1024x683.jpg 1024w, https:\/\/marcali.plebania.hu\/wp-content\/uploads\/2024\/09\/25-300x200.jpg 300w, https:\/\/marcali.plebania.hu\/wp-content\/uploads\/2024\/09\/25-768x512.jpg 768w, https:\/\/marcali.plebania.hu\/wp-content\/uploads\/2024\/09\/25-1536x1024.jpg 1536w, https:\/\/marcali.plebania.hu\/wp-content\/uploads\/2024\/09\/25-2048x1365.jpg 2048w, https:\/\/marcali.plebania.hu\/wp-content\/uploads\/2024\/09\/25-405x270.jpg 405w\" sizes=\"auto, (max-width: 1024px) 100vw, 1024px\" \/><\/figure>\n\n\n\n<figure class=\"wp-block-image size-large\"><img loading=\"lazy\" decoding=\"async\" width=\"1024\" height=\"683\" data-id=\"6053\" src=\"https:\/\/marcali.plebania.hu\/wp-content\/uploads\/2024\/09\/30-1024x683.jpg\" alt=\"\" class=\"wp-image-6053\" srcset=\"https:\/\/marcali.plebania.hu\/wp-content\/uploads\/2024\/09\/30-1024x683.jpg 1024w, https:\/\/marcali.plebania.hu\/wp-content\/uploads\/2024\/09\/30-300x200.jpg 300w, https:\/\/marcali.plebania.hu\/wp-content\/uploads\/2024\/09\/30-768x512.jpg 768w, https:\/\/marcali.plebania.hu\/wp-content\/uploads\/2024\/09\/30-1536x1024.jpg 1536w, https:\/\/marcali.plebania.hu\/wp-content\/uploads\/2024\/09\/30-2048x1365.jpg 2048w, https:\/\/marcali.plebania.hu\/wp-content\/uploads\/2024\/09\/30-405x270.jpg 405w\" sizes=\"auto, (max-width: 1024px) 100vw, 1024px\" \/><\/figure>\n<\/figure>\n\n\n\n<p>Az \u00fcnnepi szentmis\u00e9n Balogh B\u00e1lint k\u00e1ntor \u00e9s a F\u00e9ny Gyermekei Katolikus Zenekar m\u0171k\u00f6d\u00f6tt k\u00f6zre orgon\u00e1s-git\u00e1ros, Szentlelket h\u00edv\u00f3 \u00e9nekekkel.<\/p>\n\n\n\n<p>\u00cdrta \u00e9s fot\u00f3k: Kiss K\u00e1lm\u00e1n<\/p>\n","protected":false},"excerpt":{"rendered":"<p>2024. szeptember 8-\u00e1n vas\u00e1rnap, 9 \u00f3rakor tan\u00e9vkezd\u0151 szentmis\u00e9t (Veni Sancte-t) tartottak, melyet Tomanek Ferenc \u00c1ron pl\u00e9b\u00e1nos celebr\u00e1lt Marcaliban, a Gy\u00fcm\u00f6lcsolt\u00f3 Boldogasszony Pl\u00e9b\u00e1niatemplomban. A jelenl\u00e9v\u0151 hittanos di\u00e1kok k\u00f6z\u00f6sen im\u00e1dkoztak sz\u00fcleikkel, nagysz\u00fcleikkel, hitoktat\u00f3ikkal, valamint a h\u00edvekkel egy\u00fctt, \u00e9s k\u00e9rt\u00e9k a Szentl\u00e9lek k\u00f6zbenj\u00e1r\u00e1s\u00e1t az idei \u00faj tan\u00e9vre; tov\u00e1bb\u00e1 term\u00e9szetesen t\u00f6bbi di\u00e1kt\u00e1rsaikra \u00e9s tan\u00e1raikra is. Az istentiszteleten, a gyerekek k\u00e9pviselet\u00e9ben, ketten egy kis m\u0171sorral is kedveskedtek, \u00e9s v\u00e9g\u00fcl felk\u00e9rt\u00e9k Ferenc aty\u00e1t, hogy \u00e1ldja meg a gyermekeket \u00e9s az iskolat\u00e1sk\u00e1ikat is, aki \u00f6r\u00f6mmel tett eleget&#8230;<\/p>\n<p class=\"read-more\"><a class=\"btn btn-default\" href=\"https:\/\/marcali.plebania.hu\/?p=6038\"> Read More<span class=\"screen-reader-text\">  Read More<\/span><\/a><\/p>\n","protected":false},"author":2,"featured_media":0,"comment_status":"closed","ping_status":"open","sticky":false,"template":"","format":"standard","meta":{"footnotes":""},"categories":[1],"tags":[],"class_list":["post-6038","post","type-post","status-publish","format-standard","hentry","category-egyeb"],"_links":{"self":[{"href":"https:\/\/marcali.plebania.hu\/index.php?rest_route=\/wp\/v2\/posts\/6038","targetHints":{"allow":["GET"]}}],"collection":[{"href":"https:\/\/marcali.plebania.hu\/index.php?rest_route=\/wp\/v2\/posts"}],"about":[{"href":"https:\/\/marcali.plebania.hu\/index.php?rest_route=\/wp\/v2\/types\/post"}],"author":[{"embeddable":true,"href":"https:\/\/marcali.plebania.hu\/index.php?rest_route=\/wp\/v2\/users\/2"}],"replies":[{"embeddable":true,"href":"https:\/\/marcali.plebania.hu\/index.php?rest_route=%2Fwp%2Fv2%2Fcomments&post=6038"}],"version-history":[{"count":1,"href":"https:\/\/marcali.plebania.hu\/index.php?rest_route=\/wp\/v2\/posts\/6038\/revisions"}],"predecessor-version":[{"id":6054,"href":"https:\/\/marcali.plebania.hu\/index.php?rest_route=\/wp\/v2\/posts\/6038\/revisions\/6054"}],"wp:attachment":[{"href":"https:\/\/marcali.plebania.hu\/index.php?rest_route=%2Fwp%2Fv2%2Fmedia&parent=6038"}],"wp:term":[{"taxonomy":"category","embeddable":true,"href":"https:\/\/marcali.plebania.hu\/index.php?rest_route=%2Fwp%2Fv2%2Fcategories&post=6038"},{"taxonomy":"post_tag","embeddable":true,"href":"https:\/\/marcali.plebania.hu\/index.php?rest_route=%2Fwp%2Fv2%2Ftags&post=6038"}],"curies":[{"name":"wp","href":"https:\/\/api.w.org\/{rel}","templated":true}]}}