{"id":6057,"date":"2024-09-16T13:42:24","date_gmt":"2024-09-16T13:42:24","guid":{"rendered":"https:\/\/marcali.plebania.hu\/?p=6057"},"modified":"2024-09-16T13:42:24","modified_gmt":"2024-09-16T13:42:24","slug":"hirdetesek-2024-szeptember-15-en","status":"publish","type":"post","link":"https:\/\/marcali.plebania.hu\/?p=6057","title":{"rendered":"Hirdet\u00e9sek 2024. szeptember 15-\u00e9n"},"content":{"rendered":"\n<p><strong><a href=\"https:\/\/igenaptar.katolikus.hu\/2024\/nap\/index.php?holnap=2024-09-15\" target=\"_blank\" rel=\"noreferrer noopener\"><u>\u00c9vk\u00f6zi 24. vas\u00e1rnap<\/u><\/a><\/strong><strong><\/strong><\/p>\n\n\n\n<ol class=\"wp-block-list\" start=\"1\">\n<li>Az <strong>els\u0151\u00e1ldoz\u00e1s<\/strong>ra jelentkez\u0151 negyedik oszt\u00e1lyos tanul\u00f3k sz\u00fcleit szerd\u00e1n 16:30-ra v\u00e1rjuk az X-h\u00e1zba <strong>sz\u00fcl\u0151i \u00e9rtekezlet<\/strong>re.<\/li>\n\n\n\n<li>Szeretettel h\u00edvjuk \u00e9s v\u00e1rjuk azokat a hitkeres\u0151 <strong>feln\u0151ttek<\/strong>et, akik a kereszt\u00e9ny \u00e9letbe <strong>beavat\u00f3 szents\u00e9gek<\/strong>ben m\u00e9g nem r\u00e9szes\u00fcltek, de szeretn\u00e9nek szeretn\u00e9nek megkeresztelkedni, els\u0151\u00e1ldoz\u00e1shoz vagy b\u00e9rm\u00e1lkoz\u00e1shoz j\u00e1rulni. Az \u00e9rdekl\u0151d\u0151k is csatlakozhatnak, akik szeretn\u00e9k hit\u00fcnket jobban megismerni \u00e9s besz\u00e9lgetni r\u00f3la. K\u00e9thetente, szerd\u00e1n 18:45-kor tal\u00e1lkozunk a pl\u00e9b\u00e1ni\u00e1n.<\/li>\n\n\n\n<li>A K\u00c9SZ Marcali Csoport <strong>zar\u00e1ndoklat<\/strong>a szombaton 6.30-kor indul aut\u00f3busszal a H\u0151s\u00f6k ter\u00e9n l\u00e9v\u0151 parkol\u00f3b\u00f3l (pl\u00e9b\u00e1niatemplom el\u0151tti t\u00e9rr\u0151l). \u00datvonal: Marcali &#8211; Grab\u00f3c &#8211; B\u00e1tasz\u00e9k &#8211; B\u00e1ta &#8211; Szeksz\u00e1rd &#8211; Domb\u00f3v\u00e1r &#8211; Marcali. Vissza\u00e9rkez\u00e9s az esti \u00f3r\u00e1kban.<\/li>\n\n\n\n<li>A pl\u00e9b\u00e1niai <strong>karit\u00e1sz csoport<\/strong> szept. 24-\u00e9n (kedden), az esti szentmise ut\u00e1n kezdi a tal\u00e1lkoz\u00f3t a pl\u00e9b\u00e1ni\u00e1n.<\/li>\n<\/ol>\n","protected":false},"excerpt":{"rendered":"<p>\u00c9vk\u00f6zi 24. vas\u00e1rnap<\/p>\n","protected":false},"author":2,"featured_media":0,"comment_status":"closed","ping_status":"open","sticky":false,"template":"","format":"standard","meta":{"footnotes":""},"categories":[1],"tags":[],"class_list":["post-6057","post","type-post","status-publish","format-standard","hentry","category-egyeb"],"_links":{"self":[{"href":"https:\/\/marcali.plebania.hu\/index.php?rest_route=\/wp\/v2\/posts\/6057","targetHints":{"allow":["GET"]}}],"collection":[{"href":"https:\/\/marcali.plebania.hu\/index.php?rest_route=\/wp\/v2\/posts"}],"about":[{"href":"https:\/\/marcali.plebania.hu\/index.php?rest_route=\/wp\/v2\/types\/post"}],"author":[{"embeddable":true,"href":"https:\/\/marcali.plebania.hu\/index.php?rest_route=\/wp\/v2\/users\/2"}],"replies":[{"embeddable":true,"href":"https:\/\/marcali.plebania.hu\/index.php?rest_route=%2Fwp%2Fv2%2Fcomments&post=6057"}],"version-history":[{"count":1,"href":"https:\/\/marcali.plebania.hu\/index.php?rest_route=\/wp\/v2\/posts\/6057\/revisions"}],"predecessor-version":[{"id":6058,"href":"https:\/\/marcali.plebania.hu\/index.php?rest_route=\/wp\/v2\/posts\/6057\/revisions\/6058"}],"wp:attachment":[{"href":"https:\/\/marcali.plebania.hu\/index.php?rest_route=%2Fwp%2Fv2%2Fmedia&parent=6057"}],"wp:term":[{"taxonomy":"category","embeddable":true,"href":"https:\/\/marcali.plebania.hu\/index.php?rest_route=%2Fwp%2Fv2%2Fcategories&post=6057"},{"taxonomy":"post_tag","embeddable":true,"href":"https:\/\/marcali.plebania.hu\/index.php?rest_route=%2Fwp%2Fv2%2Ftags&post=6057"}],"curies":[{"name":"wp","href":"https:\/\/api.w.org\/{rel}","templated":true}]}}