{"id":6060,"date":"2024-09-24T07:05:12","date_gmt":"2024-09-24T07:05:12","guid":{"rendered":"https:\/\/marcali.plebania.hu\/?p=6060"},"modified":"2024-09-24T07:05:12","modified_gmt":"2024-09-24T07:05:12","slug":"hirdetesek-2024-szeptember-22-en","status":"publish","type":"post","link":"https:\/\/marcali.plebania.hu\/?p=6060","title":{"rendered":"Hirdet\u00e9sek 2024. szeptember 22-\u00e9n"},"content":{"rendered":"\n<p><strong><a href=\"https:\/\/igenaptar.katolikus.hu\/2024\/nap\/index.php?holnap=2024-09-22\" target=\"_blank\" rel=\"noreferrer noopener\"><u>\u00c9vk\u00f6zi 25. vas\u00e1rnap<\/u><\/a><\/strong><strong><\/strong><\/p>\n\n\n\n<ol class=\"wp-block-list\" start=\"1\">\n<li>Okt\u00f3berig m\u00e9g lehet jelentkezni a j\u00f6v\u0151 \u00e9vi els\u0151\u00e1ldoz\u00e1sra (4. oszt\u00e1lyosok) \u00e9s b\u00e9rm\u00e1lkoz\u00e1sra (8. oszt\u00e1lyosok) a hitoktat\u00f3n\u00e1l vagy az irod\u00e1ban.<\/li>\n\n\n\n<li>A pl\u00e9b\u00e1niai <strong>karit\u00e1sz csoport<\/strong> kedden az esti szentmise ut\u00e1n kezdi a tal\u00e1lkoz\u00f3t a pl\u00e9b\u00e1ni\u00e1n.<\/li>\n\n\n\n<li>A <strong>F\u00e9rfi-k\u00f6r<\/strong> k\u00f6vetkez\u0151 tal\u00e1lkoz\u00f3ja szerd\u00e1n 18:00-kor kezd\u0151dik a pl\u00e9b\u00e1ni\u00e1n. Szeretettel v\u00e1rjuk a tagokat \u00e9s az \u00e9rdekl\u0151d\u0151ket minden m\u00e1sodik h\u00e9ten.<\/li>\n\n\n\n<li>Az <strong>Orb\u00e1n-k\u00e1poln\u00e1<\/strong>ban term\u00e9nybetakar\u00edt\u00f3 h\u00e1laad\u00f3 szentmis\u00e9t \u00fcnnepl\u00fcnk j\u00f6v\u0151 vas\u00e1rnap 11 \u00f3rakor. K\u00e9rj\u00fck, aki tud, s\u00fctem\u00e9nnyel vagy pog\u00e1cs\u00e1val j\u00e1ruljon hozz\u00e1 a szentmise ut\u00e1ni agap\u00e9hoz. (Aznap Biz\u00e9n nem lesz szentmise.)<\/li>\n<\/ol>\n","protected":false},"excerpt":{"rendered":"<p>\u00c9vk\u00f6zi 25. vas\u00e1rnap<\/p>\n","protected":false},"author":2,"featured_media":0,"comment_status":"closed","ping_status":"open","sticky":false,"template":"","format":"standard","meta":{"footnotes":""},"categories":[1],"tags":[],"class_list":["post-6060","post","type-post","status-publish","format-standard","hentry","category-egyeb"],"_links":{"self":[{"href":"https:\/\/marcali.plebania.hu\/index.php?rest_route=\/wp\/v2\/posts\/6060","targetHints":{"allow":["GET"]}}],"collection":[{"href":"https:\/\/marcali.plebania.hu\/index.php?rest_route=\/wp\/v2\/posts"}],"about":[{"href":"https:\/\/marcali.plebania.hu\/index.php?rest_route=\/wp\/v2\/types\/post"}],"author":[{"embeddable":true,"href":"https:\/\/marcali.plebania.hu\/index.php?rest_route=\/wp\/v2\/users\/2"}],"replies":[{"embeddable":true,"href":"https:\/\/marcali.plebania.hu\/index.php?rest_route=%2Fwp%2Fv2%2Fcomments&post=6060"}],"version-history":[{"count":1,"href":"https:\/\/marcali.plebania.hu\/index.php?rest_route=\/wp\/v2\/posts\/6060\/revisions"}],"predecessor-version":[{"id":6061,"href":"https:\/\/marcali.plebania.hu\/index.php?rest_route=\/wp\/v2\/posts\/6060\/revisions\/6061"}],"wp:attachment":[{"href":"https:\/\/marcali.plebania.hu\/index.php?rest_route=%2Fwp%2Fv2%2Fmedia&parent=6060"}],"wp:term":[{"taxonomy":"category","embeddable":true,"href":"https:\/\/marcali.plebania.hu\/index.php?rest_route=%2Fwp%2Fv2%2Fcategories&post=6060"},{"taxonomy":"post_tag","embeddable":true,"href":"https:\/\/marcali.plebania.hu\/index.php?rest_route=%2Fwp%2Fv2%2Ftags&post=6060"}],"curies":[{"name":"wp","href":"https:\/\/api.w.org\/{rel}","templated":true}]}}