{"id":6062,"date":"2024-09-24T07:06:48","date_gmt":"2024-09-24T07:06:48","guid":{"rendered":"https:\/\/marcali.plebania.hu\/?p=6062"},"modified":"2024-10-03T13:28:22","modified_gmt":"2024-10-03T13:28:22","slug":"meghivo-pilinszky-monodrama-eloadasra","status":"publish","type":"post","link":"https:\/\/marcali.plebania.hu\/?p=6062","title":{"rendered":"Megh\u00edv\u00f3: Pilinszky-monodr\u00e1ma el\u0151ad\u00e1sra"},"content":{"rendered":"\n<p>Az el\u0151ad\u00e1s kezd\u00e9si id\u0151pontja 18 \u00f3r\u00e1ra v\u00e1ltozott! K\u00f6sz\u00f6nj\u00fck meg\u00e9rt\u00e9s\u00fcket!<\/p>\n\n\n\n<figure class=\"wp-block-image size-large\"><img loading=\"lazy\" decoding=\"async\" width=\"724\" height=\"1024\" src=\"https:\/\/marcali.plebania.hu\/wp-content\/uploads\/2024\/10\/PJ_20241010_Marcali-2-724x1024.png\" alt=\"\" class=\"wp-image-6124\" srcset=\"https:\/\/marcali.plebania.hu\/wp-content\/uploads\/2024\/10\/PJ_20241010_Marcali-2-724x1024.png 724w, https:\/\/marcali.plebania.hu\/wp-content\/uploads\/2024\/10\/PJ_20241010_Marcali-2-212x300.png 212w, https:\/\/marcali.plebania.hu\/wp-content\/uploads\/2024\/10\/PJ_20241010_Marcali-2-768x1086.png 768w, https:\/\/marcali.plebania.hu\/wp-content\/uploads\/2024\/10\/PJ_20241010_Marcali-2-1086x1536.png 1086w, https:\/\/marcali.plebania.hu\/wp-content\/uploads\/2024\/10\/PJ_20241010_Marcali-2-1448x2048.png 1448w, https:\/\/marcali.plebania.hu\/wp-content\/uploads\/2024\/10\/PJ_20241010_Marcali-2-191x270.png 191w, https:\/\/marcali.plebania.hu\/wp-content\/uploads\/2024\/10\/PJ_20241010_Marcali-2.png 1587w\" sizes=\"auto, (max-width: 724px) 100vw, 724px\" \/><\/figure>\n\n\n\n<p>A bel\u00e9p\u00e9s ingyenes, de a szervez\u00e9s k\u00f6lts\u00e9geihez adom\u00e1nyokat k\u00f6sz\u00f6nettel elfogadunk.<\/p>\n","protected":false},"excerpt":{"rendered":"<p>Az el\u0151ad\u00e1s kezd\u00e9si id\u0151pontja 18 \u00f3r\u00e1ra v\u00e1ltozott! K\u00f6sz\u00f6nj\u00fck meg\u00e9rt\u00e9s\u00fcket! A bel\u00e9p\u00e9s ingyenes, de a szervez\u00e9s k\u00f6lts\u00e9geihez adom\u00e1nyokat k\u00f6sz\u00f6nettel elfogadunk.<\/p>\n","protected":false},"author":2,"featured_media":0,"comment_status":"closed","ping_status":"open","sticky":false,"template":"","format":"standard","meta":{"footnotes":""},"categories":[1],"tags":[],"class_list":["post-6062","post","type-post","status-publish","format-standard","hentry","category-egyeb"],"_links":{"self":[{"href":"https:\/\/marcali.plebania.hu\/index.php?rest_route=\/wp\/v2\/posts\/6062","targetHints":{"allow":["GET"]}}],"collection":[{"href":"https:\/\/marcali.plebania.hu\/index.php?rest_route=\/wp\/v2\/posts"}],"about":[{"href":"https:\/\/marcali.plebania.hu\/index.php?rest_route=\/wp\/v2\/types\/post"}],"author":[{"embeddable":true,"href":"https:\/\/marcali.plebania.hu\/index.php?rest_route=\/wp\/v2\/users\/2"}],"replies":[{"embeddable":true,"href":"https:\/\/marcali.plebania.hu\/index.php?rest_route=%2Fwp%2Fv2%2Fcomments&post=6062"}],"version-history":[{"count":4,"href":"https:\/\/marcali.plebania.hu\/index.php?rest_route=\/wp\/v2\/posts\/6062\/revisions"}],"predecessor-version":[{"id":6126,"href":"https:\/\/marcali.plebania.hu\/index.php?rest_route=\/wp\/v2\/posts\/6062\/revisions\/6126"}],"wp:attachment":[{"href":"https:\/\/marcali.plebania.hu\/index.php?rest_route=%2Fwp%2Fv2%2Fmedia&parent=6062"}],"wp:term":[{"taxonomy":"category","embeddable":true,"href":"https:\/\/marcali.plebania.hu\/index.php?rest_route=%2Fwp%2Fv2%2Fcategories&post=6062"},{"taxonomy":"post_tag","embeddable":true,"href":"https:\/\/marcali.plebania.hu\/index.php?rest_route=%2Fwp%2Fv2%2Ftags&post=6062"}],"curies":[{"name":"wp","href":"https:\/\/api.w.org\/{rel}","templated":true}]}}