{"id":6100,"date":"2024-09-30T13:04:06","date_gmt":"2024-09-30T13:04:06","guid":{"rendered":"https:\/\/marcali.plebania.hu\/?p=6100"},"modified":"2024-10-02T12:27:44","modified_gmt":"2024-10-02T12:27:44","slug":"hirdetesek-2024-szeptember-29-en","status":"publish","type":"post","link":"https:\/\/marcali.plebania.hu\/?p=6100","title":{"rendered":"Hirdet\u00e9sek 2024. szeptember 29-\u00e9n"},"content":{"rendered":"\n<p><strong><a href=\"https:\/\/igenaptar.katolikus.hu\/2024\/nap\/index.php?holnap=2024-09-29\" target=\"_blank\" rel=\"noreferrer noopener\"><u>\u00c9vk\u00f6zi 26. vas\u00e1rnap<\/u><\/a><\/strong><strong><\/strong><\/p>\n\n\n\n<ol class=\"wp-block-list\" start=\"1\">\n<li>Az <strong>Orb\u00e1n-k\u00e1poln\u00e1<\/strong>ban term\u00e9nybetakar\u00edt\u00f3 h\u00e1laad\u00f3 szentmis\u00e9t \u00fcnnepl\u00fcnk 11 \u00f3rakor. K\u00e9rj\u00fck, aki tud, s\u00fctem\u00e9nnyel vagy pog\u00e1cs\u00e1val j\u00e1ruljon hozz\u00e1 a szentmise ut\u00e1ni agap\u00e9hoz.<\/li>\n\n\n\n<li>Okt\u00f3ber elej\u00e9ig m\u00e9g lehet jelentkezni a j\u00f6v\u0151 \u00e9vi els\u0151\u00e1ldoz\u00e1sra (4. oszt\u00e1lyosok) \u00e9s b\u00e9rm\u00e1lkoz\u00e1sra (8. oszt\u00e1lyosok) a hitoktat\u00f3n\u00e1l vagy az irod\u00e1ban.<\/li>\n\n\n\n<li>A feln\u0151tt<strong>hittan<\/strong> \u00e9s <strong>szents\u00e9gi felk\u00e9sz\u00edt\u0151<\/strong> szerd\u00e1n 18:45-kor kezd\u0151dik a pl\u00e9b\u00e1ni\u00e1n.<\/li>\n\n\n\n<li>Minden h\u00f3nap els\u0151 p\u00e9ntek\u00e9n megl\u00e1togatjuk otthonukban az id\u0151seket \u00e9s betegeket, akik nem tudnak elj\u00f6nni a templomba. Ez lehet\u0151s\u00e9g sz\u00e1mukra a szentgy\u00f3n\u00e1s elv\u00e9gz\u00e9s\u00e9re \u00e9s az \u00e1ldoz\u00e1sra is. Aki szeretne \u00e9lni a lehet\u0151s\u00e9ggel, de m\u00e9g nem jelentkezett, az irod\u00e1n b\u00e1rmikor megteheti.<\/li>\n\n\n\n<li>P\u00e9ntekenk\u00e9nt 22 \u00f3rakor <strong>r\u00f3zsaf\u00fcz\u00e9r<\/strong>t im\u00e1dkozunk <strong>a b\u00e9k\u00e9\u00e9rt<\/strong> a templomban. Okt\u00f3berben pedig minden esti szentmise el\u0151tt f\u00e9l \u00f3r\u00e1val.<\/li>\n\n\n\n<li>Szombaton 17 \u00f3rakor kezd\u0151dik a pl\u00e9b\u00e1niatemplomban az els\u0151 szombati <strong>ima\u00f3ra<\/strong>.<\/li>\n\n\n\n<li>Okt\u00f3ber 10-\u00e9n (cs\u00fct\u00f6rt\u00f6k\u00f6n) 18 \u00f3rakor Kurucz \u00c1d\u00e1m Konr\u00e1d: Pilinszky-monodr\u00e1ma el\u0151ad\u00e1st tart az X-h\u00e1zban (D\u00f3zsa u. 3.), melyre minden \u00e9rdekl\u0151d\u0151t szeretettel h\u00edvunk \u00e9s v\u00e1runk. A bel\u00e9p\u00e9s ingyenes, de a szervez\u00e9s k\u00f6lts\u00e9geihez adom\u00e1nyokat k\u00f6sz\u00f6nettel elfogadunk.<\/li>\n<\/ol>\n","protected":false},"excerpt":{"rendered":"<p>\u00c9vk\u00f6zi 26. vas\u00e1rnap<\/p>\n","protected":false},"author":2,"featured_media":0,"comment_status":"closed","ping_status":"open","sticky":false,"template":"","format":"standard","meta":{"footnotes":""},"categories":[1],"tags":[],"class_list":["post-6100","post","type-post","status-publish","format-standard","hentry","category-egyeb"],"_links":{"self":[{"href":"https:\/\/marcali.plebania.hu\/index.php?rest_route=\/wp\/v2\/posts\/6100","targetHints":{"allow":["GET"]}}],"collection":[{"href":"https:\/\/marcali.plebania.hu\/index.php?rest_route=\/wp\/v2\/posts"}],"about":[{"href":"https:\/\/marcali.plebania.hu\/index.php?rest_route=\/wp\/v2\/types\/post"}],"author":[{"embeddable":true,"href":"https:\/\/marcali.plebania.hu\/index.php?rest_route=\/wp\/v2\/users\/2"}],"replies":[{"embeddable":true,"href":"https:\/\/marcali.plebania.hu\/index.php?rest_route=%2Fwp%2Fv2%2Fcomments&post=6100"}],"version-history":[{"count":2,"href":"https:\/\/marcali.plebania.hu\/index.php?rest_route=\/wp\/v2\/posts\/6100\/revisions"}],"predecessor-version":[{"id":6121,"href":"https:\/\/marcali.plebania.hu\/index.php?rest_route=\/wp\/v2\/posts\/6100\/revisions\/6121"}],"wp:attachment":[{"href":"https:\/\/marcali.plebania.hu\/index.php?rest_route=%2Fwp%2Fv2%2Fmedia&parent=6100"}],"wp:term":[{"taxonomy":"category","embeddable":true,"href":"https:\/\/marcali.plebania.hu\/index.php?rest_route=%2Fwp%2Fv2%2Fcategories&post=6100"},{"taxonomy":"post_tag","embeddable":true,"href":"https:\/\/marcali.plebania.hu\/index.php?rest_route=%2Fwp%2Fv2%2Ftags&post=6100"}],"curies":[{"name":"wp","href":"https:\/\/api.w.org\/{rel}","templated":true}]}}