{"id":6102,"date":"2024-09-30T13:08:28","date_gmt":"2024-09-30T13:08:28","guid":{"rendered":"https:\/\/marcali.plebania.hu\/?p=6102"},"modified":"2024-09-30T13:10:27","modified_gmt":"2024-09-30T13:10:27","slug":"termenybetakarito-halaado-szentmise-2024-ben-az-orban-kapolnaban","status":"publish","type":"post","link":"https:\/\/marcali.plebania.hu\/?p=6102","title":{"rendered":"Term\u00e9nybetakar\u00edt\u00f3 h\u00e1laad\u00f3 szentmise 2024-ben, az Orb\u00e1n k\u00e1poln\u00e1ban"},"content":{"rendered":"\n<p>2024. szeptember 29-\u00e9n, vas\u00e1rnap 11 \u00f3rakor az Orb\u00e1n k\u00e1poln\u00e1ban \u2013 a r\u00e9gi hagyom\u00e1nyok folyom\u00e1nyak\u00e9nt \u2013 az id\u00e9n is megtartott\u00e1k a term\u00e9nybetakar\u00edt\u00f3 h\u00e1laad\u00f3 \u00fcnnepi szentmis\u00e9t.<\/p>\n\n\n\n<figure class=\"wp-block-gallery has-nested-images columns-default is-cropped wp-block-gallery-1 is-layout-flex wp-block-gallery-is-layout-flex\">\n<figure class=\"wp-block-image size-large\"><img loading=\"lazy\" decoding=\"async\" width=\"1024\" height=\"683\" data-id=\"6105\" src=\"https:\/\/marcali.plebania.hu\/wp-content\/uploads\/2024\/09\/02-2-1024x683.jpg\" alt=\"\" class=\"wp-image-6105\" srcset=\"https:\/\/marcali.plebania.hu\/wp-content\/uploads\/2024\/09\/02-2-1024x683.jpg 1024w, https:\/\/marcali.plebania.hu\/wp-content\/uploads\/2024\/09\/02-2-300x200.jpg 300w, https:\/\/marcali.plebania.hu\/wp-content\/uploads\/2024\/09\/02-2-768x512.jpg 768w, https:\/\/marcali.plebania.hu\/wp-content\/uploads\/2024\/09\/02-2-1536x1024.jpg 1536w, https:\/\/marcali.plebania.hu\/wp-content\/uploads\/2024\/09\/02-2-2048x1365.jpg 2048w, https:\/\/marcali.plebania.hu\/wp-content\/uploads\/2024\/09\/02-2-405x270.jpg 405w\" sizes=\"auto, (max-width: 1024px) 100vw, 1024px\" \/><\/figure>\n\n\n\n<figure class=\"wp-block-image size-large\"><img loading=\"lazy\" decoding=\"async\" width=\"1024\" height=\"683\" data-id=\"6106\" src=\"https:\/\/marcali.plebania.hu\/wp-content\/uploads\/2024\/09\/04-2-1024x683.jpg\" alt=\"\" class=\"wp-image-6106\" srcset=\"https:\/\/marcali.plebania.hu\/wp-content\/uploads\/2024\/09\/04-2-1024x683.jpg 1024w, https:\/\/marcali.plebania.hu\/wp-content\/uploads\/2024\/09\/04-2-300x200.jpg 300w, https:\/\/marcali.plebania.hu\/wp-content\/uploads\/2024\/09\/04-2-768x512.jpg 768w, https:\/\/marcali.plebania.hu\/wp-content\/uploads\/2024\/09\/04-2-1536x1024.jpg 1536w, https:\/\/marcali.plebania.hu\/wp-content\/uploads\/2024\/09\/04-2-2048x1365.jpg 2048w, https:\/\/marcali.plebania.hu\/wp-content\/uploads\/2024\/09\/04-2-405x270.jpg 405w\" sizes=\"auto, (max-width: 1024px) 100vw, 1024px\" \/><\/figure>\n\n\n\n<figure class=\"wp-block-image size-large\"><img loading=\"lazy\" decoding=\"async\" width=\"1024\" height=\"683\" data-id=\"6103\" src=\"https:\/\/marcali.plebania.hu\/wp-content\/uploads\/2024\/09\/03-2-1024x683.jpg\" alt=\"\" class=\"wp-image-6103\" srcset=\"https:\/\/marcali.plebania.hu\/wp-content\/uploads\/2024\/09\/03-2-1024x683.jpg 1024w, https:\/\/marcali.plebania.hu\/wp-content\/uploads\/2024\/09\/03-2-300x200.jpg 300w, https:\/\/marcali.plebania.hu\/wp-content\/uploads\/2024\/09\/03-2-768x512.jpg 768w, https:\/\/marcali.plebania.hu\/wp-content\/uploads\/2024\/09\/03-2-1536x1024.jpg 1536w, https:\/\/marcali.plebania.hu\/wp-content\/uploads\/2024\/09\/03-2-2048x1365.jpg 2048w, https:\/\/marcali.plebania.hu\/wp-content\/uploads\/2024\/09\/03-2-405x270.jpg 405w\" sizes=\"auto, (max-width: 1024px) 100vw, 1024px\" \/><\/figure>\n\n\n\n<figure class=\"wp-block-image size-large\"><img loading=\"lazy\" decoding=\"async\" width=\"1024\" height=\"683\" data-id=\"6107\" src=\"https:\/\/marcali.plebania.hu\/wp-content\/uploads\/2024\/09\/07-1-1024x683.jpg\" alt=\"\" class=\"wp-image-6107\" srcset=\"https:\/\/marcali.plebania.hu\/wp-content\/uploads\/2024\/09\/07-1-1024x683.jpg 1024w, https:\/\/marcali.plebania.hu\/wp-content\/uploads\/2024\/09\/07-1-300x200.jpg 300w, https:\/\/marcali.plebania.hu\/wp-content\/uploads\/2024\/09\/07-1-768x512.jpg 768w, https:\/\/marcali.plebania.hu\/wp-content\/uploads\/2024\/09\/07-1-1536x1024.jpg 1536w, https:\/\/marcali.plebania.hu\/wp-content\/uploads\/2024\/09\/07-1-2048x1365.jpg 2048w, https:\/\/marcali.plebania.hu\/wp-content\/uploads\/2024\/09\/07-1-405x270.jpg 405w\" sizes=\"auto, (max-width: 1024px) 100vw, 1024px\" \/><\/figure>\n<\/figure>\n\n\n\n<p>A R\u00f3mai Katolikus Egyh\u00e1zk\u00f6zs\u00e9g tagjai a k\u00e1polna bej\u00e1rata el\u0151tt f\u00e9lk\u00f6r\u00edvben sz\u0151l\u0151lugast k\u00e9sz\u00edtettek, melyet a m\u00e9g fellelhet\u0151 z\u00f6lds\u00e9gekkel \u00e9s gy\u00fcm\u00f6lcs\u00f6kkel d\u00edsz\u00edtettek ki. A templom belsej\u00e9t szint\u00e9n feld\u00edsz\u00edtett\u00e9k, b\u00e1r csak nagyon purit\u00e1n m\u00f3don, mivel az idei forr\u00f3 ny\u00e1r k\u00f6vetkezt\u00e9ben minden term\u00e9ny hamarabb be\u00e9rett, \u00e9s sok helyen m\u00e1r a sz\u00fcreti munk\u00e1kat is befejezt\u00e9k.<\/p>\n\n\n\n<p>A szentmise ut\u00e1n Tomanek Ferenc \u00c1ron pl\u00e9b\u00e1nos meg\u00e1ldotta a z\u00f6lds\u00e9geket \u00e9s a gy\u00fcm\u00f6lcs\u00f6ket, valamint h\u00e1l\u00e1t adott Istennek az idei term\u00e9s\u00e9rt a jelenl\u00e9v\u0151 h\u00edvekkel egy\u00fctt.<\/p>\n\n\n\n<figure class=\"wp-block-gallery has-nested-images columns-default is-cropped wp-block-gallery-2 is-layout-flex wp-block-gallery-is-layout-flex\">\n<figure class=\"wp-block-image size-large\"><img loading=\"lazy\" decoding=\"async\" width=\"1024\" height=\"683\" data-id=\"6109\" src=\"https:\/\/marcali.plebania.hu\/wp-content\/uploads\/2024\/09\/09-1-1024x683.jpg\" alt=\"\" class=\"wp-image-6109\" srcset=\"https:\/\/marcali.plebania.hu\/wp-content\/uploads\/2024\/09\/09-1-1024x683.jpg 1024w, https:\/\/marcali.plebania.hu\/wp-content\/uploads\/2024\/09\/09-1-300x200.jpg 300w, https:\/\/marcali.plebania.hu\/wp-content\/uploads\/2024\/09\/09-1-768x512.jpg 768w, https:\/\/marcali.plebania.hu\/wp-content\/uploads\/2024\/09\/09-1-1536x1024.jpg 1536w, https:\/\/marcali.plebania.hu\/wp-content\/uploads\/2024\/09\/09-1-2048x1365.jpg 2048w, https:\/\/marcali.plebania.hu\/wp-content\/uploads\/2024\/09\/09-1-405x270.jpg 405w\" sizes=\"auto, (max-width: 1024px) 100vw, 1024px\" \/><\/figure>\n\n\n\n<figure class=\"wp-block-image size-large\"><img loading=\"lazy\" decoding=\"async\" width=\"1024\" height=\"683\" data-id=\"6108\" src=\"https:\/\/marcali.plebania.hu\/wp-content\/uploads\/2024\/09\/10-1-1024x683.jpg\" alt=\"\" class=\"wp-image-6108\" srcset=\"https:\/\/marcali.plebania.hu\/wp-content\/uploads\/2024\/09\/10-1-1024x683.jpg 1024w, https:\/\/marcali.plebania.hu\/wp-content\/uploads\/2024\/09\/10-1-300x200.jpg 300w, https:\/\/marcali.plebania.hu\/wp-content\/uploads\/2024\/09\/10-1-768x512.jpg 768w, https:\/\/marcali.plebania.hu\/wp-content\/uploads\/2024\/09\/10-1-1536x1024.jpg 1536w, https:\/\/marcali.plebania.hu\/wp-content\/uploads\/2024\/09\/10-1-2048x1365.jpg 2048w, https:\/\/marcali.plebania.hu\/wp-content\/uploads\/2024\/09\/10-1-405x270.jpg 405w\" sizes=\"auto, (max-width: 1024px) 100vw, 1024px\" \/><\/figure>\n\n\n\n<figure class=\"wp-block-image size-large\"><img loading=\"lazy\" decoding=\"async\" width=\"1024\" height=\"683\" data-id=\"6110\" src=\"https:\/\/marcali.plebania.hu\/wp-content\/uploads\/2024\/09\/11-1024x683.jpg\" alt=\"\" class=\"wp-image-6110\" srcset=\"https:\/\/marcali.plebania.hu\/wp-content\/uploads\/2024\/09\/11-1024x683.jpg 1024w, https:\/\/marcali.plebania.hu\/wp-content\/uploads\/2024\/09\/11-300x200.jpg 300w, https:\/\/marcali.plebania.hu\/wp-content\/uploads\/2024\/09\/11-768x512.jpg 768w, https:\/\/marcali.plebania.hu\/wp-content\/uploads\/2024\/09\/11-1536x1024.jpg 1536w, https:\/\/marcali.plebania.hu\/wp-content\/uploads\/2024\/09\/11-2048x1365.jpg 2048w, https:\/\/marcali.plebania.hu\/wp-content\/uploads\/2024\/09\/11-405x270.jpg 405w\" sizes=\"auto, (max-width: 1024px) 100vw, 1024px\" \/><\/figure>\n\n\n\n<figure class=\"wp-block-image size-large\"><img loading=\"lazy\" decoding=\"async\" width=\"1024\" height=\"683\" data-id=\"6111\" src=\"https:\/\/marcali.plebania.hu\/wp-content\/uploads\/2024\/09\/12-1024x683.jpg\" alt=\"\" class=\"wp-image-6111\" srcset=\"https:\/\/marcali.plebania.hu\/wp-content\/uploads\/2024\/09\/12-1024x683.jpg 1024w, https:\/\/marcali.plebania.hu\/wp-content\/uploads\/2024\/09\/12-300x200.jpg 300w, https:\/\/marcali.plebania.hu\/wp-content\/uploads\/2024\/09\/12-768x512.jpg 768w, https:\/\/marcali.plebania.hu\/wp-content\/uploads\/2024\/09\/12-1536x1024.jpg 1536w, https:\/\/marcali.plebania.hu\/wp-content\/uploads\/2024\/09\/12-2048x1365.jpg 2048w, https:\/\/marcali.plebania.hu\/wp-content\/uploads\/2024\/09\/12-405x270.jpg 405w\" sizes=\"auto, (max-width: 1024px) 100vw, 1024px\" \/><\/figure>\n<\/figure>\n\n\n\n<p>\u00c9nekkel k\u00f6zrem\u0171k\u00f6d\u00f6tt Balogh B\u00e1lint k\u00e1ntor, mivel a k\u00e1poln\u00e1ban nincs orgona.<\/p>\n\n\n\n<p>Az \u00fcnnepi istentiszteletet k\u00f6vet\u0151en a k\u00e1polna el\u0151tti udvaron, Gelencs\u00e9r R\u00f3bert vil\u00e1gi eln\u00f6k \u00e9s feles\u00e9ge, valamint T\u00f3th P\u00e9ter s\u00f3s- \u00e9s \u00e9des-s\u00fctem\u00e9nyekkel, friss\u00edt\u0151kkel \u00e9s borral is k\u00edn\u00e1lt\u00e1k a jelenl\u00e9v\u0151ket, melyeket a vend\u00e9gl\u00e1t\u00f3k, \u00e9s a h\u00edvek k\u00e9sz\u00edtettek. Ferenc atya a szeretetvend\u00e9gs\u00e9g \u00e9teleit \u00e9s italait ezt megel\u0151z\u0151en szint\u00e9n \u00e1ld\u00e1sban r\u00e9szes\u00edtette. Az \u00fcnneps\u00e9g felh\u0151tlen hangulat\u00fa besz\u00e9lget\u00e9ssel z\u00e1rult.<\/p>\n\n\n\n<figure class=\"wp-block-gallery has-nested-images columns-default is-cropped wp-block-gallery-3 is-layout-flex wp-block-gallery-is-layout-flex\">\n<figure class=\"wp-block-image size-large\"><img loading=\"lazy\" decoding=\"async\" width=\"1024\" height=\"683\" data-id=\"6118\" src=\"https:\/\/marcali.plebania.hu\/wp-content\/uploads\/2024\/09\/14-1-1024x683.jpg\" alt=\"\" class=\"wp-image-6118\" srcset=\"https:\/\/marcali.plebania.hu\/wp-content\/uploads\/2024\/09\/14-1-1024x683.jpg 1024w, https:\/\/marcali.plebania.hu\/wp-content\/uploads\/2024\/09\/14-1-300x200.jpg 300w, https:\/\/marcali.plebania.hu\/wp-content\/uploads\/2024\/09\/14-1-768x512.jpg 768w, https:\/\/marcali.plebania.hu\/wp-content\/uploads\/2024\/09\/14-1-1536x1024.jpg 1536w, https:\/\/marcali.plebania.hu\/wp-content\/uploads\/2024\/09\/14-1-2048x1365.jpg 2048w, https:\/\/marcali.plebania.hu\/wp-content\/uploads\/2024\/09\/14-1-405x270.jpg 405w\" sizes=\"auto, (max-width: 1024px) 100vw, 1024px\" \/><\/figure>\n\n\n\n<figure class=\"wp-block-image size-large\"><img loading=\"lazy\" decoding=\"async\" width=\"1024\" height=\"683\" data-id=\"6112\" src=\"https:\/\/marcali.plebania.hu\/wp-content\/uploads\/2024\/09\/15-1-1024x683.jpg\" alt=\"\" class=\"wp-image-6112\" srcset=\"https:\/\/marcali.plebania.hu\/wp-content\/uploads\/2024\/09\/15-1-1024x683.jpg 1024w, https:\/\/marcali.plebania.hu\/wp-content\/uploads\/2024\/09\/15-1-300x200.jpg 300w, https:\/\/marcali.plebania.hu\/wp-content\/uploads\/2024\/09\/15-1-768x512.jpg 768w, https:\/\/marcali.plebania.hu\/wp-content\/uploads\/2024\/09\/15-1-1536x1024.jpg 1536w, https:\/\/marcali.plebania.hu\/wp-content\/uploads\/2024\/09\/15-1-2048x1365.jpg 2048w, https:\/\/marcali.plebania.hu\/wp-content\/uploads\/2024\/09\/15-1-405x270.jpg 405w\" sizes=\"auto, (max-width: 1024px) 100vw, 1024px\" \/><\/figure>\n\n\n\n<figure class=\"wp-block-image size-large\"><img loading=\"lazy\" decoding=\"async\" width=\"1024\" height=\"683\" data-id=\"6116\" src=\"https:\/\/marcali.plebania.hu\/wp-content\/uploads\/2024\/09\/19-1-1024x683.jpg\" alt=\"\" class=\"wp-image-6116\" srcset=\"https:\/\/marcali.plebania.hu\/wp-content\/uploads\/2024\/09\/19-1-1024x683.jpg 1024w, https:\/\/marcali.plebania.hu\/wp-content\/uploads\/2024\/09\/19-1-300x200.jpg 300w, https:\/\/marcali.plebania.hu\/wp-content\/uploads\/2024\/09\/19-1-768x512.jpg 768w, https:\/\/marcali.plebania.hu\/wp-content\/uploads\/2024\/09\/19-1-1536x1024.jpg 1536w, https:\/\/marcali.plebania.hu\/wp-content\/uploads\/2024\/09\/19-1-2048x1365.jpg 2048w, https:\/\/marcali.plebania.hu\/wp-content\/uploads\/2024\/09\/19-1-405x270.jpg 405w\" sizes=\"auto, (max-width: 1024px) 100vw, 1024px\" \/><\/figure>\n\n\n\n<figure class=\"wp-block-image size-large\"><img loading=\"lazy\" decoding=\"async\" width=\"1024\" height=\"683\" data-id=\"6114\" src=\"https:\/\/marcali.plebania.hu\/wp-content\/uploads\/2024\/09\/18-1-1024x683.jpg\" alt=\"\" class=\"wp-image-6114\" srcset=\"https:\/\/marcali.plebania.hu\/wp-content\/uploads\/2024\/09\/18-1-1024x683.jpg 1024w, https:\/\/marcali.plebania.hu\/wp-content\/uploads\/2024\/09\/18-1-300x200.jpg 300w, https:\/\/marcali.plebania.hu\/wp-content\/uploads\/2024\/09\/18-1-768x512.jpg 768w, https:\/\/marcali.plebania.hu\/wp-content\/uploads\/2024\/09\/18-1-1536x1024.jpg 1536w, https:\/\/marcali.plebania.hu\/wp-content\/uploads\/2024\/09\/18-1-2048x1365.jpg 2048w, https:\/\/marcali.plebania.hu\/wp-content\/uploads\/2024\/09\/18-1-405x270.jpg 405w\" sizes=\"auto, (max-width: 1024px) 100vw, 1024px\" \/><\/figure>\n<\/figure>\n\n\n\n<p>K\u00f6sz\u00f6net mindenkinek, akik valamivel is hozz\u00e1j\u00e1rultak az \u00fcnnepi h\u00e1laad\u00e1shoz!<\/p>\n\n\n\n<p>\u00cdrta \u00e9s fot\u00f3k: Kiss K\u00e1lm\u00e1n<\/p>\n","protected":false},"excerpt":{"rendered":"<p>2024. szeptember 29-\u00e9n, vas\u00e1rnap 11 \u00f3rakor az Orb\u00e1n k\u00e1poln\u00e1ban \u2013 a r\u00e9gi hagyom\u00e1nyok folyom\u00e1nyak\u00e9nt \u2013 az id\u00e9n is megtartott\u00e1k a term\u00e9nybetakar\u00edt\u00f3 h\u00e1laad\u00f3 \u00fcnnepi szentmis\u00e9t. A R\u00f3mai Katolikus Egyh\u00e1zk\u00f6zs\u00e9g tagjai a k\u00e1polna bej\u00e1rata el\u0151tt f\u00e9lk\u00f6r\u00edvben sz\u0151l\u0151lugast k\u00e9sz\u00edtettek, melyet a m\u00e9g fellelhet\u0151 z\u00f6lds\u00e9gekkel \u00e9s gy\u00fcm\u00f6lcs\u00f6kkel d\u00edsz\u00edtettek ki. A templom belsej\u00e9t szint\u00e9n feld\u00edsz\u00edtett\u00e9k, b\u00e1r csak nagyon purit\u00e1n m\u00f3don, mivel az idei forr\u00f3 ny\u00e1r k\u00f6vetkezt\u00e9ben minden term\u00e9ny hamarabb be\u00e9rett, \u00e9s sok helyen m\u00e1r a sz\u00fcreti munk\u00e1kat is befejezt\u00e9k. A szentmise ut\u00e1n Tomanek Ferenc \u00c1ron&#8230;<\/p>\n<p class=\"read-more\"><a class=\"btn btn-default\" href=\"https:\/\/marcali.plebania.hu\/?p=6102\"> Read More<span class=\"screen-reader-text\">  Read More<\/span><\/a><\/p>\n","protected":false},"author":2,"featured_media":0,"comment_status":"closed","ping_status":"open","sticky":false,"template":"","format":"standard","meta":{"footnotes":""},"categories":[1],"tags":[],"class_list":["post-6102","post","type-post","status-publish","format-standard","hentry","category-egyeb"],"_links":{"self":[{"href":"https:\/\/marcali.plebania.hu\/index.php?rest_route=\/wp\/v2\/posts\/6102","targetHints":{"allow":["GET"]}}],"collection":[{"href":"https:\/\/marcali.plebania.hu\/index.php?rest_route=\/wp\/v2\/posts"}],"about":[{"href":"https:\/\/marcali.plebania.hu\/index.php?rest_route=\/wp\/v2\/types\/post"}],"author":[{"embeddable":true,"href":"https:\/\/marcali.plebania.hu\/index.php?rest_route=\/wp\/v2\/users\/2"}],"replies":[{"embeddable":true,"href":"https:\/\/marcali.plebania.hu\/index.php?rest_route=%2Fwp%2Fv2%2Fcomments&post=6102"}],"version-history":[{"count":2,"href":"https:\/\/marcali.plebania.hu\/index.php?rest_route=\/wp\/v2\/posts\/6102\/revisions"}],"predecessor-version":[{"id":6119,"href":"https:\/\/marcali.plebania.hu\/index.php?rest_route=\/wp\/v2\/posts\/6102\/revisions\/6119"}],"wp:attachment":[{"href":"https:\/\/marcali.plebania.hu\/index.php?rest_route=%2Fwp%2Fv2%2Fmedia&parent=6102"}],"wp:term":[{"taxonomy":"category","embeddable":true,"href":"https:\/\/marcali.plebania.hu\/index.php?rest_route=%2Fwp%2Fv2%2Fcategories&post=6102"},{"taxonomy":"post_tag","embeddable":true,"href":"https:\/\/marcali.plebania.hu\/index.php?rest_route=%2Fwp%2Fv2%2Ftags&post=6102"}],"curies":[{"name":"wp","href":"https:\/\/api.w.org\/{rel}","templated":true}]}}