{"id":6127,"date":"2024-10-07T12:36:44","date_gmt":"2024-10-07T12:36:44","guid":{"rendered":"https:\/\/marcali.plebania.hu\/?p=6127"},"modified":"2024-10-07T12:36:44","modified_gmt":"2024-10-07T12:36:44","slug":"hirdetesek-2024-oktober-6-an","status":"publish","type":"post","link":"https:\/\/marcali.plebania.hu\/?p=6127","title":{"rendered":"Hirdet\u00e9sek 2024. okt\u00f3ber 6-\u00e1n"},"content":{"rendered":"\n<p><strong><a href=\"https:\/\/igenaptar.katolikus.hu\/2024\/nap\/index.php?holnap=2024-10-06\" target=\"_blank\" rel=\"noreferrer noopener\"><u>\u00c9vk\u00f6zi 27. vas\u00e1rnap<\/u><\/a><\/strong><strong><\/strong><\/p>\n\n\n\n<ol class=\"wp-block-list\" start=\"1\">\n<li>H\u00e9tf\u0151re Ferenc p\u00e1pa ima- \u00e9s b\u00f6jtnapot hirdetett a b\u00e9k\u00e9\u00e9rt.<\/li>\n\n\n\n<li>A <strong>F\u00e9rfi-k\u00f6r<\/strong> k\u00f6vetkez\u0151 tal\u00e1lkoz\u00f3ja szerd\u00e1n 18:00-kor kezd\u0151dik a pl\u00e9b\u00e1ni\u00e1n.<\/li>\n\n\n\n<li>Cs\u00fct\u00f6rt\u00f6k\u00f6n 18 \u00f3rakor Kurucz \u00c1d\u00e1m Konr\u00e1d: Pilinszky-monodr\u00e1ma el\u0151ad\u00e1st tart az X-h\u00e1zban (D\u00f3zsa u. 3.), melyre minden \u00e9rdekl\u0151d\u0151t szeretettel h\u00edvunk \u00e9s v\u00e1runk. A bel\u00e9p\u00e9s ingyenes, de a szervez\u00e9s k\u00f6lts\u00e9geihez adom\u00e1nyokat k\u00f6sz\u00f6nettel elfogadunk. Aznap az el\u0151ad\u00e1s miatt 17 \u00f3rakor kezd\u0151dik a <strong>szentmise<\/strong>.<\/li>\n\n\n\n<li>Okt\u00f3ber h\u00f3napban az esti szentmis\u00e9k el\u0151tt r\u00f3zsaf\u00fcz\u00e9rt im\u00e1dkozunk. (Ezen k\u00edv\u00fcl minden p\u00e9nteken 22 \u00f3rakor is im\u00e1dkozunk <strong>a b\u00e9k\u00e9\u00e9rt<\/strong> a pl\u00e9b\u00e1niatemplomban.)<\/li>\n\n\n\n<li>Szombaton 17 \u00f3rakor kezd\u0151dik a pl\u00e9b\u00e1niatemplomban a fatimai <strong>ima\u00f3ra \u00e9s h\u00e1laad\u00e1s az elm\u00falt 20 \u00e9v\u00e9rt, <\/strong>melyre mindenkit szeretettel h\u00edvunk \u00e9s v\u00e1runk.<\/li>\n\n\n\n<li>A jelenlegi <strong>k\u00e9pvisel\u0151-test\u00fclet<\/strong> mand\u00e1tum\u00e1nak lej\u00e1rt\u00e1val id\u00e9n \u00fajat v\u00e1lasztunk, melyben hivatalb\u00f3l tagok: a pl\u00e9b\u00e1nos, az akolitus \u00e9s a hitoktat\u00f3k v\u00e1lasztott k\u00e9pvisel\u0151je. Rajtuk k\u00edv\u00fcl 6 f\u0151t v\u00e1lasztanak az egyh\u00e1zi hozz\u00e1j\u00e1rul\u00e1st rendszeresen fizet\u0151k, el\u0151sz\u00f6r az \u0151 jel\u00f6l\u00e9seiket v\u00e1rjuk. Azokat lehet jel\u00f6lni, akik a pl\u00e9b\u00e1nia ter\u00fclet\u00e9n laknak vagy akt\u00edv tagjai a pl\u00e9b\u00e1nia k\u00f6z\u00f6ss\u00e9g\u00e9nek, katolikus feln\u0151ttek (de a 75. \u00e9let\u00e9v\u00fcket m\u00e9g nem t\u00f6lt\u00f6tt\u00e9k be), akik a kereszts\u00e9g, els\u0151\u00e1ldoz\u00e1s, b\u00e9rm\u00e1l\u00e1s szents\u00e9g\u00e9ben r\u00e9szes\u00fcltek \u00e9s rendszeresen r\u00e9szt vesznek a vas\u00e1rnapi szentmis\u00e9n, valamint anyagilag is rendszeresen t\u00e1mogatj\u00e1k az egyh\u00e1zat. K\u00e9rj\u00fck az egyh\u00e1zi hozz\u00e1j\u00e1rul\u00e1st fizet\u0151ket, gondolkozzanak rajta, kiket javasolnak a jel\u00f6ltlist\u00e1ra. A jel\u00f6l\u00e9s m\u00f3dj\u00e1t j\u00f6v\u0151 vas\u00e1rnap hirdetj\u00fck.<\/li>\n\n\n\n<li>Okt\u00f3ber 20-\u00e1n Varga L\u00e1szl\u00f3 p\u00fcsp\u00f6k atya mis\u00e9zik a pl\u00e9b\u00e1niatemplomban 10 \u00f3rakor, ut\u00e1na meg\u00e1ldja a fel\u00faj\u00edtott pl\u00e9b\u00e1nia\u00e9p\u00fcletet. Azon a vas\u00e1rnapon ez a <strong>p\u00fcsp\u00f6ki szentmise<\/strong> lesz az egyetlen mise pl\u00e9b\u00e1ni\u00e1nk ter\u00fclet\u00e9n. Szeretettel h\u00edvunk r\u00e1 minden h\u00edv\u0151t.<\/li>\n<\/ol>\n","protected":false},"excerpt":{"rendered":"<p>\u00c9vk\u00f6zi 27. vas\u00e1rnap<\/p>\n","protected":false},"author":2,"featured_media":0,"comment_status":"closed","ping_status":"open","sticky":false,"template":"","format":"standard","meta":{"footnotes":""},"categories":[1],"tags":[],"class_list":["post-6127","post","type-post","status-publish","format-standard","hentry","category-egyeb"],"_links":{"self":[{"href":"https:\/\/marcali.plebania.hu\/index.php?rest_route=\/wp\/v2\/posts\/6127","targetHints":{"allow":["GET"]}}],"collection":[{"href":"https:\/\/marcali.plebania.hu\/index.php?rest_route=\/wp\/v2\/posts"}],"about":[{"href":"https:\/\/marcali.plebania.hu\/index.php?rest_route=\/wp\/v2\/types\/post"}],"author":[{"embeddable":true,"href":"https:\/\/marcali.plebania.hu\/index.php?rest_route=\/wp\/v2\/users\/2"}],"replies":[{"embeddable":true,"href":"https:\/\/marcali.plebania.hu\/index.php?rest_route=%2Fwp%2Fv2%2Fcomments&post=6127"}],"version-history":[{"count":1,"href":"https:\/\/marcali.plebania.hu\/index.php?rest_route=\/wp\/v2\/posts\/6127\/revisions"}],"predecessor-version":[{"id":6128,"href":"https:\/\/marcali.plebania.hu\/index.php?rest_route=\/wp\/v2\/posts\/6127\/revisions\/6128"}],"wp:attachment":[{"href":"https:\/\/marcali.plebania.hu\/index.php?rest_route=%2Fwp%2Fv2%2Fmedia&parent=6127"}],"wp:term":[{"taxonomy":"category","embeddable":true,"href":"https:\/\/marcali.plebania.hu\/index.php?rest_route=%2Fwp%2Fv2%2Fcategories&post=6127"},{"taxonomy":"post_tag","embeddable":true,"href":"https:\/\/marcali.plebania.hu\/index.php?rest_route=%2Fwp%2Fv2%2Ftags&post=6127"}],"curies":[{"name":"wp","href":"https:\/\/api.w.org\/{rel}","templated":true}]}}