{"id":6130,"date":"2024-10-15T09:29:22","date_gmt":"2024-10-15T09:29:22","guid":{"rendered":"https:\/\/marcali.plebania.hu\/?p=6130"},"modified":"2024-10-15T09:29:22","modified_gmt":"2024-10-15T09:29:22","slug":"hirdetesek-2024-oktober-13-an","status":"publish","type":"post","link":"https:\/\/marcali.plebania.hu\/?p=6130","title":{"rendered":"Hirdet\u00e9sek 2024. okt\u00f3ber 13-\u00e1n"},"content":{"rendered":"\n<p><strong><a href=\"https:\/\/igenaptar.katolikus.hu\/2024\/nap\/index.php?holnap=2024-10-13\" target=\"_blank\" rel=\"noreferrer noopener\"><u>\u00c9vk\u00f6zi 28. vas\u00e1rnap<\/u><\/a><\/strong><strong><\/strong><\/p>\n\n\n\n<ol class=\"wp-block-list\" start=\"1\">\n<li>Okt\u00f3ber h\u00f3napban az esti szentmis\u00e9k el\u0151tt <strong>r\u00f3zsaf\u00fcz\u00e9r<\/strong>t im\u00e1dkozunk.<\/li>\n\n\n\n<li>A feln\u0151tt<strong>hittan<\/strong> \u00e9s <strong>szents\u00e9gi felk\u00e9sz\u00edt\u0151<\/strong> szerd\u00e1n 18:45-kor kezd\u0151dik a pl\u00e9b\u00e1ni\u00e1n.<\/li>\n\n\n\n<li>J\u00f6v\u0151 vas\u00e1rnap Varga L\u00e1szl\u00f3 p\u00fcsp\u00f6k atya mis\u00e9zik a pl\u00e9b\u00e1niatemplomban 10 \u00f3rakor, ut\u00e1na meg\u00e1ldja a fel\u00faj\u00edtott pl\u00e9b\u00e1nia\u00e9p\u00fcletet. Azon a vas\u00e1rnapon ez a <strong>p\u00fcsp\u00f6ki szentmise<\/strong> lesz az egyetlen mise pl\u00e9b\u00e1ni\u00e1nk ter\u00fclet\u00e9n. Szeretettel h\u00edvunk r\u00e1 minden h\u00edv\u0151t. Az \u00e1ld\u00e1s ut\u00e1n agap\u00e9ra h\u00edvjuk a h\u00edveket a pl\u00e9b\u00e1niaudvarba. K\u00e9rj\u00fck, aki tud, pog\u00e1cs\u00e1val vagy s\u00fctem\u00e9nnyel j\u00e1ruljon hozz\u00e1 a vend\u00e9gs\u00e9ghez.<\/li>\n\n\n\n<li>J\u00f6v\u0151 vas\u00e1rnap a <strong>misszi\u00f3k jav\u00e1ra<\/strong> lesz <strong>gy\u0171jt\u00e9s<\/strong>, a perselyadom\u00e1nyokat e c\u00e9lra tov\u00e1bb\u00edtjuk. Seg\u00edts\u00fck az Egyh\u00e1z misszi\u00f3s tev\u00e9kenys\u00e9g\u00e9t ezen a m\u00f3don is!<\/li>\n\n\n\n<li>A jelenlegi <strong>k\u00e9pvisel\u0151-test\u00fclet<\/strong> mand\u00e1tum\u00e1nak lej\u00e1rt\u00e1val id\u00e9n \u00fajat v\u00e1lasztunk, melyben hivatalb\u00f3l tagok: a pl\u00e9b\u00e1nos, az akolitus \u00e9s a hitoktat\u00f3k v\u00e1lasztott k\u00e9pvisel\u0151je. Rajtuk k\u00edv\u00fcl 6 f\u0151t v\u00e1lasztanak az egyh\u00e1zi hozz\u00e1j\u00e1rul\u00e1st rendszeresen fizet\u0151k, el\u0151sz\u00f6r az \u0151 jel\u00f6l\u00e9seiket v\u00e1rjuk. Azokat lehet jel\u00f6lni, akik a pl\u00e9b\u00e1nia ter\u00fclet\u00e9n laknak vagy akt\u00edv tagjai a pl\u00e9b\u00e1nia k\u00f6z\u00f6ss\u00e9g\u00e9nek, katolikus feln\u0151ttek (de a 75. \u00e9let\u00e9v\u00fcket m\u00e9g nem t\u00f6lt\u00f6tt\u00e9k be), akik a kereszts\u00e9g, az els\u0151\u00e1ldoz\u00e1s \u00e9s b\u00e9rm\u00e1l\u00e1s szents\u00e9g\u00e9ben is r\u00e9szes\u00fcltek \u00e9s rendszeresen r\u00e9szt vesznek a vas\u00e1rnapi szentmis\u00e9n, valamint anyagilag is rendszeresen t\u00e1mogatj\u00e1k az egyh\u00e1zat. K\u00e9rj\u00fck az egyh\u00e1zi hozz\u00e1j\u00e1rul\u00e1st fizet\u0151ket, egy pap\u00edrra \u00edrj\u00e1k le, kiket javasolnak (t\u00f6bb szem\u00e9lyt is lehet). A j\u00f6v\u0151 vas\u00e1rnapi szentmis\u00e9n \u00e9s az azt k\u00f6vet\u0151 h\u00e9ten gy\u0171jtj\u00fck \u00f6ssze a javaslatokat tartalmaz\u00f3 pap\u00edrokat.<\/li>\n\n\n\n<li>Az \u00f3ra\u00e1t\u00e1ll\u00edt\u00e1s napj\u00e1t\u00f3l (okt\u00f3ber 27-t\u0151l) kezdve az <strong>esti szentmis\u00e9k<\/strong> 18:00 helyett 17:30-kor kezd\u0151dnek.<\/li>\n<\/ol>\n","protected":false},"excerpt":{"rendered":"<p>\u00c9vk\u00f6zi 28. vas\u00e1rnap<\/p>\n","protected":false},"author":2,"featured_media":0,"comment_status":"closed","ping_status":"open","sticky":false,"template":"","format":"standard","meta":{"footnotes":""},"categories":[1],"tags":[],"class_list":["post-6130","post","type-post","status-publish","format-standard","hentry","category-egyeb"],"_links":{"self":[{"href":"https:\/\/marcali.plebania.hu\/index.php?rest_route=\/wp\/v2\/posts\/6130","targetHints":{"allow":["GET"]}}],"collection":[{"href":"https:\/\/marcali.plebania.hu\/index.php?rest_route=\/wp\/v2\/posts"}],"about":[{"href":"https:\/\/marcali.plebania.hu\/index.php?rest_route=\/wp\/v2\/types\/post"}],"author":[{"embeddable":true,"href":"https:\/\/marcali.plebania.hu\/index.php?rest_route=\/wp\/v2\/users\/2"}],"replies":[{"embeddable":true,"href":"https:\/\/marcali.plebania.hu\/index.php?rest_route=%2Fwp%2Fv2%2Fcomments&post=6130"}],"version-history":[{"count":1,"href":"https:\/\/marcali.plebania.hu\/index.php?rest_route=\/wp\/v2\/posts\/6130\/revisions"}],"predecessor-version":[{"id":6131,"href":"https:\/\/marcali.plebania.hu\/index.php?rest_route=\/wp\/v2\/posts\/6130\/revisions\/6131"}],"wp:attachment":[{"href":"https:\/\/marcali.plebania.hu\/index.php?rest_route=%2Fwp%2Fv2%2Fmedia&parent=6130"}],"wp:term":[{"taxonomy":"category","embeddable":true,"href":"https:\/\/marcali.plebania.hu\/index.php?rest_route=%2Fwp%2Fv2%2Fcategories&post=6130"},{"taxonomy":"post_tag","embeddable":true,"href":"https:\/\/marcali.plebania.hu\/index.php?rest_route=%2Fwp%2Fv2%2Ftags&post=6130"}],"curies":[{"name":"wp","href":"https:\/\/api.w.org\/{rel}","templated":true}]}}