{"id":6133,"date":"2024-10-19T11:01:29","date_gmt":"2024-10-19T11:01:29","guid":{"rendered":"https:\/\/marcali.plebania.hu\/?p=6133"},"modified":"2024-10-19T11:03:29","modified_gmt":"2024-10-19T11:03:29","slug":"hirdetesek-2024-oktober-20-an","status":"publish","type":"post","link":"https:\/\/marcali.plebania.hu\/?p=6133","title":{"rendered":"Hirdet\u00e9sek 2024. okt\u00f3ber 20-\u00e1n"},"content":{"rendered":"\n<p><strong><a href=\"https:\/\/igenaptar.katolikus.hu\/2024\/nap\/index.php?holnap=2024-10-20\" target=\"_blank\" rel=\"noreferrer noopener\"><u>\u00c9vk\u00f6zi 29. vas\u00e1rnap<\/u><\/a><\/strong> &#8211; Misszi\u00f3k vas\u00e1rnapja<\/p>\n\n\n\n<ol start=\"1\" class=\"wp-block-list\">\n<li>Ma (okt. 20.) Varga L\u00e1szl\u00f3 p\u00fcsp\u00f6k atya mis\u00e9zik a pl\u00e9b\u00e1niatemplomban 10 \u00f3rakor, ut\u00e1na meg\u00e1ldja a fel\u00faj\u00edtott pl\u00e9b\u00e1nia\u00e9p\u00fcletet. Ez a <strong>p\u00fcsp\u00f6ki szentmise<\/strong> lesz az egyetlen mise pl\u00e9b\u00e1ni\u00e1nk ter\u00fclet\u00e9n, erre h\u00edvunk minden h\u00edv\u0151t. Az \u00e1ld\u00e1s ut\u00e1n agap\u00e9ra h\u00edvjuk a h\u00edveket a pl\u00e9b\u00e1niaudvarba. K\u00e9rj\u00fck, aki tud, pog\u00e1cs\u00e1val vagy s\u00fctem\u00e9nnyel j\u00e1ruljon hozz\u00e1 a vend\u00e9gs\u00e9ghez. A hozott finoms\u00e1gok a mise el\u0151tt leadhat\u00f3k a pl\u00e9b\u00e1niaudvaron.<\/li>\n\n\n\n<li>A <strong>mai perselyadom\u00e1ny<\/strong>okat az Egyh\u00e1z misszi\u00f3s tev\u00e9kenys\u00e9g\u00e9nek seg\u00edt\u00e9s\u00e9re tov\u00e1bb\u00edtjuk a p\u00fcsp\u00f6ks\u00e9gen kereszt\u00fcl.<\/li>\n\n\n\n<li>A <strong>F\u00e9rfi-k\u00f6r<\/strong> e heti tal\u00e1lkoz\u00f3ja kiv\u00e9telesen kedden lesz, 18 \u00f3rakor kezd\u0151dik a pl\u00e9b\u00e1ni\u00e1n.<\/li>\n\n\n\n<li>A cs\u00fct\u00f6rt\u00f6k esti szentmis\u00e9t az okt. 17-\u00e9n elhunyt Kozma Imre aty\u00e1\u00e9rt, a Magyar M\u00e1ltai Szeretetszolg\u00e1lat alap\u00edt\u00f3 eln\u00f6k\u00e9\u00e9rt aj\u00e1nljuk fel.<\/li>\n\n\n\n<li>Minden h\u00f3nap utols\u00f3 p\u00e9nteki szentmis\u00e9j\u00e9t pl\u00e9b\u00e1ni\u00e1nk elhunytjai\u00e9rt aj\u00e1nljuk fel.<\/li>\n\n\n\n<li>A p\u00e9ntek esti <strong>r\u00f3zsaf\u00fcz\u00e9r<\/strong>-im\u00e1dkoz\u00e1s a b\u00e9k\u00e9\u00e9rt e h\u00e9tt\u0151l kezdve (okt. 25-t\u0151l) 22 \u00f3ra helyett 20 \u00f3rakor kezd\u0151dik a pl\u00e9b\u00e1niatemplomban.<\/li>\n\n\n\n<li>Az egyh\u00e1zi hozz\u00e1j\u00e1rul\u00e1st rendszeresen fizet\u0151k j\u00f6v\u0151 vas\u00e1rnapig adhatj\u00e1k le jel\u00f6l\u00e9seiket az \u00faj <strong>k\u00e9pvisel\u0151-test\u00fclet <\/strong>tagjaira a sekresty\u00e9ben \u00e9s az irod\u00e1ban. Azokat lehet jel\u00f6lni (ak\u00e1r t\u00f6bb szem\u00e9lyt is), akik a pl\u00e9b\u00e1nia ter\u00fclet\u00e9n laknak vagy akt\u00edv tagjai a pl\u00e9b\u00e1nia k\u00f6z\u00f6ss\u00e9g\u00e9nek, katolikus feln\u0151ttek (de a 75. \u00e9let\u00e9v\u00fcket m\u00e9g nem t\u00f6lt\u00f6tt\u00e9k be), akik a kereszts\u00e9g, az els\u0151\u00e1ldoz\u00e1s \u00e9s b\u00e9rm\u00e1l\u00e1s szents\u00e9g\u00e9ben is r\u00e9szes\u00fcltek \u00e9s rendszeresen r\u00e9szt vesznek a vas\u00e1rnapi szentmis\u00e9n.<\/li>\n\n\n\n<li>J\u00f6v\u0151 vas\u00e1rnap (okt. 27.) <strong>Biz\u00e9n<\/strong> \u00fcnnepl\u00fcnk <strong>b\u00facs\u00fa <\/strong>szentmis\u00e9t 11 \u00f3rakor.<\/li>\n\n\n\n<li>J\u00f6v\u0151 vas\u00e1rnapt\u00f3l, az \u00f3ra\u00e1t\u00e1ll\u00edt\u00e1s napj\u00e1t\u00f3l kezdve az <strong>esti szentmis\u00e9k<\/strong> kor\u00e1bban kezd\u0151dnek, 18:00 helyett 17:30-kor .<\/li>\n\n\n\n<li>J\u00f6v\u0151 \u00e9vi katolikus <strong>kalend\u00e1rium<\/strong> \u00e9s <strong>napt\u00e1r<\/strong> a sekresty\u00e9ben kaphat\u00f3.<\/li>\n<\/ol>\n\n\n\n<p><\/p>\n\n\n\n<p><\/p>\n\n\n\n<p><\/p>\n\n\n\n<p><\/p>\n\n\n\n<figure class=\"wp-block-image size-large\"><img loading=\"lazy\" decoding=\"async\" width=\"1024\" height=\"760\" src=\"https:\/\/marcali.plebania.hu\/wp-content\/uploads\/2024\/10\/Kepernyokep_20241019_145642-1024x760.png\" alt=\"\" class=\"wp-image-6143\" srcset=\"https:\/\/marcali.plebania.hu\/wp-content\/uploads\/2024\/10\/Kepernyokep_20241019_145642-1024x760.png 1024w, https:\/\/marcali.plebania.hu\/wp-content\/uploads\/2024\/10\/Kepernyokep_20241019_145642-300x223.png 300w, https:\/\/marcali.plebania.hu\/wp-content\/uploads\/2024\/10\/Kepernyokep_20241019_145642-768x570.png 768w, https:\/\/marcali.plebania.hu\/wp-content\/uploads\/2024\/10\/Kepernyokep_20241019_145642-364x270.png 364w, https:\/\/marcali.plebania.hu\/wp-content\/uploads\/2024\/10\/Kepernyokep_20241019_145642.png 1413w\" sizes=\"auto, (max-width: 1024px) 100vw, 1024px\" \/><\/figure>\n\n\n\n<p><\/p>\n","protected":false},"excerpt":{"rendered":"<p>\u00c9vk\u00f6zi 29. vas\u00e1rnap &#8211; Misszi\u00f3k vas\u00e1rnapja<\/p>\n","protected":false},"author":1,"featured_media":0,"comment_status":"closed","ping_status":"open","sticky":false,"template":"","format":"standard","meta":{"footnotes":""},"categories":[3],"tags":[],"class_list":["post-6133","post","type-post","status-publish","format-standard","hentry","category-hirdetesek"],"_links":{"self":[{"href":"https:\/\/marcali.plebania.hu\/index.php?rest_route=\/wp\/v2\/posts\/6133","targetHints":{"allow":["GET"]}}],"collection":[{"href":"https:\/\/marcali.plebania.hu\/index.php?rest_route=\/wp\/v2\/posts"}],"about":[{"href":"https:\/\/marcali.plebania.hu\/index.php?rest_route=\/wp\/v2\/types\/post"}],"author":[{"embeddable":true,"href":"https:\/\/marcali.plebania.hu\/index.php?rest_route=\/wp\/v2\/users\/1"}],"replies":[{"embeddable":true,"href":"https:\/\/marcali.plebania.hu\/index.php?rest_route=%2Fwp%2Fv2%2Fcomments&post=6133"}],"version-history":[{"count":13,"href":"https:\/\/marcali.plebania.hu\/index.php?rest_route=\/wp\/v2\/posts\/6133\/revisions"}],"predecessor-version":[{"id":6147,"href":"https:\/\/marcali.plebania.hu\/index.php?rest_route=\/wp\/v2\/posts\/6133\/revisions\/6147"}],"wp:attachment":[{"href":"https:\/\/marcali.plebania.hu\/index.php?rest_route=%2Fwp%2Fv2%2Fmedia&parent=6133"}],"wp:term":[{"taxonomy":"category","embeddable":true,"href":"https:\/\/marcali.plebania.hu\/index.php?rest_route=%2Fwp%2Fv2%2Fcategories&post=6133"},{"taxonomy":"post_tag","embeddable":true,"href":"https:\/\/marcali.plebania.hu\/index.php?rest_route=%2Fwp%2Fv2%2Ftags&post=6133"}],"curies":[{"name":"wp","href":"https:\/\/api.w.org\/{rel}","templated":true}]}}