{"id":6148,"date":"2024-10-14T06:58:20","date_gmt":"2024-10-14T06:58:20","guid":{"rendered":"https:\/\/marcali.plebania.hu\/?p=6148"},"modified":"2024-10-22T07:06:27","modified_gmt":"2024-10-22T07:06:27","slug":"pilinszky-monodrama-irodalmi-est-az-x-hazban","status":"publish","type":"post","link":"https:\/\/marcali.plebania.hu\/?p=6148","title":{"rendered":"Pilinszky-monodr\u00e1ma \u2013 irodalmi est az X-h\u00e1zban"},"content":{"rendered":"\n<p>2024. okt\u00f3ber 10-\u00e9n, cs\u00fct\u00f6rt\u00f6k\u00f6n 18 \u00f3r\u00e1t\u00f3l dr. Kurucz \u00c1d\u00e1m Konr\u00e1d sz\u00edn\u00e9sz, Latinovits-d\u00edjas versmond\u00f3 tartott j\u00f3t\u00e9konys\u00e1gi irodalmi estet verses-pr\u00f3zai form\u00e1ban, zenei bet\u00e9tekkel kieg\u00e9sz\u00edtve az X-h\u00e1z (D\u00f3zsa u. 3.) nagyterm\u00e9ben.<\/p>\n\n\n\n<figure class=\"wp-block-gallery has-nested-images columns-default is-cropped wp-block-gallery-1 is-layout-flex wp-block-gallery-is-layout-flex\">\n<figure class=\"wp-block-image size-large\"><img loading=\"lazy\" decoding=\"async\" width=\"1024\" height=\"683\" data-id=\"6152\" src=\"https:\/\/marcali.plebania.hu\/wp-content\/uploads\/2024\/10\/02-1-1024x683.jpg\" alt=\"\" class=\"wp-image-6152\" srcset=\"https:\/\/marcali.plebania.hu\/wp-content\/uploads\/2024\/10\/02-1-1024x683.jpg 1024w, https:\/\/marcali.plebania.hu\/wp-content\/uploads\/2024\/10\/02-1-300x200.jpg 300w, https:\/\/marcali.plebania.hu\/wp-content\/uploads\/2024\/10\/02-1-768x512.jpg 768w, https:\/\/marcali.plebania.hu\/wp-content\/uploads\/2024\/10\/02-1-1536x1024.jpg 1536w, https:\/\/marcali.plebania.hu\/wp-content\/uploads\/2024\/10\/02-1-2048x1365.jpg 2048w, https:\/\/marcali.plebania.hu\/wp-content\/uploads\/2024\/10\/02-1-405x270.jpg 405w\" sizes=\"auto, (max-width: 1024px) 100vw, 1024px\" \/><\/figure>\n\n\n\n<figure class=\"wp-block-image size-large\"><img loading=\"lazy\" decoding=\"async\" width=\"1024\" height=\"683\" data-id=\"6153\" src=\"https:\/\/marcali.plebania.hu\/wp-content\/uploads\/2024\/10\/03-1-1024x683.jpg\" alt=\"\" class=\"wp-image-6153\" srcset=\"https:\/\/marcali.plebania.hu\/wp-content\/uploads\/2024\/10\/03-1-1024x683.jpg 1024w, https:\/\/marcali.plebania.hu\/wp-content\/uploads\/2024\/10\/03-1-300x200.jpg 300w, https:\/\/marcali.plebania.hu\/wp-content\/uploads\/2024\/10\/03-1-768x512.jpg 768w, https:\/\/marcali.plebania.hu\/wp-content\/uploads\/2024\/10\/03-1-1536x1024.jpg 1536w, https:\/\/marcali.plebania.hu\/wp-content\/uploads\/2024\/10\/03-1-2048x1365.jpg 2048w, https:\/\/marcali.plebania.hu\/wp-content\/uploads\/2024\/10\/03-1-405x270.jpg 405w\" sizes=\"auto, (max-width: 1024px) 100vw, 1024px\" \/><\/figure>\n\n\n\n<figure class=\"wp-block-image size-large\"><img loading=\"lazy\" decoding=\"async\" width=\"1024\" height=\"683\" data-id=\"6156\" src=\"https:\/\/marcali.plebania.hu\/wp-content\/uploads\/2024\/10\/07-1024x683.jpg\" alt=\"\" class=\"wp-image-6156\" srcset=\"https:\/\/marcali.plebania.hu\/wp-content\/uploads\/2024\/10\/07-1024x683.jpg 1024w, https:\/\/marcali.plebania.hu\/wp-content\/uploads\/2024\/10\/07-300x200.jpg 300w, https:\/\/marcali.plebania.hu\/wp-content\/uploads\/2024\/10\/07-768x512.jpg 768w, https:\/\/marcali.plebania.hu\/wp-content\/uploads\/2024\/10\/07-1536x1024.jpg 1536w, https:\/\/marcali.plebania.hu\/wp-content\/uploads\/2024\/10\/07-2048x1365.jpg 2048w, https:\/\/marcali.plebania.hu\/wp-content\/uploads\/2024\/10\/07-405x270.jpg 405w\" sizes=\"auto, (max-width: 1024px) 100vw, 1024px\" \/><\/figure>\n\n\n\n<figure class=\"wp-block-image size-large\"><img loading=\"lazy\" decoding=\"async\" width=\"1024\" height=\"683\" data-id=\"6157\" src=\"https:\/\/marcali.plebania.hu\/wp-content\/uploads\/2024\/10\/08-1024x683.jpg\" alt=\"\" class=\"wp-image-6157\" srcset=\"https:\/\/marcali.plebania.hu\/wp-content\/uploads\/2024\/10\/08-1024x683.jpg 1024w, https:\/\/marcali.plebania.hu\/wp-content\/uploads\/2024\/10\/08-300x200.jpg 300w, https:\/\/marcali.plebania.hu\/wp-content\/uploads\/2024\/10\/08-768x512.jpg 768w, https:\/\/marcali.plebania.hu\/wp-content\/uploads\/2024\/10\/08-1536x1024.jpg 1536w, https:\/\/marcali.plebania.hu\/wp-content\/uploads\/2024\/10\/08-2048x1365.jpg 2048w, https:\/\/marcali.plebania.hu\/wp-content\/uploads\/2024\/10\/08-405x270.jpg 405w\" sizes=\"auto, (max-width: 1024px) 100vw, 1024px\" \/><\/figure>\n<\/figure>\n\n\n\n<p>A m\u0171sort Kiss K\u00e1lm\u00e1n, a Kereszt\u00e9ny \u00c9rtelmis\u00e9giek Sz\u00f6vets\u00e9ge (K\u00c9SZ) eln\u00f6ke nyitotta meg, aki elmondta, hogy az adom\u00e1nygy\u0171jt\u0151 rendezv\u00e9nyt kett\u0151s c\u00e9llal szervezt\u00e9k meg: egyr\u00e9szt a szervez\u00e9s k\u00f6lts\u00e9geire, m\u00e1sr\u00e9szt pedig a temet\u0151k\u00e1polna el\u0151tti kereszt megfelel\u0151 m\u00f3don val\u00f3 fel\u00faj\u00edt\u00e1s\u00e1ra k\u00edv\u00e1nj\u00e1k ford\u00edtani.<\/p>\n\n\n\n<p>A k\u00f6sz\u00f6nt\u0151 \u00e9s a bevezet\u0151 elhangz\u00e1sa ut\u00e1n egy k\u00f6zel 1 \u00f3r\u00e1s, tartalmas el\u0151ad\u00e1s k\u00f6vetkezett, amely a \u201ePilinszky-monodr\u00e1ma\u201d c\u00edmet kapta. A v\u00e1logat\u00e1sban Pilinszky J\u00e1nos a XX. sz\u00e1zad egyik legjelent\u0151sebb k\u00f6lt\u0151j\u00e9nek alkot\u00e1saib\u00f3l \u00e9s \u00e9let\u00e9b\u0151l hangzottak el r\u00e9szletek, mik\u00f6zben az el\u0151ad\u00f3 megvil\u00e1g\u00edtotta az adott kor t\u00f6rt\u00e9nelmi h\u00e1tter\u00e9t is a hallgat\u00f3s\u00e1gnak. Pilinszky k\u00f6lt\u00e9szet\u00e9n megfigyelhet\u0151 az 1940-es \u00e9vek alatti l\u00e1gertapasztalatai, a kereszt\u00e9ny egzisztencializmus, a t\u00e1rgyias l\u00edra s katolikus hit\u00e9nek hat\u00e1sa, melyek ellen\u00e9re nem tartozik a hagyom\u00e1nyos \u00e9rtelemben vett, szakr\u00e1lis t\u00e9m\u00e1j\u00fa \u00fagynevezett papi \u00edr\u00f3k katolikus irodalm\u00e1ba, minthogy elutas\u00edtotta a vall\u00e1sos \u00e9s a prof\u00e1n irodalmat elv\u00e1laszt\u00f3 falat (\u201e<em>\u00c9n k\u00f6lt\u0151 vagyok \u00e9s katolikus.<\/em>\u201d). Emellett az epika \u00e9s a dr\u00e1ma m\u0171faj\u00e1ban is alkotott, valamint essz\u00e9ket \u00e9s essz\u00e9szer\u0171 pr\u00f3zak\u00f6ltem\u00e9nyeket is \u00edrt.<\/p>\n\n\n\n<figure class=\"wp-block-gallery has-nested-images columns-default is-cropped wp-block-gallery-2 is-layout-flex wp-block-gallery-is-layout-flex\">\n<figure class=\"wp-block-image size-large\"><img loading=\"lazy\" decoding=\"async\" width=\"1024\" height=\"683\" data-id=\"6159\" src=\"https:\/\/marcali.plebania.hu\/wp-content\/uploads\/2024\/10\/15-1024x683.jpg\" alt=\"\" class=\"wp-image-6159\" srcset=\"https:\/\/marcali.plebania.hu\/wp-content\/uploads\/2024\/10\/15-1024x683.jpg 1024w, https:\/\/marcali.plebania.hu\/wp-content\/uploads\/2024\/10\/15-300x200.jpg 300w, https:\/\/marcali.plebania.hu\/wp-content\/uploads\/2024\/10\/15-768x512.jpg 768w, https:\/\/marcali.plebania.hu\/wp-content\/uploads\/2024\/10\/15-1536x1024.jpg 1536w, https:\/\/marcali.plebania.hu\/wp-content\/uploads\/2024\/10\/15-2048x1365.jpg 2048w, https:\/\/marcali.plebania.hu\/wp-content\/uploads\/2024\/10\/15-405x270.jpg 405w\" sizes=\"auto, (max-width: 1024px) 100vw, 1024px\" \/><\/figure>\n\n\n\n<figure class=\"wp-block-image size-large\"><img loading=\"lazy\" decoding=\"async\" width=\"1024\" height=\"683\" data-id=\"6161\" src=\"https:\/\/marcali.plebania.hu\/wp-content\/uploads\/2024\/10\/16-1024x683.jpg\" alt=\"\" class=\"wp-image-6161\" srcset=\"https:\/\/marcali.plebania.hu\/wp-content\/uploads\/2024\/10\/16-1024x683.jpg 1024w, https:\/\/marcali.plebania.hu\/wp-content\/uploads\/2024\/10\/16-300x200.jpg 300w, https:\/\/marcali.plebania.hu\/wp-content\/uploads\/2024\/10\/16-768x512.jpg 768w, https:\/\/marcali.plebania.hu\/wp-content\/uploads\/2024\/10\/16-1536x1024.jpg 1536w, https:\/\/marcali.plebania.hu\/wp-content\/uploads\/2024\/10\/16-2048x1365.jpg 2048w, https:\/\/marcali.plebania.hu\/wp-content\/uploads\/2024\/10\/16-405x270.jpg 405w\" sizes=\"auto, (max-width: 1024px) 100vw, 1024px\" \/><\/figure>\n\n\n\n<figure class=\"wp-block-image size-large\"><img loading=\"lazy\" decoding=\"async\" width=\"1024\" height=\"683\" data-id=\"6160\" src=\"https:\/\/marcali.plebania.hu\/wp-content\/uploads\/2024\/10\/18-1024x683.jpg\" alt=\"\" class=\"wp-image-6160\" srcset=\"https:\/\/marcali.plebania.hu\/wp-content\/uploads\/2024\/10\/18-1024x683.jpg 1024w, https:\/\/marcali.plebania.hu\/wp-content\/uploads\/2024\/10\/18-300x200.jpg 300w, https:\/\/marcali.plebania.hu\/wp-content\/uploads\/2024\/10\/18-768x512.jpg 768w, https:\/\/marcali.plebania.hu\/wp-content\/uploads\/2024\/10\/18-1536x1024.jpg 1536w, https:\/\/marcali.plebania.hu\/wp-content\/uploads\/2024\/10\/18-2048x1365.jpg 2048w, https:\/\/marcali.plebania.hu\/wp-content\/uploads\/2024\/10\/18-405x270.jpg 405w\" sizes=\"auto, (max-width: 1024px) 100vw, 1024px\" \/><\/figure>\n\n\n\n<figure class=\"wp-block-image size-large\"><img loading=\"lazy\" decoding=\"async\" width=\"1024\" height=\"683\" data-id=\"6162\" src=\"https:\/\/marcali.plebania.hu\/wp-content\/uploads\/2024\/10\/24-1024x683.jpg\" alt=\"\" class=\"wp-image-6162\" srcset=\"https:\/\/marcali.plebania.hu\/wp-content\/uploads\/2024\/10\/24-1024x683.jpg 1024w, https:\/\/marcali.plebania.hu\/wp-content\/uploads\/2024\/10\/24-300x200.jpg 300w, https:\/\/marcali.plebania.hu\/wp-content\/uploads\/2024\/10\/24-768x512.jpg 768w, https:\/\/marcali.plebania.hu\/wp-content\/uploads\/2024\/10\/24-1536x1024.jpg 1536w, https:\/\/marcali.plebania.hu\/wp-content\/uploads\/2024\/10\/24-2048x1365.jpg 2048w, https:\/\/marcali.plebania.hu\/wp-content\/uploads\/2024\/10\/24-405x270.jpg 405w\" sizes=\"auto, (max-width: 1024px) 100vw, 1024px\" \/><\/figure>\n<\/figure>\n\n\n\n<p>A kiemelked\u0151 el\u0151ad\u00e1s r\u00e9sztvev\u0151i ez\u00fattal sem csal\u00f3dtak, \u00e9s a v\u00e9g\u00e9n vastapssal jutalmazt\u00e1k Kurucz \u00c1d\u00e1m Konr\u00e1d magas sz\u00ednvonalon \u00f6ssze\u00e1ll\u00edtott irodalmi estj\u00e9t.<\/p>\n\n\n\n<p>A telt h\u00e1zas rendezv\u00e9nyt Tomanek Ferenc \u00c1ron marcali pl\u00e9b\u00e1nos; tov\u00e1bb\u00e1 K\u0151halmi Katalin, Cs\u00e1ki Alp\u00e1r, \u00e9s dr. Pozsonyi M\u00e1rk \u00f6nkorm\u00e1nyzati k\u00e9pvisel\u0151k; valamint Husz\u00e1r G\u00e9za ny. \u0151rnagy, a Honv\u00e9d Nyug\u00e1llom\u00e1ny\u00faak Klubj\u00e1nak eln\u00f6ke; Szaka Zsolt, a Marcali \u00e9s K\u00f6rny\u00e9ke Hagyom\u00e1ny\u0151rz\u0151 Ipartest\u00fclet eln\u00f6ke is megtisztelte jelenl\u00e9t\u00e9vel.<\/p>\n\n\n\n<p>A j\u00f3t\u00e9kony c\u00e9lt szolg\u00e1l\u00f3 irodalmi est a K\u00c9SZ csoport szervez\u00e9s\u00e9ben val\u00f3sult meg. K\u00fcl\u00f6n k\u00f6sz\u00f6net Szaka Zsolt tan\u00e1r \u00farnak az el\u0151ad\u00e1son val\u00f3 zen\u00e9s bet\u00e9tek lej\u00e1tsz\u00e1s\u00e1ban val\u00f3 k\u00f6zrem\u0171k\u00f6d\u00e9s\u00e9\u00e9rt.<\/p>\n\n\n\n<p>Kurucz \u00c1d\u00e1m Konr\u00e1d irodalmi el\u0151ad\u00e1s-sorozat\u00e1nak j\u00f6v\u0151re \u2013 a tervek szerint \u2013 minden bizonnyal lesz m\u00e9g folytat\u00e1sa.<\/p>\n\n\n\n<p>\u00cdrta: Kiss K\u00e1lm\u00e1n<\/p>\n\n\n\n<p>Fot\u00f3k: Szaka Zsolt, Kiss K\u00e1lm\u00e1n<\/p>\n","protected":false},"excerpt":{"rendered":"<p>2024. okt\u00f3ber 10-\u00e9n, cs\u00fct\u00f6rt\u00f6k\u00f6n 18 \u00f3r\u00e1t\u00f3l dr. Kurucz \u00c1d\u00e1m Konr\u00e1d sz\u00edn\u00e9sz, Latinovits-d\u00edjas versmond\u00f3 tartott j\u00f3t\u00e9konys\u00e1gi irodalmi estet verses-pr\u00f3zai form\u00e1ban, zenei bet\u00e9tekkel kieg\u00e9sz\u00edtve az X-h\u00e1z (D\u00f3zsa u. 3.) nagyterm\u00e9ben. A m\u0171sort Kiss K\u00e1lm\u00e1n, a Kereszt\u00e9ny \u00c9rtelmis\u00e9giek Sz\u00f6vets\u00e9ge (K\u00c9SZ) eln\u00f6ke nyitotta meg, aki elmondta, hogy az adom\u00e1nygy\u0171jt\u0151 rendezv\u00e9nyt kett\u0151s c\u00e9llal szervezt\u00e9k meg: egyr\u00e9szt a szervez\u00e9s k\u00f6lts\u00e9geire, m\u00e1sr\u00e9szt pedig a temet\u0151k\u00e1polna el\u0151tti kereszt megfelel\u0151 m\u00f3don val\u00f3 fel\u00faj\u00edt\u00e1s\u00e1ra k\u00edv\u00e1nj\u00e1k ford\u00edtani. A k\u00f6sz\u00f6nt\u0151 \u00e9s a bevezet\u0151 elhangz\u00e1sa ut\u00e1n egy k\u00f6zel 1 \u00f3r\u00e1s, tartalmas el\u0151ad\u00e1s k\u00f6vetkezett,&#8230;<\/p>\n<p class=\"read-more\"><a class=\"btn btn-default\" href=\"https:\/\/marcali.plebania.hu\/?p=6148\"> Read More<span class=\"screen-reader-text\">  Read More<\/span><\/a><\/p>\n","protected":false},"author":2,"featured_media":0,"comment_status":"closed","ping_status":"open","sticky":false,"template":"","format":"standard","meta":{"footnotes":""},"categories":[1],"tags":[],"class_list":["post-6148","post","type-post","status-publish","format-standard","hentry","category-egyeb"],"_links":{"self":[{"href":"https:\/\/marcali.plebania.hu\/index.php?rest_route=\/wp\/v2\/posts\/6148","targetHints":{"allow":["GET"]}}],"collection":[{"href":"https:\/\/marcali.plebania.hu\/index.php?rest_route=\/wp\/v2\/posts"}],"about":[{"href":"https:\/\/marcali.plebania.hu\/index.php?rest_route=\/wp\/v2\/types\/post"}],"author":[{"embeddable":true,"href":"https:\/\/marcali.plebania.hu\/index.php?rest_route=\/wp\/v2\/users\/2"}],"replies":[{"embeddable":true,"href":"https:\/\/marcali.plebania.hu\/index.php?rest_route=%2Fwp%2Fv2%2Fcomments&post=6148"}],"version-history":[{"count":1,"href":"https:\/\/marcali.plebania.hu\/index.php?rest_route=\/wp\/v2\/posts\/6148\/revisions"}],"predecessor-version":[{"id":6163,"href":"https:\/\/marcali.plebania.hu\/index.php?rest_route=\/wp\/v2\/posts\/6148\/revisions\/6163"}],"wp:attachment":[{"href":"https:\/\/marcali.plebania.hu\/index.php?rest_route=%2Fwp%2Fv2%2Fmedia&parent=6148"}],"wp:term":[{"taxonomy":"category","embeddable":true,"href":"https:\/\/marcali.plebania.hu\/index.php?rest_route=%2Fwp%2Fv2%2Fcategories&post=6148"},{"taxonomy":"post_tag","embeddable":true,"href":"https:\/\/marcali.plebania.hu\/index.php?rest_route=%2Fwp%2Fv2%2Ftags&post=6148"}],"curies":[{"name":"wp","href":"https:\/\/api.w.org\/{rel}","templated":true}]}}