{"id":6164,"date":"2024-10-22T07:04:36","date_gmt":"2024-10-22T07:04:36","guid":{"rendered":"https:\/\/marcali.plebania.hu\/?p=6164"},"modified":"2024-10-22T07:04:36","modified_gmt":"2024-10-22T07:04:36","slug":"varga-laszlo-megyespuspok-unnepi-keretek-kozott-megaldotta-a-felujitott-plebaniat","status":"publish","type":"post","link":"https:\/\/marcali.plebania.hu\/?p=6164","title":{"rendered":"Varga L\u00e1szl\u00f3 megy\u00e9sp\u00fcsp\u00f6k \u00fcnnepi keretek k\u00f6z\u00f6tt meg\u00e1ldotta a fel\u00faj\u00edtott pl\u00e9b\u00e1ni\u00e1t"},"content":{"rendered":"\n<p>2024. okt\u00f3ber 20-\u00e1n, vas\u00e1rnap 10 \u00f3rakor kezd\u0151d\u00f6tt \u00fcnnepi szentmise, melyet Varga L\u00e1szl\u00f3 kaposv\u00e1ri megy\u00e9sp\u00fcsp\u00f6k celebr\u00e1lt Tomanek Ferenc \u00c1ron marcali pl\u00e9b\u00e1nossal egy\u00fctt Gy\u00fcm\u00f6lcsolt\u00f3 Boldogasszony Pl\u00e9b\u00e1niatemplomban.<\/p>\n\n\n\n<figure class=\"wp-block-gallery has-nested-images columns-default is-cropped wp-block-gallery-1 is-layout-flex wp-block-gallery-is-layout-flex\">\n<figure class=\"wp-block-image size-large\"><img loading=\"lazy\" decoding=\"async\" width=\"1024\" height=\"683\" data-id=\"6166\" src=\"https:\/\/marcali.plebania.hu\/wp-content\/uploads\/2024\/10\/02-2-1024x683.jpg\" alt=\"\" class=\"wp-image-6166\" srcset=\"https:\/\/marcali.plebania.hu\/wp-content\/uploads\/2024\/10\/02-2-1024x683.jpg 1024w, https:\/\/marcali.plebania.hu\/wp-content\/uploads\/2024\/10\/02-2-300x200.jpg 300w, https:\/\/marcali.plebania.hu\/wp-content\/uploads\/2024\/10\/02-2-768x512.jpg 768w, https:\/\/marcali.plebania.hu\/wp-content\/uploads\/2024\/10\/02-2-1536x1024.jpg 1536w, https:\/\/marcali.plebania.hu\/wp-content\/uploads\/2024\/10\/02-2-2048x1365.jpg 2048w, https:\/\/marcali.plebania.hu\/wp-content\/uploads\/2024\/10\/02-2-405x270.jpg 405w\" sizes=\"auto, (max-width: 1024px) 100vw, 1024px\" \/><\/figure>\n\n\n\n<figure class=\"wp-block-image size-large\"><img loading=\"lazy\" decoding=\"async\" width=\"1024\" height=\"683\" data-id=\"6165\" src=\"https:\/\/marcali.plebania.hu\/wp-content\/uploads\/2024\/10\/03-2-1024x683.jpg\" alt=\"\" class=\"wp-image-6165\" srcset=\"https:\/\/marcali.plebania.hu\/wp-content\/uploads\/2024\/10\/03-2-1024x683.jpg 1024w, https:\/\/marcali.plebania.hu\/wp-content\/uploads\/2024\/10\/03-2-300x200.jpg 300w, https:\/\/marcali.plebania.hu\/wp-content\/uploads\/2024\/10\/03-2-768x512.jpg 768w, https:\/\/marcali.plebania.hu\/wp-content\/uploads\/2024\/10\/03-2-1536x1024.jpg 1536w, https:\/\/marcali.plebania.hu\/wp-content\/uploads\/2024\/10\/03-2-2048x1365.jpg 2048w, https:\/\/marcali.plebania.hu\/wp-content\/uploads\/2024\/10\/03-2-405x270.jpg 405w\" sizes=\"auto, (max-width: 1024px) 100vw, 1024px\" \/><\/figure>\n\n\n\n<figure class=\"wp-block-image size-large\"><img loading=\"lazy\" decoding=\"async\" width=\"1024\" height=\"683\" data-id=\"6167\" src=\"https:\/\/marcali.plebania.hu\/wp-content\/uploads\/2024\/10\/04-2-1024x683.jpg\" alt=\"\" class=\"wp-image-6167\" srcset=\"https:\/\/marcali.plebania.hu\/wp-content\/uploads\/2024\/10\/04-2-1024x683.jpg 1024w, https:\/\/marcali.plebania.hu\/wp-content\/uploads\/2024\/10\/04-2-300x200.jpg 300w, https:\/\/marcali.plebania.hu\/wp-content\/uploads\/2024\/10\/04-2-768x512.jpg 768w, https:\/\/marcali.plebania.hu\/wp-content\/uploads\/2024\/10\/04-2-1536x1024.jpg 1536w, https:\/\/marcali.plebania.hu\/wp-content\/uploads\/2024\/10\/04-2-2048x1365.jpg 2048w, https:\/\/marcali.plebania.hu\/wp-content\/uploads\/2024\/10\/04-2-405x270.jpg 405w\" sizes=\"auto, (max-width: 1024px) 100vw, 1024px\" \/><\/figure>\n\n\n\n<figure class=\"wp-block-image size-large\"><img loading=\"lazy\" decoding=\"async\" width=\"1024\" height=\"683\" data-id=\"6168\" src=\"https:\/\/marcali.plebania.hu\/wp-content\/uploads\/2024\/10\/05-1-1024x683.jpg\" alt=\"\" class=\"wp-image-6168\" srcset=\"https:\/\/marcali.plebania.hu\/wp-content\/uploads\/2024\/10\/05-1-1024x683.jpg 1024w, https:\/\/marcali.plebania.hu\/wp-content\/uploads\/2024\/10\/05-1-300x200.jpg 300w, https:\/\/marcali.plebania.hu\/wp-content\/uploads\/2024\/10\/05-1-768x512.jpg 768w, https:\/\/marcali.plebania.hu\/wp-content\/uploads\/2024\/10\/05-1-1536x1024.jpg 1536w, https:\/\/marcali.plebania.hu\/wp-content\/uploads\/2024\/10\/05-1-2048x1365.jpg 2048w, https:\/\/marcali.plebania.hu\/wp-content\/uploads\/2024\/10\/05-1-405x270.jpg 405w\" sizes=\"auto, (max-width: 1024px) 100vw, 1024px\" \/><\/figure>\n<\/figure>\n\n\n\n<p>Az istentiszteleten a h\u00edvekkel egy\u00fctt adott h\u00e1l\u00e1t Istennek, hogy siker\u00fclt sz\u00e9pen fel\u00faj\u00edtani \u00e9s korszer\u0171s\u00edteni k\u00edv\u00fcl \u00e9s bel\u00fcl a pl\u00e9b\u00e1nia \u00e9p\u00fcletet. A szentmise ut\u00e1n a p\u00fcsp\u00f6k \u2013 a h\u00edvek \u00e9s megh\u00edvott vend\u00e9gek jelenl\u00e9t\u00e9ben \u2013 el\u0151sz\u00f6r k\u00edv\u00fcl, majd pedig bel\u00fcl is meg\u00e1ldotta a sz\u00e9pen siker\u00fclt \u00e9p\u00fcletet.<\/p>\n\n\n\n<p>V\u00e9g\u00fcl az egyh\u00e1zk\u00f6zs\u00e9g \u00e9s a h\u00edvek j\u00f3volt\u00e1b\u00f3l a jelenl\u00e9v\u0151ket szeretetvend\u00e9gs\u00e9gre h\u00edvt\u00e1k \u00e9s h\u00e1zi k\u00e9sz\u00edt\u00e9s\u0171 s\u00fctem\u00e9nyekkel, pog\u00e1cs\u00e1kkal, valamint friss\u00edt\u0151kkel k\u00edn\u00e1lt\u00e1k az udvaron megter\u00edtett asztalokn\u00e1l. Tomanek Ferenc \u00c1ron pl\u00e9b\u00e1nos atya, Gelencs\u00e9r R\u00f3bert vil\u00e1gi eln\u00f6k, Kir\u00e1ly Jen\u0151 templomatya \u00e9s az Egyh\u00e1zk\u00f6zs\u00e9g K\u00e9pvisel\u0151 Test\u00fclete pedig k\u00f6sz\u00f6nete jel\u00e9\u00fcl k\u00f6z\u00f6s eb\u00e9dre invit\u00e1lta a p\u00fcsp\u00f6k urat \u00e9s a megh\u00edvott vend\u00e9geket a pl\u00e9b\u00e1nia k\u00f6z\u00f6ss\u00e9gi term\u00e9be.<\/p>\n\n\n\n<figure class=\"wp-block-gallery has-nested-images columns-default is-cropped wp-block-gallery-2 is-layout-flex wp-block-gallery-is-layout-flex\">\n<figure class=\"wp-block-image size-large\"><img loading=\"lazy\" decoding=\"async\" width=\"1024\" height=\"683\" data-id=\"6172\" src=\"https:\/\/marcali.plebania.hu\/wp-content\/uploads\/2024\/10\/09-1024x683.jpg\" alt=\"\" class=\"wp-image-6172\" srcset=\"https:\/\/marcali.plebania.hu\/wp-content\/uploads\/2024\/10\/09-1024x683.jpg 1024w, https:\/\/marcali.plebania.hu\/wp-content\/uploads\/2024\/10\/09-300x200.jpg 300w, https:\/\/marcali.plebania.hu\/wp-content\/uploads\/2024\/10\/09-768x512.jpg 768w, https:\/\/marcali.plebania.hu\/wp-content\/uploads\/2024\/10\/09-1536x1024.jpg 1536w, https:\/\/marcali.plebania.hu\/wp-content\/uploads\/2024\/10\/09-2048x1365.jpg 2048w, https:\/\/marcali.plebania.hu\/wp-content\/uploads\/2024\/10\/09-405x270.jpg 405w\" sizes=\"auto, (max-width: 1024px) 100vw, 1024px\" \/><\/figure>\n\n\n\n<figure class=\"wp-block-image size-large\"><img loading=\"lazy\" decoding=\"async\" width=\"1024\" height=\"683\" data-id=\"6173\" src=\"https:\/\/marcali.plebania.hu\/wp-content\/uploads\/2024\/10\/13-1024x683.jpg\" alt=\"\" class=\"wp-image-6173\" srcset=\"https:\/\/marcali.plebania.hu\/wp-content\/uploads\/2024\/10\/13-1024x683.jpg 1024w, https:\/\/marcali.plebania.hu\/wp-content\/uploads\/2024\/10\/13-300x200.jpg 300w, https:\/\/marcali.plebania.hu\/wp-content\/uploads\/2024\/10\/13-768x512.jpg 768w, https:\/\/marcali.plebania.hu\/wp-content\/uploads\/2024\/10\/13-1536x1024.jpg 1536w, https:\/\/marcali.plebania.hu\/wp-content\/uploads\/2024\/10\/13-2048x1365.jpg 2048w, https:\/\/marcali.plebania.hu\/wp-content\/uploads\/2024\/10\/13-405x270.jpg 405w\" sizes=\"auto, (max-width: 1024px) 100vw, 1024px\" \/><\/figure>\n\n\n\n<figure class=\"wp-block-image size-large\"><img loading=\"lazy\" decoding=\"async\" width=\"1024\" height=\"683\" data-id=\"6174\" src=\"https:\/\/marcali.plebania.hu\/wp-content\/uploads\/2024\/10\/14-1024x683.jpg\" alt=\"\" class=\"wp-image-6174\" srcset=\"https:\/\/marcali.plebania.hu\/wp-content\/uploads\/2024\/10\/14-1024x683.jpg 1024w, https:\/\/marcali.plebania.hu\/wp-content\/uploads\/2024\/10\/14-300x200.jpg 300w, https:\/\/marcali.plebania.hu\/wp-content\/uploads\/2024\/10\/14-768x512.jpg 768w, https:\/\/marcali.plebania.hu\/wp-content\/uploads\/2024\/10\/14-1536x1024.jpg 1536w, https:\/\/marcali.plebania.hu\/wp-content\/uploads\/2024\/10\/14-2048x1365.jpg 2048w, https:\/\/marcali.plebania.hu\/wp-content\/uploads\/2024\/10\/14-405x270.jpg 405w\" sizes=\"auto, (max-width: 1024px) 100vw, 1024px\" \/><\/figure>\n\n\n\n<figure class=\"wp-block-image size-large\"><img loading=\"lazy\" decoding=\"async\" width=\"1024\" height=\"683\" data-id=\"6175\" src=\"https:\/\/marcali.plebania.hu\/wp-content\/uploads\/2024\/10\/15-1-1024x683.jpg\" alt=\"\" class=\"wp-image-6175\" srcset=\"https:\/\/marcali.plebania.hu\/wp-content\/uploads\/2024\/10\/15-1-1024x683.jpg 1024w, https:\/\/marcali.plebania.hu\/wp-content\/uploads\/2024\/10\/15-1-300x200.jpg 300w, https:\/\/marcali.plebania.hu\/wp-content\/uploads\/2024\/10\/15-1-768x512.jpg 768w, https:\/\/marcali.plebania.hu\/wp-content\/uploads\/2024\/10\/15-1-1536x1024.jpg 1536w, https:\/\/marcali.plebania.hu\/wp-content\/uploads\/2024\/10\/15-1-2048x1365.jpg 2048w, https:\/\/marcali.plebania.hu\/wp-content\/uploads\/2024\/10\/15-1-405x270.jpg 405w\" sizes=\"auto, (max-width: 1024px) 100vw, 1024px\" \/><\/figure>\n<\/figure>\n\n\n\n<p>A rendezv\u00e9nyen Bereczk Bal\u00e1zs polg\u00e1rmester, \u00e9s dr. S\u00fct\u0151 L\u00e1szl\u00f3 alpolg\u00e1rmester, valamint Moln\u00e1r \u00c1gnes Anna \u00f6nkorm\u00e1nyzati k\u00e9pvisel\u0151 is jelen voltak.<\/p>\n\n\n\n<p>Az istentiszteleten Balogh B\u00e1lint k\u00e1ntor orgon\u00e1val, a Marcali F\u00e9ny Gyermekei Katolikus Zenekar pedig git\u00e1ros \u00e9nekekkel m\u0171k\u00f6d\u00f6tt k\u00f6zre.<\/p>\n\n\n\n<figure class=\"wp-block-gallery has-nested-images columns-default is-cropped wp-block-gallery-3 is-layout-flex wp-block-gallery-is-layout-flex\">\n<figure class=\"wp-block-image size-large\"><img loading=\"lazy\" decoding=\"async\" width=\"1024\" height=\"683\" data-id=\"6182\" src=\"https:\/\/marcali.plebania.hu\/wp-content\/uploads\/2024\/10\/43-1024x683.jpg\" alt=\"\" class=\"wp-image-6182\" srcset=\"https:\/\/marcali.plebania.hu\/wp-content\/uploads\/2024\/10\/43-1024x683.jpg 1024w, https:\/\/marcali.plebania.hu\/wp-content\/uploads\/2024\/10\/43-300x200.jpg 300w, https:\/\/marcali.plebania.hu\/wp-content\/uploads\/2024\/10\/43-768x512.jpg 768w, https:\/\/marcali.plebania.hu\/wp-content\/uploads\/2024\/10\/43-1536x1024.jpg 1536w, https:\/\/marcali.plebania.hu\/wp-content\/uploads\/2024\/10\/43-2048x1365.jpg 2048w, https:\/\/marcali.plebania.hu\/wp-content\/uploads\/2024\/10\/43-405x270.jpg 405w\" sizes=\"auto, (max-width: 1024px) 100vw, 1024px\" \/><\/figure>\n\n\n\n<figure class=\"wp-block-image size-large\"><img loading=\"lazy\" decoding=\"async\" width=\"1024\" height=\"683\" data-id=\"6179\" src=\"https:\/\/marcali.plebania.hu\/wp-content\/uploads\/2024\/10\/25-1024x683.jpg\" alt=\"\" class=\"wp-image-6179\" srcset=\"https:\/\/marcali.plebania.hu\/wp-content\/uploads\/2024\/10\/25-1024x683.jpg 1024w, https:\/\/marcali.plebania.hu\/wp-content\/uploads\/2024\/10\/25-300x200.jpg 300w, https:\/\/marcali.plebania.hu\/wp-content\/uploads\/2024\/10\/25-768x512.jpg 768w, https:\/\/marcali.plebania.hu\/wp-content\/uploads\/2024\/10\/25-1536x1024.jpg 1536w, https:\/\/marcali.plebania.hu\/wp-content\/uploads\/2024\/10\/25-2048x1365.jpg 2048w, https:\/\/marcali.plebania.hu\/wp-content\/uploads\/2024\/10\/25-405x270.jpg 405w\" sizes=\"auto, (max-width: 1024px) 100vw, 1024px\" \/><\/figure>\n\n\n\n<figure class=\"wp-block-image size-large\"><img loading=\"lazy\" decoding=\"async\" width=\"1024\" height=\"683\" data-id=\"6181\" src=\"https:\/\/marcali.plebania.hu\/wp-content\/uploads\/2024\/10\/33-1024x683.jpg\" alt=\"\" class=\"wp-image-6181\" srcset=\"https:\/\/marcali.plebania.hu\/wp-content\/uploads\/2024\/10\/33-1024x683.jpg 1024w, https:\/\/marcali.plebania.hu\/wp-content\/uploads\/2024\/10\/33-300x200.jpg 300w, https:\/\/marcali.plebania.hu\/wp-content\/uploads\/2024\/10\/33-768x512.jpg 768w, https:\/\/marcali.plebania.hu\/wp-content\/uploads\/2024\/10\/33-1536x1024.jpg 1536w, https:\/\/marcali.plebania.hu\/wp-content\/uploads\/2024\/10\/33-2048x1365.jpg 2048w, https:\/\/marcali.plebania.hu\/wp-content\/uploads\/2024\/10\/33-405x270.jpg 405w\" sizes=\"auto, (max-width: 1024px) 100vw, 1024px\" \/><\/figure>\n\n\n\n<figure class=\"wp-block-image size-large\"><img loading=\"lazy\" decoding=\"async\" width=\"1024\" height=\"683\" data-id=\"6180\" src=\"https:\/\/marcali.plebania.hu\/wp-content\/uploads\/2024\/10\/37-1024x683.jpg\" alt=\"\" class=\"wp-image-6180\" srcset=\"https:\/\/marcali.plebania.hu\/wp-content\/uploads\/2024\/10\/37-1024x683.jpg 1024w, https:\/\/marcali.plebania.hu\/wp-content\/uploads\/2024\/10\/37-300x200.jpg 300w, https:\/\/marcali.plebania.hu\/wp-content\/uploads\/2024\/10\/37-768x512.jpg 768w, https:\/\/marcali.plebania.hu\/wp-content\/uploads\/2024\/10\/37-1536x1024.jpg 1536w, https:\/\/marcali.plebania.hu\/wp-content\/uploads\/2024\/10\/37-2048x1365.jpg 2048w, https:\/\/marcali.plebania.hu\/wp-content\/uploads\/2024\/10\/37-405x270.jpg 405w\" sizes=\"auto, (max-width: 1024px) 100vw, 1024px\" \/><\/figure>\n<\/figure>\n\n\n\n<p>A k\u00f6z\u00e9pkori eredet\u0171 pl\u00e9b\u00e1nia, a templommal egy\u00fctt elpusztult a t\u00f6r\u00f6k h\u00f3dolts\u00e1g idej\u00e9ben, majd pedig az 1722-es \u00fajj\u00e1szervez\u00e9s ut\u00e1n el\u0151sz\u00f6r csak egyszer\u0171 alapanyagok felhaszn\u00e1l\u00e1s\u00e1val ideiglenes jelleggel \u00e9p\u00fclt egy \u201cpaplak\u201d. A mostani \u00e9p\u00fclet eredetije 1812-ben ker\u00fclt tet\u0151 al\u00e1, s az\u00f3ta nem sokat v\u00e1ltozott k\u00fcls\u0151 form\u00e1ja, legfeljebb csak a bels\u0151 eloszt\u00e1sa. Az az\u00f3ta eltelt t\u00f6bb mint 200 \u00e9v sor\u00e1n sokszor fel\u00faj\u00edtott\u00e1k, jav\u00edtott\u00e1k, \u00e1m nagyobb tataroz\u00e1son csak 1980-1984 k\u00f6z\u00f6tt esett \u00e1t. Az\u00f3ta ny\u00edl\u00e1sz\u00e1r\u00f3, \u00e9s tet\u0151csere is t\u00f6rt\u00e9nt. De a teljes k\u00fcls\u0151 \u00e9s bels\u0151 fel\u00faj\u00edt\u00e1sa, moderniz\u00e1l\u00e1sa az idei \u00e9vre m\u00e1r nagyon id\u0151szer\u0171v\u00e9 v\u00e1lt.<\/p>\n\n\n\n<p>Mivel az \u00e9p\u00fclet m\u0171eml\u00e9ki v\u00e9delem alatt \u00e1ll, ez\u00e9rt sz\u00fcks\u00e9g volt tudom\u00e1nyos kutat\u00e1sokra \u00e9s a sz\u00fcks\u00e9ges hivatalos \u00e9p\u00edt\u00e9si enged\u00e9lyek beszerz\u00e9s\u00e9re is. A tavasszal elkezdett munk\u00e1latokat a Kaposv\u00e1ri P\u00fcsp\u00f6ks\u00e9g finansz\u00edrozta \u00e9s seg\u00edtette. A ny\u00e1r v\u00e9g\u00e9re nyerte el v\u00e9gleges form\u00e1j\u00e1t az \u00e9p\u00fclet: korszer\u0171 v\u00edz-, szennyv\u00edz- \u00e9s villanyh\u00e1l\u00f3zat, f\u0171t\u00e9s korszer\u0171s\u00edt\u00e9s, szigetel\u00e9s, valamint bels\u0151 \u00e1talak\u00edt\u00e1s is t\u00f6rt\u00e9nt, tov\u00e1bb\u00e1 k\u00f6z\u00f6ss\u00e9gi terem, pl\u00e9b\u00e1nos-, illetve vend\u00e9gszob\u00e1k \u00e9s konyh\u00e1k, vizesblokkok kialak\u00edt\u00e1s\u00e1val. \u00d6sszess\u00e9g\u00e9ben a pl\u00e9b\u00e1nia, a m\u0171eml\u00e9k jellegt\u00e9t megtartva teljes k\u00fcls\u0151 \u00e9s bels\u0151 jav\u00edt\u00e1son, fest\u00e9sen esett \u00e1t. A meg\u00fajult k\u00fcls\u0151 fest\u00e9s teljes harm\u00f3ni\u00e1ban van a pl\u00e9b\u00e1niatemplommal, amely kett\u0151 egy\u00fctt sz\u00e9p \u00f6sszk\u00e9pet alkot.<\/p>\n\n\n\n<p>\u00cdrta \u00e9s fot\u00f3k: Kiss K\u00e1lm\u00e1n<\/p>\n","protected":false},"excerpt":{"rendered":"<p>2024. okt\u00f3ber 20-\u00e1n, vas\u00e1rnap 10 \u00f3rakor kezd\u0151d\u00f6tt \u00fcnnepi szentmise, melyet Varga L\u00e1szl\u00f3 kaposv\u00e1ri megy\u00e9sp\u00fcsp\u00f6k celebr\u00e1lt Tomanek Ferenc \u00c1ron marcali pl\u00e9b\u00e1nossal egy\u00fctt Gy\u00fcm\u00f6lcsolt\u00f3 Boldogasszony Pl\u00e9b\u00e1niatemplomban. Az istentiszteleten a h\u00edvekkel egy\u00fctt adott h\u00e1l\u00e1t Istennek, hogy siker\u00fclt sz\u00e9pen fel\u00faj\u00edtani \u00e9s korszer\u0171s\u00edteni k\u00edv\u00fcl \u00e9s bel\u00fcl a pl\u00e9b\u00e1nia \u00e9p\u00fcletet. A szentmise ut\u00e1n a p\u00fcsp\u00f6k \u2013 a h\u00edvek \u00e9s megh\u00edvott vend\u00e9gek jelenl\u00e9t\u00e9ben \u2013 el\u0151sz\u00f6r k\u00edv\u00fcl, majd pedig bel\u00fcl is meg\u00e1ldotta a sz\u00e9pen siker\u00fclt \u00e9p\u00fcletet. V\u00e9g\u00fcl az egyh\u00e1zk\u00f6zs\u00e9g \u00e9s a h\u00edvek j\u00f3volt\u00e1b\u00f3l a jelenl\u00e9v\u0151ket szeretetvend\u00e9gs\u00e9gre h\u00edvt\u00e1k \u00e9s&#8230;<\/p>\n<p class=\"read-more\"><a class=\"btn btn-default\" href=\"https:\/\/marcali.plebania.hu\/?p=6164\"> Read More<span class=\"screen-reader-text\">  Read More<\/span><\/a><\/p>\n","protected":false},"author":2,"featured_media":0,"comment_status":"closed","ping_status":"open","sticky":false,"template":"","format":"standard","meta":{"footnotes":""},"categories":[1],"tags":[],"class_list":["post-6164","post","type-post","status-publish","format-standard","hentry","category-egyeb"],"_links":{"self":[{"href":"https:\/\/marcali.plebania.hu\/index.php?rest_route=\/wp\/v2\/posts\/6164","targetHints":{"allow":["GET"]}}],"collection":[{"href":"https:\/\/marcali.plebania.hu\/index.php?rest_route=\/wp\/v2\/posts"}],"about":[{"href":"https:\/\/marcali.plebania.hu\/index.php?rest_route=\/wp\/v2\/types\/post"}],"author":[{"embeddable":true,"href":"https:\/\/marcali.plebania.hu\/index.php?rest_route=\/wp\/v2\/users\/2"}],"replies":[{"embeddable":true,"href":"https:\/\/marcali.plebania.hu\/index.php?rest_route=%2Fwp%2Fv2%2Fcomments&post=6164"}],"version-history":[{"count":1,"href":"https:\/\/marcali.plebania.hu\/index.php?rest_route=\/wp\/v2\/posts\/6164\/revisions"}],"predecessor-version":[{"id":6183,"href":"https:\/\/marcali.plebania.hu\/index.php?rest_route=\/wp\/v2\/posts\/6164\/revisions\/6183"}],"wp:attachment":[{"href":"https:\/\/marcali.plebania.hu\/index.php?rest_route=%2Fwp%2Fv2%2Fmedia&parent=6164"}],"wp:term":[{"taxonomy":"category","embeddable":true,"href":"https:\/\/marcali.plebania.hu\/index.php?rest_route=%2Fwp%2Fv2%2Fcategories&post=6164"},{"taxonomy":"post_tag","embeddable":true,"href":"https:\/\/marcali.plebania.hu\/index.php?rest_route=%2Fwp%2Fv2%2Ftags&post=6164"}],"curies":[{"name":"wp","href":"https:\/\/api.w.org\/{rel}","templated":true}]}}