{"id":618,"date":"2019-01-31T15:33:00","date_gmt":"2019-01-31T15:33:00","guid":{"rendered":"https:\/\/marcali.plebania.hu\/?p=618"},"modified":"2019-01-31T15:33:00","modified_gmt":"2019-01-31T15:33:00","slug":"hirdetesek-2019-02-03","status":"publish","type":"post","link":"https:\/\/marcali.plebania.hu\/?p=618","title":{"rendered":"Hirdet\u00e9sek, 2019. 02. 03."},"content":{"rendered":"\n<p><\/p>\n\n\n\n<ol class=\"wp-block-list\"><li>Ma\nvan az \u00e9vk\u00f6zi 4. vas\u00e1rnap, Szt. Bal\u00e1zs p\u00fcsp\u00f6k \u00e9s v\u00e9rtan\u00fa eml\u00e9knapja, a szentmis\u00e9ken\nbal\u00e1zsol\u00e1s.<\/li><li>A\nj\u00f6v\u0151 h\u00e9ten keddt\u0151l 17 \u00f3rakor szentmis\u00e9k.<\/li><li>P\u00e9nteken,\naz egyh\u00e1zmegyei zsinat miatt az esti szentmise \u00e9s szents\u00e9gim\u00e1d\u00e1s elmarad.<\/li><li>Febru\u00e1r 10-\u00e9n vas\u00e1rnap, a Betegek vil\u00e1gnapj\u00e1n,\na szentmis\u00e9ken kiszolg\u00e1ltatjuk a betegek kenet\u00e9t. A betegek kenete szents\u00e9g,\namit felvehetnek kegyelmi \u00e1llapotban mindazok, akik az id\u0151s kor, a betegs\u00e9g\nkeresztj\u00e9t hordozz\u00e1k. A betegek kenete \u00e9venk\u00e9nt egyszer felvehet\u0151, testi- \u00e9s\nlelki-gy\u00f3gyul\u00e1st okozhat a h\u00edv\u0151 beteg sz\u00e1m\u00e1ra.<\/li><li>A hittanos farsang id\u0151pontja febru\u00e1r 23. d\u00e9lut\u00e1n 13\n\u00f3rakor lesz. A r\u00e9szleteket a hittan\u00f3r\u00e1kon hirdetik a hitoktat\u00f3k.<\/li><li>A feln\u0151tt Katolikus B\u00e1l m\u00e1rcius 2-\u00e1n a gimn\u00e1zium eb\u00e9dl\u0151j\u00e9ben\nlesz megtartva. Jegyeket Gelencs\u00e9r R\u00f3bertn\u00e9l, S\u00e1voly Andre\u00e1n\u00e1l \u00e9s a pl\u00e9b\u00e1ni\u00e1n\nlehet v\u00e1s\u00e1rolni, 4.000- Ft\/f\u0151 \u00e1ron (mely mag\u00e1ba foglalja a b\u00fcf\u00e9 asztalos\nvacsor\u00e1t, a bel\u00e9p\u0151t \u00e9s a j\u00f3t\u00e9konys\u00e1gi c\u00e9lt). Ezen k\u00edv\u00fcl t\u00e1mogat\u00f3i jegyek is\nv\u00e1s\u00e1rolhat\u00f3k.<\/li><\/ol>\n","protected":false},"excerpt":{"rendered":"<p>Ma van az \u00e9vk\u00f6zi 4. vas\u00e1rnap, Szt. Bal\u00e1zs p\u00fcsp\u00f6k \u00e9s v\u00e9rtan\u00fa eml\u00e9knapja, a szentmis\u00e9ken bal\u00e1zsol\u00e1s. A j\u00f6v\u0151 h\u00e9ten keddt\u0151l 17 \u00f3rakor szentmis\u00e9k. P\u00e9nteken, az egyh\u00e1zmegyei zsinat miatt az esti szentmise \u00e9s szents\u00e9gim\u00e1d\u00e1s elmarad. Febru\u00e1r 10-\u00e9n vas\u00e1rnap, a Betegek vil\u00e1gnapj\u00e1n, a szentmis\u00e9ken kiszolg\u00e1ltatjuk a betegek kenet\u00e9t. A betegek kenete szents\u00e9g, amit felvehetnek kegyelmi \u00e1llapotban mindazok, akik az id\u0151s kor, a betegs\u00e9g keresztj\u00e9t hordozz\u00e1k. A betegek kenete \u00e9venk\u00e9nt egyszer felvehet\u0151, testi- \u00e9s lelki-gy\u00f3gyul\u00e1st okozhat a h\u00edv\u0151 beteg sz\u00e1m\u00e1ra. A hittanos farsang id\u0151pontja&#8230;<\/p>\n<p class=\"read-more\"><a class=\"btn btn-default\" href=\"https:\/\/marcali.plebania.hu\/?p=618\"> Read More<span class=\"screen-reader-text\">  Read More<\/span><\/a><\/p>\n","protected":false},"author":2,"featured_media":0,"comment_status":"closed","ping_status":"open","sticky":false,"template":"","format":"standard","meta":{"footnotes":""},"categories":[1],"tags":[],"class_list":["post-618","post","type-post","status-publish","format-standard","hentry","category-egyeb"],"_links":{"self":[{"href":"https:\/\/marcali.plebania.hu\/index.php?rest_route=\/wp\/v2\/posts\/618","targetHints":{"allow":["GET"]}}],"collection":[{"href":"https:\/\/marcali.plebania.hu\/index.php?rest_route=\/wp\/v2\/posts"}],"about":[{"href":"https:\/\/marcali.plebania.hu\/index.php?rest_route=\/wp\/v2\/types\/post"}],"author":[{"embeddable":true,"href":"https:\/\/marcali.plebania.hu\/index.php?rest_route=\/wp\/v2\/users\/2"}],"replies":[{"embeddable":true,"href":"https:\/\/marcali.plebania.hu\/index.php?rest_route=%2Fwp%2Fv2%2Fcomments&post=618"}],"version-history":[{"count":1,"href":"https:\/\/marcali.plebania.hu\/index.php?rest_route=\/wp\/v2\/posts\/618\/revisions"}],"predecessor-version":[{"id":619,"href":"https:\/\/marcali.plebania.hu\/index.php?rest_route=\/wp\/v2\/posts\/618\/revisions\/619"}],"wp:attachment":[{"href":"https:\/\/marcali.plebania.hu\/index.php?rest_route=%2Fwp%2Fv2%2Fmedia&parent=618"}],"wp:term":[{"taxonomy":"category","embeddable":true,"href":"https:\/\/marcali.plebania.hu\/index.php?rest_route=%2Fwp%2Fv2%2Fcategories&post=618"},{"taxonomy":"post_tag","embeddable":true,"href":"https:\/\/marcali.plebania.hu\/index.php?rest_route=%2Fwp%2Fv2%2Ftags&post=618"}],"curies":[{"name":"wp","href":"https:\/\/api.w.org\/{rel}","templated":true}]}}