{"id":6184,"date":"2024-10-26T14:44:48","date_gmt":"2024-10-26T14:44:48","guid":{"rendered":"https:\/\/marcali.plebania.hu\/?p=6184"},"modified":"2024-10-26T14:49:31","modified_gmt":"2024-10-26T14:49:31","slug":"hirdetesek-2024-oktober-27-en","status":"publish","type":"post","link":"https:\/\/marcali.plebania.hu\/?p=6184","title":{"rendered":"Hirdet\u00e9sek 2024. okt\u00f3ber 27-\u00e9n"},"content":{"rendered":"\n<p><strong><br><\/strong><strong><a href=\"https:\/\/igenaptar.katolikus.hu\/2024\/nap\/index.php?holnap=2024-10-27\" target=\"_blank\" rel=\"noreferrer noopener\"><u>\u00c9vk\u00f6zi 30. vas\u00e1rnap<\/u><\/a><\/strong><\/p>\n\n\n\n<ol start=\"1\" class=\"wp-block-list\">\n<li>K\u00f6sz\u00f6nj\u00fck a m\u00falt vas\u00e1rnapi p\u00fcsp\u00f6ki szentmise ut\u00e1ni fogad\u00e1s megszervez\u00e9s\u00e9t \u00e9s a vend\u00e9gs\u00e9ghez hozott finoms\u00e1gokat. A karit\u00e1sz tagoknak pedig k\u00f6sz\u00f6nj\u00fck a papi s\u00edrok gondoz\u00e1s\u00e1t.<\/li>\n\n\n\n<li>Ma <strong>Biz\u00e9n<\/strong> \u00fcnnepl\u00fcnk <strong>b\u00facs\u00fa <\/strong>szentmis\u00e9t 11 \u00f3rakor. Az <strong>esti szentmis\u00e9k <\/strong>mostant\u00f3l 17:30-kor kezd\u0151dnek.<\/li>\n\n\n\n<li>Ma estig adhat\u00f3k le a jel\u00f6l\u00e9sek az \u00faj <strong>k\u00e9pvisel\u0151-test\u00fclet <\/strong>tagjaira.<\/li>\n\n\n\n<li>A <strong>feln\u0151tthittan<\/strong> \u00e9s szents\u00e9gi felk\u00e9sz\u00edt\u0151 szerd\u00e1n 18:00-kor kezd\u0151dik a pl\u00e9b\u00e1ni\u00e1n.<\/li>\n\n\n\n<li>November 1-je, <strong>Mindenszentek f\u0151\u00fcnnepe<\/strong> a vas\u00e1rnappal egyenrang\u00fa, parancsolt \u00fcnnep\u00fcnk. Akinek van r\u00e1 lehet\u0151s\u00e9ge, vegyen r\u00e9szt valamelyik f\u0151\u00fcnnepi szentmis\u00e9n: a pl\u00e9b\u00e1niatemplomban cs\u00fct\u00f6rt\u00f6k\u00f6n 17:30-kor kezd\u0151dik az el\u0151esti szentmise, az \u00fcnnep napj\u00e1n pedig 9:00-kor. A temet\u0151ben 17:00-kor kezdj\u00fck a szentmis\u00e9t. Aznap 20:00-kor nem lesz k\u00f6z\u00f6s r\u00f3zsaf\u00fcz\u00e9r-im\u00e1dkoz\u00e1s a pl\u00e9b\u00e1niatemplomban.<\/li>\n\n\n\n<li>Mindenszentek napj\u00e1n (nov. 1.) 9-t\u0151l estig nyitva lesz a Boldog Gizella-templom <strong>altemplom<\/strong>a.<\/li>\n\n\n\n<li>Halottak napj\u00e1n (nov. 2.) szentmis\u00e9t mondunk 9 \u00f3rakor a temet\u0151k\u00e1poln\u00e1n\u00e1l, 17:30-kor pedig a Boldog Gizella-templom altemplom\u00e1ban. <\/li>\n\n\n\n<li>Az els\u0151p\u00e9ntekesek megl\u00e1togat\u00e1sa \u00e9s a gy\u00f3n\u00e1si lehet\u0151s\u00e9g a f\u0151\u00fcnnep miatt egy h\u00e9ttel k\u00e9s\u0151bb, nov. 8-\u00e1n lesz.<\/li>\n\n\n\n<li>J\u00f6v\u0151 \u00e9vi katolikus <strong>kalend\u00e1rium<\/strong> \u00e9s <strong>napt\u00e1r<\/strong> a sekresty\u00e9ben kaphat\u00f3.<\/li>\n\n\n\n<li>Aki szeretne a j\u00f6v\u0151 \u00e9vi <strong>Sz\u00edvem els\u0151 gondolata<\/strong> c. k\u00f6nyvb\u0151l rendelni, mely napi elm\u00e9lked\u00e9seket \u00e9s im\u00e1ds\u00e1gokat tartalmaz, iratkozzon fel a sekresty\u00e9ben. A k\u00f6nyv \u00e1ra 2600 Ft.<\/li>\n\n\n\n<li>A kaposv\u00e1ri katolikus gimn\u00e1zium ny\u00edlt napokat tart november 14-\u00e9n \u00e9s 15-\u00e9n. R\u00e9szletek a katgim.hu honlapon.<\/li>\n<\/ol>\n\n\n\n<figure class=\"wp-block-image size-large\"><img loading=\"lazy\" decoding=\"async\" width=\"1024\" height=\"723\" src=\"https:\/\/marcali.plebania.hu\/wp-content\/uploads\/2024\/10\/241027-1-1024x723.png\" alt=\"\" class=\"wp-image-6186\" srcset=\"https:\/\/marcali.plebania.hu\/wp-content\/uploads\/2024\/10\/241027-1-1024x723.png 1024w, https:\/\/marcali.plebania.hu\/wp-content\/uploads\/2024\/10\/241027-1-300x212.png 300w, https:\/\/marcali.plebania.hu\/wp-content\/uploads\/2024\/10\/241027-1-768x543.png 768w, https:\/\/marcali.plebania.hu\/wp-content\/uploads\/2024\/10\/241027-1-1536x1085.png 1536w, https:\/\/marcali.plebania.hu\/wp-content\/uploads\/2024\/10\/241027-1-382x270.png 382w, https:\/\/marcali.plebania.hu\/wp-content\/uploads\/2024\/10\/241027-1.png 1567w\" sizes=\"auto, (max-width: 1024px) 100vw, 1024px\" \/><\/figure>\n","protected":false},"excerpt":{"rendered":"<p>\u00c9vk\u00f6zi 30. vas\u00e1rnap<\/p>\n","protected":false},"author":1,"featured_media":0,"comment_status":"closed","ping_status":"open","sticky":false,"template":"","format":"standard","meta":{"footnotes":""},"categories":[3],"tags":[],"class_list":["post-6184","post","type-post","status-publish","format-standard","hentry","category-hirdetesek"],"_links":{"self":[{"href":"https:\/\/marcali.plebania.hu\/index.php?rest_route=\/wp\/v2\/posts\/6184","targetHints":{"allow":["GET"]}}],"collection":[{"href":"https:\/\/marcali.plebania.hu\/index.php?rest_route=\/wp\/v2\/posts"}],"about":[{"href":"https:\/\/marcali.plebania.hu\/index.php?rest_route=\/wp\/v2\/types\/post"}],"author":[{"embeddable":true,"href":"https:\/\/marcali.plebania.hu\/index.php?rest_route=\/wp\/v2\/users\/1"}],"replies":[{"embeddable":true,"href":"https:\/\/marcali.plebania.hu\/index.php?rest_route=%2Fwp%2Fv2%2Fcomments&post=6184"}],"version-history":[{"count":2,"href":"https:\/\/marcali.plebania.hu\/index.php?rest_route=\/wp\/v2\/posts\/6184\/revisions"}],"predecessor-version":[{"id":6188,"href":"https:\/\/marcali.plebania.hu\/index.php?rest_route=\/wp\/v2\/posts\/6184\/revisions\/6188"}],"wp:attachment":[{"href":"https:\/\/marcali.plebania.hu\/index.php?rest_route=%2Fwp%2Fv2%2Fmedia&parent=6184"}],"wp:term":[{"taxonomy":"category","embeddable":true,"href":"https:\/\/marcali.plebania.hu\/index.php?rest_route=%2Fwp%2Fv2%2Fcategories&post=6184"},{"taxonomy":"post_tag","embeddable":true,"href":"https:\/\/marcali.plebania.hu\/index.php?rest_route=%2Fwp%2Fv2%2Ftags&post=6184"}],"curies":[{"name":"wp","href":"https:\/\/api.w.org\/{rel}","templated":true}]}}