{"id":6193,"date":"2024-11-03T15:07:17","date_gmt":"2024-11-03T15:07:17","guid":{"rendered":"https:\/\/marcali.plebania.hu\/?p=6193"},"modified":"2024-11-03T15:14:11","modified_gmt":"2024-11-03T15:14:11","slug":"hirdetesek-2024-november-3-an","status":"publish","type":"post","link":"https:\/\/marcali.plebania.hu\/?p=6193","title":{"rendered":"Hirdet\u00e9sek 2024. november 3-\u00e1n"},"content":{"rendered":"\n<p><strong><a href=\"https:\/\/igenaptar.katolikus.hu\/2024\/nap\/index.php?holnap=2024-11-03\" target=\"_blank\" rel=\"noreferrer noopener\"><u>\u00c9vk\u00f6zi 31. vas\u00e1rnap<\/u><\/a><\/strong><\/p>\n\n\n\n<ol start=\"1\" class=\"wp-block-list\">\n<li>K\u00f6sz\u00f6nj\u00fck a leadott jel\u00f6l\u00e9seket a <strong>k\u00e9pvisel\u0151-test\u00fclet<\/strong>i<strong> <\/strong>tags\u00e1gra. A j\u00f6v\u0151 vas\u00e1rnapi szentmis\u00e9ken v\u00e1lasztunk: minden egyh\u00e1zi hozz\u00e1j\u00e1rul\u00e1st fizet\u0151 megkapja az \u00f6sszes\u00edtett jel\u00f6ltlist\u00e1t \u00e9s hat szem\u00e9lyt jel\u00f6lhet meg, akiket tagk\u00e9nt szeretne. Az a hat szem\u00e9ly ker\u00fcl be a test\u00fcletbe, aki a legt\u00f6bb szavazatot kapja.<\/li>\n\n\n\n<li>Az <strong>egyh\u00e1zi hozz\u00e1j\u00e1rul\u00e1s<\/strong> (m\u00e1s n\u00e9ven egyh\u00e1zi ad\u00f3) az egyh\u00e1zk\u00f6zs\u00e9g mint k\u00f6z\u00f6ss\u00e9g \u00e9s int\u00e9zm\u00e9ny m\u0171k\u00f6dtet\u00e9s\u00e9re befizetett \u00f6sszeg. Az egyh\u00e1zfenntart\u00e1sra sz\u00e1nt adom\u00e1nnyal nem k\u00edv\u00fclr\u0151l t\u00e1mogatunk egy t\u0151l\u00fcnk idegen int\u00e9zm\u00e9nyt, hanem a h\u00edvek tartj\u00e1k fenn saj\u00e1t k\u00f6z\u00f6ss\u00e9g\u00fcket, amelynek akt\u00edv tagjai, az\u00e1ltal is, hogy r\u00e9szt v\u00e1llalnak a k\u00f6z\u00f6ss\u00e9g \u00e9let\u00e9nek anyagi vonzataiban is. A p\u00fcsp\u00f6ki kar \u00e1ltal aj\u00e1nlott m\u00e9rt\u00e9ke: \u00e9venk\u00e9nt a nett\u00f3 munkab\u00e9r vagy nyugd\u00edj 1%-a, amit keres\u0151nk\u00e9nt fizet\u00fcnk. Ez havi 100 ezer forintonk\u00e9nt \u00e9vi 12 ezer forintot jelent. A k\u00e9pvisel\u0151-test\u00fclet \u00e1ltal meghat\u00e1rozott minimum \u00e9vi 4000 forint. Ebb\u0151l finansz\u00edrozzuk a pl\u00e9b\u00e1niai k\u00f6z\u00f6ss\u00e9gi terek \u2013 templomok, pl\u00e9b\u00e1nia, iroda, k\u00f6z\u00f6ss\u00e9gi termek \u2013 rezsik\u00f6lts\u00e9geit, a munkat\u00e1rsak b\u00e9r\u00e9t, \u00e9s ha m\u00e9g maradna p\u00e9nz\u00fcnk, a fejleszt\u00e9seket.<br>Az Egyh\u00e1z 5. parancsolata: <em>Lehet\u0151s\u00e9geid szerint seg\u00edtsd az Egyh\u00e1zat anyagi sz\u00fcks\u00e9gleteiben!<\/em> &#8211; eml\u00e9keztet arra, hogy az Egyh\u00e1z (j\u00f6vedelemmel rendelkez\u0151) tagjak\u00e9nt lelkiismereti k\u00f6teless\u00e9g\u00fcnk r\u00e9szt venni k\u00f6z\u00f6ss\u00e9g\u00fcnk \u00e9let\u00e9ben \u00fagy is, hogy annak kiad\u00e1saib\u00f3l is r\u00e9szt v\u00e1llalunk. K\u00f6sz\u00f6nj\u00fck mindenkinek, aki \u00edgy is seg\u00edti a pl\u00e9b\u00e1nia \u00e9let\u00e9t.<\/li>\n\n\n\n<li>A <strong>F\u00e9rfi-k\u00f6r<\/strong> k\u00f6vetkez\u0151 tal\u00e1lkoz\u00f3ja szerd\u00e1n 18:00-kor kezd\u0151dik a pl\u00e9b\u00e1ni\u00e1n. Szeretettel v\u00e1rjuk a tagokat \u00e9s az \u00e9rdekl\u0151d\u0151ket minden m\u00e1sodik h\u00e9ten.<\/li>\n\n\n\n<li>J\u00f6v\u0151 \u00e9vi katolikus <strong>kalend\u00e1rium<\/strong> \u00e9s <strong>napt\u00e1r<\/strong> a sekresty\u00e9ben kaphat\u00f3.<\/li>\n\n\n\n<li>Aki szeretne a j\u00f6v\u0151 \u00e9vi <strong>Sz\u00edvem els\u0151 gondolata<\/strong> c. k\u00f6nyvb\u0151l rendelni, mely napi elm\u00e9lked\u00e9seket \u00e9s im\u00e1ds\u00e1gokat tartalmaz, ma m\u00e9g feliratkozhat a sekresty\u00e9ben. A k\u00f6nyv \u00e1ra 2600 Ft.<\/li>\n\n\n\n<li><strong>Mi\u00e9rt hiszek?<\/strong> &#8211; c\u00edmmel \u00faj sorozatot kezd\u00fcnk, ahol a megh\u00edvott el\u0151ad\u00f3k tan\u00fas\u00e1got tesznek hit\u00fckr\u0151l. Els\u0151 vend\u00e9g\u00fcnk Varga L\u00e1szl\u00f3 p\u00fcsp\u00f6k atya lesz. <span style=\"text-decoration: underline;\">November 28-\u00e1n<\/span>, cs\u00fct\u00f6rt\u00f6k\u00f6n \u0151 fog mis\u00e9zni, ut\u00e1na pedig 18:15-t\u0151l hallgathatjuk meg el\u0151ad\u00e1s\u00e1t, tan\u00fas\u00e1gt\u00e9tel\u00e9t. Szeretettel h\u00edvunk r\u00e1 minden \u00e9rdekl\u0151d\u0151t.<\/li>\n\n\n\n<li>Minden h\u00f3nap <span style=\"text-decoration: underline;\">els\u0151 cs\u00fct\u00f6rt\u00f6k<\/span>i szentmis\u00e9j\u00e9t papok\u00e9rt \u00e9s papi hivat\u00e1sok\u00e9rt aj\u00e1nljuk fel.<\/li>\n\n\n\n<li>Az <strong>els\u0151p\u00e9ntekesek<\/strong> megl\u00e1togat\u00e1sa \u00e9s a gy\u00f3n\u00e1si lehet\u0151s\u00e9g a templomban ezen a p\u00e9nteken lesz (november 8.).<\/li>\n<\/ol>\n\n\n\n<p><\/p>\n\n\n\n<figure class=\"wp-block-image size-large\"><img loading=\"lazy\" decoding=\"async\" width=\"1024\" height=\"873\" src=\"https:\/\/marcali.plebania.hu\/wp-content\/uploads\/2024\/11\/241103-1-1024x873.png\" alt=\"\" class=\"wp-image-6196\" srcset=\"https:\/\/marcali.plebania.hu\/wp-content\/uploads\/2024\/11\/241103-1-1024x873.png 1024w, https:\/\/marcali.plebania.hu\/wp-content\/uploads\/2024\/11\/241103-1-300x256.png 300w, https:\/\/marcali.plebania.hu\/wp-content\/uploads\/2024\/11\/241103-1-768x655.png 768w, https:\/\/marcali.plebania.hu\/wp-content\/uploads\/2024\/11\/241103-1-317x270.png 317w, https:\/\/marcali.plebania.hu\/wp-content\/uploads\/2024\/11\/241103-1.png 1252w\" sizes=\"auto, (max-width: 1024px) 100vw, 1024px\" \/><\/figure>\n","protected":false},"excerpt":{"rendered":"<p>\u00c9vk\u00f6zi 31. vas\u00e1rnap<\/p>\n","protected":false},"author":1,"featured_media":0,"comment_status":"closed","ping_status":"open","sticky":false,"template":"","format":"standard","meta":{"footnotes":""},"categories":[3],"tags":[],"class_list":["post-6193","post","type-post","status-publish","format-standard","hentry","category-hirdetesek"],"_links":{"self":[{"href":"https:\/\/marcali.plebania.hu\/index.php?rest_route=\/wp\/v2\/posts\/6193","targetHints":{"allow":["GET"]}}],"collection":[{"href":"https:\/\/marcali.plebania.hu\/index.php?rest_route=\/wp\/v2\/posts"}],"about":[{"href":"https:\/\/marcali.plebania.hu\/index.php?rest_route=\/wp\/v2\/types\/post"}],"author":[{"embeddable":true,"href":"https:\/\/marcali.plebania.hu\/index.php?rest_route=\/wp\/v2\/users\/1"}],"replies":[{"embeddable":true,"href":"https:\/\/marcali.plebania.hu\/index.php?rest_route=%2Fwp%2Fv2%2Fcomments&post=6193"}],"version-history":[{"count":2,"href":"https:\/\/marcali.plebania.hu\/index.php?rest_route=\/wp\/v2\/posts\/6193\/revisions"}],"predecessor-version":[{"id":6197,"href":"https:\/\/marcali.plebania.hu\/index.php?rest_route=\/wp\/v2\/posts\/6193\/revisions\/6197"}],"wp:attachment":[{"href":"https:\/\/marcali.plebania.hu\/index.php?rest_route=%2Fwp%2Fv2%2Fmedia&parent=6193"}],"wp:term":[{"taxonomy":"category","embeddable":true,"href":"https:\/\/marcali.plebania.hu\/index.php?rest_route=%2Fwp%2Fv2%2Fcategories&post=6193"},{"taxonomy":"post_tag","embeddable":true,"href":"https:\/\/marcali.plebania.hu\/index.php?rest_route=%2Fwp%2Fv2%2Ftags&post=6193"}],"curies":[{"name":"wp","href":"https:\/\/api.w.org\/{rel}","templated":true}]}}